{"id":2068,"date":"2020-06-26T04:47:58","date_gmt":"2020-06-26T02:47:58","guid":{"rendered":"http:\/\/thevisitorpanama.net\/esp\/?p=2068"},"modified":"2022-03-15T22:45:51","modified_gmt":"2022-03-15T21:45:51","slug":"santo-domingo-pueblo-donde-se-cultiva-el-folclor","status":"publish","type":"post","link":"https:\/\/www.thevisitorpanama.info\/esp\/2020\/06\/26\/santo-domingo-pueblo-donde-se-cultiva-el-folclor\/","title":{"rendered":"Santo Domingo,  Pueblo Donde se Cultiva el Folclor"},"content":{"rendered":"\n<p>Foto Portada de Art\u00edculo: Orlando Abdiel Navarro Rodr\u00edguez<\/p>\n\n\n\n<p>Santo Domingo,  Pueblo Donde se Cultiva el Folclor<br> Santo Domingo es un pueblo pintoresco, con hombres y mujeres trabajadores, un lugar muy conocido y respetado por cultivar el folclor. En \u00e9l han nacido grandes personajes que le han dado gloria, no s\u00f3lo a su querido terru\u00f1o, sino a todo Panam\u00e1. Podemos mencionar a Lucy Ja\u00e9n, la m\u00e1s grande cantalante que ha tenido Panam\u00e1; a Italo Herrera, violinista de fama internacional, quien ha ganado muchos galardones; a Jos\u00e9 de los Santos Barrios, violinista y compositor, tambi\u00e9n con muchos galardones; a Arquimedes (Melly) Herrera, gran compositor, autor de \u201cQu\u00e9 lindo es Santo Domingo\u201d.<\/p>\n\n\n\n<figure class=\"wp-block-image\"><img decoding=\"async\" loading=\"lazy\" width=\"720\" height=\"386\" src=\"http:\/\/www.thevisitorpanama.info\/esp\/wp-content\/uploads\/2020\/06\/FB_IMG_1568658907926.jpg\" alt=\"\" class=\"wp-image-9757\"\/><\/figure>\n\n\n\n<p><br> <strong>Pueblo que Confecciona Tradici\u00f3n <\/strong><br> Tambi\u00e9n en Santo Domingo han nacido expertas mujeres tejedoras en mundillo, que confeccionan polleras, tembleques y todo lo concerniente a nuestro folclor. El martes de carnaval en Santo Domingo es de fama internacional por los desfiles de las tunas de Calle Arriba y Calle Abajo, con vistosas polleras, donde incluso mujeres empolleradas de pueblos aleda\u00f1os deciden participar por la gran tradici\u00f3n que encierra esta fiesta.<\/p>\n\n\n\n<div class=\"wp-block-image\"><figure class=\"alignright is-resized\"><img decoding=\"async\" loading=\"lazy\" src=\"http:\/\/www.thevisitorpanama.info\/esp\/wp-content\/uploads\/2020\/06\/FB_IMG_1592436546245-1.jpg\" alt=\"\" class=\"wp-image-9758\" width=\"320\" height=\"320\" srcset=\"https:\/\/www.thevisitorpanama.info\/esp\/wp-content\/uploads\/2020\/06\/FB_IMG_1592436546245-1.jpg 480w, https:\/\/www.thevisitorpanama.info\/esp\/wp-content\/uploads\/2020\/06\/FB_IMG_1592436546245-1-150x150.jpg 150w\" sizes=\"(max-width: 320px) 100vw, 320px\" \/><\/figure><\/div>\n\n\n\n<p><br> <strong>Corregimiento desde 1909<\/strong><br> Santo Domingo es un pueblo situado en la vertiente del Pac\u00edfico, a pocos kil\u00f3metros del puerto de Mensab\u00e9, y a tres minutos de la ciudad de Las Tablas, en la carretera hacia Pedas\u00ed. Pertenece al distrito de Las Tablas, provincia de Los Santos. Es un corregimiento desde 1909, cuando a\u00fan ten\u00eda el nombre de La Teta. El nombre de La Teta se debi\u00f3 a que muy cerca de all\u00ed, en las afueras, existe un cerro que tiene la forma id\u00e9ntica al seno de la mujer.<\/p>\n\n\n\n<figure class=\"wp-block-image\"><img decoding=\"async\" loading=\"lazy\" width=\"1024\" height=\"684\" src=\"http:\/\/www.thevisitorpanama.info\/esp\/wp-content\/uploads\/2020\/06\/IMG-20180821-WA0010-1024x684-1.jpg\" alt=\"\" class=\"wp-image-9759\"\/><\/figure>\n\n\n\n<p><br> En 1913 el p\u00e1rroco de Las Tablas, Padre Ceferino Arrue y Broce, le entreg\u00f3 a Pedro (Alc\u00e1ntaro) Vergara, oriundo de La Teta, la imagen de Santo Domingo de Guzm\u00e1n para que la llevara a su pueblo con el objetivo de que \u00e9ste santo fuera el patrono del poblado. En 1915 los lugare\u00f1os decidieron cambiarle el nombre de La Teta por el de Santo Domingo. Las fiestas patronales se inician con las novenas el 26 de julio y culminan el 4 de agosto, d\u00eda de la misa y del santo patrono.<\/p>\n\n\n\n<figure class=\"wp-block-image\"><img decoding=\"async\" loading=\"lazy\" width=\"750\" height=\"499\" src=\"http:\/\/www.thevisitorpanama.info\/esp\/wp-content\/uploads\/2020\/06\/IMG_20200312_162217_976-1.jpg\" alt=\"\" class=\"wp-image-9760\"\/><\/figure>\n\n\n\n<div class=\"wp-block-image\"><figure class=\"alignleft is-resized\"><img decoding=\"async\" loading=\"lazy\" src=\"http:\/\/www.thevisitorpanama.info\/esp\/wp-content\/uploads\/2020\/06\/FB_IMG_1592436555403-1.jpg\" alt=\"\" class=\"wp-image-9761\" width=\"275\" height=\"275\" srcset=\"https:\/\/www.thevisitorpanama.info\/esp\/wp-content\/uploads\/2020\/06\/FB_IMG_1592436555403-1.jpg 480w, https:\/\/www.thevisitorpanama.info\/esp\/wp-content\/uploads\/2020\/06\/FB_IMG_1592436555403-1-150x150.jpg 150w\" sizes=\"(max-width: 275px) 100vw, 275px\" \/><\/figure><\/div>\n\n\n\n<p><strong>Fiesta \u00danica en su Clase<\/strong><br> Este pueblo es el \u00fanico lugar del mundo donde se celebra la fiesta del \u201cPerote\u201d. La misma consiste en un paseo a la playa, cantando y bailando en tuna y embarr\u00e1ndose de lodo. Esta fiesta se celebra durante los meses de agosto, septiembre y octubre de cada a\u00f1o, y los cantos que se utilizan son propios de esa actividad.<br> Este hermoso pueblo cuenta con su propio alcantarillado, centro de salud, casa parroquial, un bien equipado matadero, un centro tur\u00edstico como la Playa El Uverito, el puerto de Mensab\u00e9, un moderno parque, cancha de baloncesto, un estadio de b\u00e9isbol, la Escuela Melquisidec V\u00e1squez y mucho m\u00e1s.<br> Por todo eso y mucho m\u00e1s, todos las personas que nacieron en \u00e9ste pueblo pintoresco  cantan con orgullo, \u201cqu\u00e9 lindo, qu\u00e9 lindo es Santo Domingo, si se\u00f1or; qu\u00e9 lindo, qu\u00e9 lindo es Santo Domingo\u00f1<\/p>\n\n\n\n<p><\/p>\n","protected":false},"excerpt":{"rendered":"<p>Foto Portada de Art\u00edculo: Orlando Abdiel Navarro Rodr\u00edguez Santo Domingo, Pueblo Donde se Cultiva el Folclor Santo Domingo es un pueblo pintoresco, con hombres y mujeres trabajadores, un lugar muy conocido y respetado por cultivar el folclor. En \u00e9l han nacido grandes personajes que le han dado gloria, no s\u00f3lo a su querido terru\u00f1o, sino [&hellip;]<\/p>\n","protected":false},"author":1,"featured_media":9756,"comment_status":"open","ping_status":"open","sticky":false,"template":"","format":"standard","meta":[],"categories":[30],"tags":[],"_links":{"self":[{"href":"https:\/\/www.thevisitorpanama.info\/esp\/wp-json\/wp\/v2\/posts\/2068"}],"collection":[{"href":"https:\/\/www.thevisitorpanama.info\/esp\/wp-json\/wp\/v2\/posts"}],"about":[{"href":"https:\/\/www.thevisitorpanama.info\/esp\/wp-json\/wp\/v2\/types\/post"}],"author":[{"embeddable":true,"href":"https:\/\/www.thevisitorpanama.info\/esp\/wp-json\/wp\/v2\/users\/1"}],"replies":[{"embeddable":true,"href":"https:\/\/www.thevisitorpanama.info\/esp\/wp-json\/wp\/v2\/comments?post=2068"}],"version-history":[{"count":7,"href":"https:\/\/www.thevisitorpanama.info\/esp\/wp-json\/wp\/v2\/posts\/2068\/revisions"}],"predecessor-version":[{"id":9762,"href":"https:\/\/www.thevisitorpanama.info\/esp\/wp-json\/wp\/v2\/posts\/2068\/revisions\/9762"}],"wp:featuredmedia":[{"embeddable":true,"href":"https:\/\/www.thevisitorpanama.info\/esp\/wp-json\/wp\/v2\/media\/9756"}],"wp:attachment":[{"href":"https:\/\/www.thevisitorpanama.info\/esp\/wp-json\/wp\/v2\/media?parent=2068"}],"wp:term":[{"taxonomy":"category","embeddable":true,"href":"https:\/\/www.thevisitorpanama.info\/esp\/wp-json\/wp\/v2\/categories?post=2068"},{"taxonomy":"post_tag","embeddable":true,"href":"https:\/\/www.thevisitorpanama.info\/esp\/wp-json\/wp\/v2\/tags?post=2068"}],"curies":[{"name":"wp","href":"https:\/\/api.w.org\/{rel}","templated":true}]}}