{"id":20656,"date":"2026-03-10T21:12:03","date_gmt":"2026-03-11T02:12:03","guid":{"rendered":"https:\/\/www.thevisitorpanama.info\/esp\/?p=20656"},"modified":"2026-03-10T21:20:14","modified_gmt":"2026-03-11T02:20:14","slug":"20656","status":"publish","type":"post","link":"https:\/\/www.thevisitorpanama.info\/esp\/2026\/03\/10\/20656\/","title":{"rendered":"Panam\u00e1 Abre las Puertas de Expocomer, Expo Log\u00edstica, Expo Turismo Internacional, Expo Tech y Expo El\u00e9ctrica Internacional"},"content":{"rendered":"\n<p>Panam\u00e1 se consolida como el Hub de Negocios de la regi\u00f3n con la inauguraci\u00f3n de EXPOCOMER y el bloque ferial 2026 de la CCIAP: turismo, log\u00edstica, electricidad y tecnolog\u00eda<\/p>\n\n\n\n<p>M\u00e1s de 15 misiones comerciales internacionales llegan al pa\u00eds para concretar alianzas estrat\u00e9gicas.<\/p>\n\n\n\n<p>La exhibici\u00f3n estar\u00e1 abierta al p\u00fablico y compradores especializados del&nbsp;10 al 12 de marzo, en horario de&nbsp;9:00 a.m. a 8:00 p.m.<\/p>\n\n\n\n<p>Grecia y Suiza participan por primera vez como pa\u00edses expositores.<\/p>\n\n\n\n<figure class=\"wp-block-image size-full\"><img decoding=\"async\" loading=\"lazy\" width=\"1392\" height=\"924\" src=\"https:\/\/www.thevisitorpanama.info\/esp\/wp-content\/uploads\/2026\/03\/Compress_20260310_210711_1891-1.jpg\" alt=\"\" class=\"wp-image-20662\" srcset=\"https:\/\/www.thevisitorpanama.info\/esp\/wp-content\/uploads\/2026\/03\/Compress_20260310_210711_1891-1.jpg 1392w, https:\/\/www.thevisitorpanama.info\/esp\/wp-content\/uploads\/2026\/03\/Compress_20260310_210711_1891-1-768x510.jpg 768w\" sizes=\"(max-width: 1392px) 100vw, 1392px\" \/><\/figure>\n\n\n\n<p>(Panam\u00e1, 10 de marzo de 2026). Por espacio de tres d\u00edas, Panam\u00e1 abre sus puertas al mundo para recibir a delegaciones de m\u00e1s de 30 pa\u00edses en una cita sin precedentes para el comercio y la inversi\u00f3n. La C\u00e1mara de Comercio, Industrias y Agricultura de Panam\u00e1 (CCIAP) inaugur\u00f3 oficialmente hoy el bloque de exposiciones m\u00e1s importante de la regi\u00f3n:&nbsp;EXPOCOMER, EXPO LOG\u00cdSTICA PANAM\u00c1, EXPO TURISMO INTERNACIONAL, EXPO TECH y EXPO EL\u00c9CTRICA INTERNACIONAL 2026.<\/p>\n\n\n\n<p>El acto de apertura, realizado en el Panama Convention Center, fue liderado Juan Carlos Orillac, ministro de la Presidencia en representaci\u00f3n del presidente de la Rep\u00fablica de Panam\u00e1, Jos\u00e9 Ra\u00fal Mulino; Gianpiero Leoncini, vicepresidente ejecutivo CAF\u00a0-banco de desarrollo de Am\u00e9rica Latina y el Caribe- y Orador de Fondo de Expocomer, quienes acompa\u00f1aron a los l\u00edderes del gremio empresarial en el tradicional corte de cinta. Juan Arias, presidente de la CCIAP; y\u00a0Aurelio Barr\u00eda Pino, presidente de la Comisi\u00f3n Organizadora de Exposiciones, Eventos y Formaci\u00f3n Profesional de la C\u00e1mara.<\/p>\n\n\n\n<figure class=\"wp-block-image size-full\"><img decoding=\"async\" loading=\"lazy\" width=\"1392\" height=\"924\" src=\"https:\/\/www.thevisitorpanama.info\/esp\/wp-content\/uploads\/2026\/03\/Compress_20260310_210712_2233.jpg\" alt=\"\" class=\"wp-image-20664\" srcset=\"https:\/\/www.thevisitorpanama.info\/esp\/wp-content\/uploads\/2026\/03\/Compress_20260310_210712_2233.jpg 1392w, https:\/\/www.thevisitorpanama.info\/esp\/wp-content\/uploads\/2026\/03\/Compress_20260310_210712_2233-768x510.jpg 768w\" sizes=\"(max-width: 1392px) 100vw, 1392px\" \/><\/figure>\n\n\n\n<p>Asimismo, se destac\u00f3 la presencia de Astrid Abrego, viceministra de Comercio Exterior;&nbsp;Eduardo Ortega-Barr\u00eda, secretario nacional de Ciencia, Tecnolog\u00eda e Innovaci\u00f3n, y&nbsp;Alberto Larios, presidente del Comit\u00e9 Organizador de Expo El\u00e9ctrica Internacional-Panam\u00e1, subrayando el fuerte componente tecnol\u00f3gico y energ\u00e9tico de esta edici\u00f3n. Al evento asistieron altas autoridades gubernamentales, miembros del cuerpo diplom\u00e1tico acreditado en Panam\u00e1, representantes de empresas expositoras e invitados especiales.<\/p>\n\n\n\n<p>Aurelio Barr\u00eda Pino, presidente de la Comisi\u00f3n Organizadora de las Expos 2026, destac\u00f3 que \u201ccada edici\u00f3n que inauguramos es la continuidad de una visi\u00f3n que honra nuestra historia y proyecta nuestro futuro. Integramos estas cinco ferias como una oferta integral que muestra al mundo todo lo que Panam\u00e1 puede ofrecer. Esta evoluci\u00f3n ocurre en un contexto pa\u00eds que entiende la importancia de fortalecer su reputaci\u00f3n, estabilidad y proyecci\u00f3n internacional\u201d.<\/p>\n\n\n\n<figure class=\"wp-block-image size-full\"><img decoding=\"async\" loading=\"lazy\" width=\"1392\" height=\"924\" src=\"https:\/\/www.thevisitorpanama.info\/esp\/wp-content\/uploads\/2026\/03\/Compress_20260310_210713_3087.jpg\" alt=\"\" class=\"wp-image-20665\" srcset=\"https:\/\/www.thevisitorpanama.info\/esp\/wp-content\/uploads\/2026\/03\/Compress_20260310_210713_3087.jpg 1392w, https:\/\/www.thevisitorpanama.info\/esp\/wp-content\/uploads\/2026\/03\/Compress_20260310_210713_3087-768x510.jpg 768w\" sizes=\"(max-width: 1392px) 100vw, 1392px\" \/><\/figure>\n\n\n\n<p>El empresario subray\u00f3 que la integraci\u00f3n de las cinco exposiciones ha permitido alcanzar resultados significativos para el pa\u00eds. Actualmente, estas ferias representan m\u00e1s de 200 millones de d\u00f3lares en transacciones comerciales entre expositores y compradores de m\u00e1s de 30 pa\u00edses, generan 45 millones de d\u00f3lares en derrama econ\u00f3mica y suman alrededor de 10,000 noches de hotel en Panam\u00e1.<\/p>\n\n\n\n<p>Barr\u00eda Pino tambi\u00e9n reconoci\u00f3 el rol del Gobierno Nacional en la atracci\u00f3n de inversiones y en el fortalecimiento del clima de negocios. \u201cLa disciplina fiscal y el compromiso con la estabilidad env\u00edan un mensaje claro: Panam\u00e1 es un pa\u00eds serio, responsable y confiable. Expocomer no solo exhibe productos; aqu\u00ed se concretan acuerdos, se construyen alianzas estrat\u00e9gicas reales y se abren nuevos mercados\u201d, afirm\u00f3.<\/p>\n\n\n\n<figure class=\"wp-block-image size-full\"><img decoding=\"async\" loading=\"lazy\" width=\"1392\" height=\"924\" src=\"https:\/\/www.thevisitorpanama.info\/esp\/wp-content\/uploads\/2026\/03\/Compress_20260310_210711_1722.jpg\" alt=\"\" class=\"wp-image-20666\" srcset=\"https:\/\/www.thevisitorpanama.info\/esp\/wp-content\/uploads\/2026\/03\/Compress_20260310_210711_1722.jpg 1392w, https:\/\/www.thevisitorpanama.info\/esp\/wp-content\/uploads\/2026\/03\/Compress_20260310_210711_1722-768x510.jpg 768w\" sizes=\"(max-width: 1392px) 100vw, 1392px\" \/><\/figure>\n\n\n\n<p>Asimismo, invit\u00f3 a los visitantes internacionales a recorrer tanto la feria como la ciudad, destacando que hacer negocios en Panam\u00e1 tambi\u00e9n implica experimentar la cultura y la biodiversidad de un pa\u00eds preparado para liderar desde su conexi\u00f3n global.<\/p>\n\n\n\n<p>Por su parte, Juan Arias, presidente de la CCIAP, envi\u00f3 un mensaje de apertura y cooperaci\u00f3n internacional. \u201cEl sector privado paname\u00f1o est\u00e1 listo para presentarse ante el mundo como un socio confiable y competitivo. Panam\u00e1 no es solo una ubicaci\u00f3n estrat\u00e9gica; es una plataforma estrat\u00e9gica para generar crecimiento y oportunidades. Y estas cinco exposiciones son una muestra clara de la forma en que Panam\u00e1 se abre al mundo para hacer negocios\u201d, afirm\u00f3.<\/p>\n\n\n\n<figure class=\"wp-block-image size-full is-resized\"><img decoding=\"async\" loading=\"lazy\" src=\"https:\/\/www.thevisitorpanama.info\/esp\/wp-content\/uploads\/2026\/03\/Compress_20260310_210712_2552.jpg\" alt=\"\" class=\"wp-image-20668\" width=\"321\" height=\"158\"\/><\/figure>\n\n\n\n<p>Arias destac\u00f3 que, \u201cen un mundo cada vez m\u00e1s fragmentado, los pa\u00edses que prosperar\u00e1n ser\u00e1n aquellos capaces de convertirse en puntos de encuentro. Panam\u00e1 tiene todas las condiciones para ser ese lugar donde se conectan mercados, se construyen acuerdos y se generan nuevas oportunidades\u201d.<\/p>\n\n\n\n<p>Al cierre, reafirm\u00f3 el compromiso del gremio empresarial con el desarrollo del pa\u00eds, \u201cen la C\u00e1mara de Comercio tenemos la camisa de Panam\u00e1 puesta. Porque servir a Panam\u00e1 no es un privilegio\u2026 es un deber. A nuestros empresarios paname\u00f1os les digo: este es su momento para conectar, conversar y construir alianzas. Y a quienes hoy nos visitan desde distintas partes del mundo: bienvenidos a Panam\u00e1\u201d.<\/p>\n\n\n\n<figure class=\"wp-block-image size-full\"><img decoding=\"async\" loading=\"lazy\" width=\"1392\" height=\"924\" src=\"https:\/\/www.thevisitorpanama.info\/esp\/wp-content\/uploads\/2026\/03\/Compress_20260310_210711_1537.jpg\" alt=\"\" class=\"wp-image-20671\" srcset=\"https:\/\/www.thevisitorpanama.info\/esp\/wp-content\/uploads\/2026\/03\/Compress_20260310_210711_1537.jpg 1392w, https:\/\/www.thevisitorpanama.info\/esp\/wp-content\/uploads\/2026\/03\/Compress_20260310_210711_1537-768x510.jpg 768w\" sizes=\"(max-width: 1392px) 100vw, 1392px\" \/><\/figure>\n\n\n\n<p>En tanto, Gianpiero Leoncini, Orador de Fondo y vicepresidente ejecutivo del CAF&nbsp;-Banco de Desarrollo de Am\u00e9rica Latina y el Caribe, desde julio de 2024, quien es la m\u00e1s alta autoridad internacional de esta entidad bancaria despu\u00e9s del Presidente Ejecutivo, disert\u00f3 sobre el compromiso regional con el desarrollo sostenible, la integraci\u00f3n latinoamericana y el fortalecimiento del sector productivo.<\/p>\n\n\n\n<p>Este peruano es el responsable de la gesti\u00f3n operativa interna en temas relacionados con la planificaci\u00f3n, el presupuesto, el control de operaciones, la medici\u00f3n de impacto, el capital humano, la tecnolog\u00eda, la infraestructura f\u00edsica, la administraci\u00f3n y el seguimiento de la estrategia corporativa.<\/p>\n\n\n\n<figure class=\"wp-block-image size-full\"><img decoding=\"async\" loading=\"lazy\" width=\"1392\" height=\"924\" src=\"https:\/\/www.thevisitorpanama.info\/esp\/wp-content\/uploads\/2026\/03\/Compress_20260310_210712_2743.jpg\" alt=\"\" class=\"wp-image-20672\" srcset=\"https:\/\/www.thevisitorpanama.info\/esp\/wp-content\/uploads\/2026\/03\/Compress_20260310_210712_2743.jpg 1392w, https:\/\/www.thevisitorpanama.info\/esp\/wp-content\/uploads\/2026\/03\/Compress_20260310_210712_2743-768x510.jpg 768w\" sizes=\"(max-width: 1392px) 100vw, 1392px\" \/><\/figure>\n\n\n\n<p>Innovaci\u00f3n en las ferias<\/p>\n\n\n\n<p>Como parte de las innovaciones de esta edici\u00f3n, se eliminar\u00e1n m\u00e1s de 10,000 pases impresos, dando bienvenida a un sistema digital. Cada expositor y cada pa\u00eds contar\u00e1 con c\u00f3digos QR personalizados para invitar directamente a sus clientes, mientras que los miembros de la CCIAP dispondr\u00e1n de QR de acceso expedito.<\/p>\n\n\n\n<p>Pa\u00edses participantes<\/p>\n\n\n\n<p>La confianza internacional en la plataforma comercial de Panam\u00e1 se refleja en la participaci\u00f3n masiva de delegaciones de tres continentes. En esta edici\u00f3n,&nbsp;Grecia y Suiza debutan como pa\u00edses expositores, marcando un hito en la expansi\u00f3n de la feria hacia nuevos mercados europeos y enviando una se\u00f1al clara de la seriedad y el alcance global del evento.<\/p>\n\n\n\n<p>La representaci\u00f3n por regiones se distribuye de la siguiente manera:<\/p>\n\n\n\n<p>Am\u00e9rica Latina y el Caribe:&nbsp;Argentina, Brasil, Chile, Canad\u00e1, Colombia, Costa Rica, Ecuador, El Salvador, Estados Unidos, Guatemala, M\u00e9xico, Paraguay, Per\u00fa, Puerto Rico, Rep\u00fablica Dominicana y Trinidad y Tobago.<\/p>\n\n\n\n<p>Europa:&nbsp;Italia, Grecia, Polonia, Turqu\u00eda y Suiza.<\/p>\n\n\n\n<p>Asia y Medio Oriente:&nbsp;Corea, India, Indonesia, Rep\u00fablica Popular China y Emiratos \u00c1rabes Unidos.<\/p>\n\n\n\n<p>Como pa\u00eds anfitri\u00f3n,&nbsp;Panam\u00e1&nbsp;mantiene una presencia destacada, reafirmando su rol como facilitador del intercambio comercial.<\/p>\n\n\n\n<p>Respaldo de organismos multilaterales<\/p>\n\n\n\n<p>A la oferta ferial se suman organismos como la Organizaci\u00f3n Internacional para las Migraciones (OIM), la Secretar\u00eda de Integraci\u00f3n Econ\u00f3mica Centroamericana (SIECA) y la Federaci\u00f3n de C\u00e1maras de Comercio del Istmo Centroamericano (FECAMCO), adem\u00e1s de pymes de Argentina.<\/p>\n\n\n\n<p>Entre las iniciativas destacadas figura el pabell\u00f3n #SomosParte, impulsado por la OIM con apoyo de la cooperaci\u00f3n sueca, que reafirma el compromiso de EXPOCOMER no solo con la promoci\u00f3n del comercio y la inversi\u00f3n, sino tambi\u00e9n con los derechos humanos. En este contexto, SIECA resalta su rol en la facilitaci\u00f3n del comercio y la integraci\u00f3n econ\u00f3mica regional \u2014proceso que Panam\u00e1 impulsa este a\u00f1o al ejercer la Presidencia Pro Tempore\u2014 mientras que FECAMCO presenta el Segundo Pabell\u00f3n Centroamericano de Mujeres Exportadoras, donde 14 empresarias seleccionadas entre m\u00e1s de 50 l\u00edderes regionales exhiben la diversidad de la oferta exportable centroamericana, desde soluciones tecnol\u00f3gicas hasta productos de agroindustria y moda artesanal.<\/p>\n\n\n\n<p>Misiones comerciales: El motor de las inversiones<\/p>\n\n\n\n<p>Este a\u00f1o, la fuerza de los negocios se potencia con la llegada de&nbsp;15 misiones comerciales, integradas por compradores y empresarios de alto nivel que buscan en Panam\u00e1 un socio estrat\u00e9gico. Entre las delegaciones presentes destacan:<\/p>\n\n\n\n<p>M\u00e9xico:&nbsp;Consejo Empresarial Mexicano de Comercio Exterior, Inversi\u00f3n y Tecnolog\u00eda (COMCE Veracruz).<\/p>\n\n\n\n<p>Cono Sur:&nbsp;Brasil (CCM Industria y Comercio de Productos Desechables), Argentina (Gobierno de Tucum\u00e1n) y Uruguay (C\u00e1mara Nacional de Comercio y Servicios).<\/p>\n\n\n\n<p>Centroam\u00e9rica:&nbsp;Guatemala (C\u00e1mara de Comercio e Industrias), Costa Rica (CRECEX-C\u00e1mara de Comercio Exterior), El Salvador (PROCOMER y C\u00e1mara de Comercio) y Honduras (C\u00e1mara de Comercio e Industrias de Tegucigalpa).<\/p>\n\n\n\n<p>Regi\u00f3n Andina y Caribe:&nbsp;Colombia (COEXPORT), Ecuador (Ecuador de Emprendedores) y Rep\u00fablica Dominicana (PROCOMER).<\/p>\n\n\n\n<p>Detalle de las Exposiciones:<\/p>\n\n\n\n<p>EXPOCOMER (42\u00aa edici\u00f3n):&nbsp;La \u201cVitrina del Comercio Mundial\u201d ocupa m\u00e1s de 16,000 m\u00b2 con categor\u00edas de alimentos, textiles, cosm\u00e9ticos y manufactura, reuniendo a m\u00e1s de 600 empresas.<\/p>\n\n\n\n<p>EXPO LOG\u00cdSTICA PANAM\u00c1 (18 \u00aa edici\u00f3n):&nbsp;En alianza con SENACYT, destaca tendencias en transporte y tecnolog\u00eda, consolidando el rol log\u00edstico del pa\u00eds. El evento incluye un congreso especializado con paneles, conferencias y espacios de Networking.<\/p>\n\n\n\n<p>EXPO TURISMO INTERNACIONAL (15\u00aa edici\u00f3n):&nbsp;Conecta a m\u00e1s de 100 compradores internacionales de mercados estrat\u00e9gicos como Estados Unidos, Canad\u00e1, M\u00e9xico, Brasil, Colombia, Ecuador, Per\u00fa, Argentina, Uruguay, Chile, Paraguay, Rep\u00fablica Dominicana, Honduras, Costa Rica y Portugal, enfoc\u00e1ndose en los segmentos Leisure y MICE.<\/p>\n\n\n\n<p>EXPO TECH (7 \u00aa edici\u00f3n): dirigida a l\u00edderes del sector tecnol\u00f3gico, emprendedores y proveedores, ofreciendo un espacio para explorar innovaci\u00f3n, transformaci\u00f3n digital, conferencias especializadas y Networking.<\/p>\n\n\n\n<p>EXPO EL\u00c9CTRICA INTERNACIONAL_PANAM\u00c1 (2 \u00aa edici\u00f3n):&nbsp;En alianza con Vanexpo M\u00e9xico, consolida a Panam\u00e1 como punto estrat\u00e9gico para el desarrollo de negocios en energ\u00eda, que incluye espacios dedicados a la transformaci\u00f3n digital y la transici\u00f3n hacia energ\u00edas limpias.<\/p>\n\n\n\n<p>Eventos paralelos<\/p>\n\n\n\n<p>Como valor agregado, durante los tres d\u00edas de exhibici\u00f3n se desarrollar\u00e1n diversas actividades paralelas que reunir\u00e1n a m\u00e1s de&nbsp;50 especialistas nacionales e internacionales. Esta agenda est\u00e1 dise\u00f1ada para actualizar al sector empresarial en temas econ\u00f3micos, log\u00edsticos, tecnol\u00f3gico, franquicias, electricidad, de mercadeo y oportunidades de inversi\u00f3n.<\/p>\n\n\n\n<p>Entre los eventos m\u00e1s destacados se encuentran:<\/p>\n\n\n\n<p>FIF Summit Panam\u00e1 2026-Congreso Internacional de Franquicias \/11 de marzo:&nbsp;Reunir\u00e1 a m\u00e1s de 150 inversionistas y franquiciatarios para analizar modelos de negocio escalables en la regi\u00f3n, posicionando a Panam\u00e1 como plataforma estrat\u00e9gica para la expansi\u00f3n de capital.<\/p>\n\n\n\n<p>Congreso EXPO LOG\u00cdSTICA PANAM\u00c1\/EXPO TECH\/11 y 12 marzo:&nbsp;Durante dos d\u00edas se abordar\u00e1 el&nbsp;&#8220;Comercio Internacional de Bienes: Desaf\u00edos, Estrategias, Tendencias y Tecnolog\u00eda&#8221;, un espacio de alto nivel para la profesionalizaci\u00f3n del sector.<\/p>\n\n\n\n<p>Conferencia EXPO TURISMO Internacional:&nbsp;Bajo el t\u00edtulo&nbsp;\u201cPanam\u00e1: Donde los Negocios se encuentran con el Placer\u201d, se explorar\u00e1n las nuevas tendencias del sector MICE y de experiencias.<\/p>\n\n\n\n<p>Foro de Salud\/11 de marzo:&nbsp;La quinta edici\u00f3n del&nbsp;Foro de Salud: Panam\u00e1 como centro de innovaci\u00f3n&nbsp;<\/p>\n\n\n\n<p>EXPO EL\u00c9CTRICA\/12 de marzo: se ofrecer\u00e1n conferencias t\u00e9cnicas sin costo, enfocadas en innovaci\u00f3n, eficiencia y energ\u00eda.<\/p>\n\n\n\n<p>Inclusi\u00f3n y Alianzas\/12 de marzo:&nbsp;El&nbsp;Foro Centroamericano sobre Empresas Lideradas por Mujeres, organizado por la Federaci\u00f3n de C\u00e1maras de Comercio del Istmo Centroamericano (FECAMCO)<\/p>\n\n\n\n<p>Hitos y Premiaciones<\/p>\n\n\n\n<p>El marco de las exposiciones ser\u00e1 tambi\u00e9n el escenario de eventos institucionales de gran relevancia:<\/p>\n\n\n\n<p>Premio Nacional a la Innovaci\u00f3n Empresarial 2025\/11 de marzo:&nbsp;Reconociendo el ingenio paname\u00f1o.<\/p>\n\n\n\n<p>Ruedas de Negocios:&nbsp;La 11\u00aa Rueda Internacional de EXPOCOMER y la rueda especializada de EXPO LOG\u00cdSTICA Panam\u00e1, motores principales de las transacciones del evento.<\/p>\n\n\n\n<p>Elecciones CCIAP\/12 de marzo:&nbsp;El gremio llevar\u00e1 a cabo sus elecciones para escoger a la&nbsp;Junta Directiva 2026-2027, reafirmando su compromiso con la democracia empresarial.<\/p>\n\n\n\n<p>Horario de las ferias<\/p>\n\n\n\n<p>La exhibici\u00f3n estar\u00e1 abierta al p\u00fablico y compradores especializados del&nbsp;10 al 12 de marzo, en horario de&nbsp;9:00 a.m. a 8:00 p.m.&nbsp;Los boletos est\u00e1n disponibles en panatickets.com y en taquillas del evento.<\/p>\n\n\n\n<p>Para conocer m\u00e1s informaci\u00f3n de estas exposiciones se puede descargar la App FeriasCCIAP en Google\/App Store o llamar al (507) 207-34-34.<\/p>\n\n\n\n<p>Sobre la C\u00e1mara de Comercio, Industrias y Agricultura de Panam\u00e1<\/p>\n\n\n\n<p>La C\u00e1mara de Comercio, Industrias y Agricultura de Panam\u00e1 (CCIAP), principal gremio del sector privado fue fundada el 17 de mayo de 1915 con el prop\u00f3sito de promover, conectar y defender a la empresa privada. Actualmente, cuenta con m\u00e1s de 1,800 empresas miembros, organizadas en 15 sectores representativos de la econom\u00eda nacional. La CCIAP trabaja activamente para impulsar el desarrollo del comercio, la industria, la agricultura y los servicios, adem\u00e1s de contribuir al an\u00e1lisis y soluci\u00f3n de los desaf\u00edos econ\u00f3micos y sociales que impactan al pa\u00eds.<\/p>\n","protected":false},"excerpt":{"rendered":"<p>Panam\u00e1 se consolida como el Hub de Negocios de la regi\u00f3n con la inauguraci\u00f3n de EXPOCOMER y el bloque ferial 2026 de la CCIAP: turismo, log\u00edstica, electricidad y tecnolog\u00eda M\u00e1s de 15 misiones comerciales internacionales llegan al pa\u00eds para concretar alianzas estrat\u00e9gicas. La exhibici\u00f3n estar\u00e1 abierta al p\u00fablico y compradores especializados del&nbsp;10 al 12 de [&hellip;]<\/p>\n","protected":false},"author":1,"featured_media":20661,"comment_status":"open","ping_status":"open","sticky":false,"template":"","format":"standard","meta":[],"categories":[44],"tags":[],"_links":{"self":[{"href":"https:\/\/www.thevisitorpanama.info\/esp\/wp-json\/wp\/v2\/posts\/20656"}],"collection":[{"href":"https:\/\/www.thevisitorpanama.info\/esp\/wp-json\/wp\/v2\/posts"}],"about":[{"href":"https:\/\/www.thevisitorpanama.info\/esp\/wp-json\/wp\/v2\/types\/post"}],"author":[{"embeddable":true,"href":"https:\/\/www.thevisitorpanama.info\/esp\/wp-json\/wp\/v2\/users\/1"}],"replies":[{"embeddable":true,"href":"https:\/\/www.thevisitorpanama.info\/esp\/wp-json\/wp\/v2\/comments?post=20656"}],"version-history":[{"count":4,"href":"https:\/\/www.thevisitorpanama.info\/esp\/wp-json\/wp\/v2\/posts\/20656\/revisions"}],"predecessor-version":[{"id":20673,"href":"https:\/\/www.thevisitorpanama.info\/esp\/wp-json\/wp\/v2\/posts\/20656\/revisions\/20673"}],"wp:featuredmedia":[{"embeddable":true,"href":"https:\/\/www.thevisitorpanama.info\/esp\/wp-json\/wp\/v2\/media\/20661"}],"wp:attachment":[{"href":"https:\/\/www.thevisitorpanama.info\/esp\/wp-json\/wp\/v2\/media?parent=20656"}],"wp:term":[{"taxonomy":"category","embeddable":true,"href":"https:\/\/www.thevisitorpanama.info\/esp\/wp-json\/wp\/v2\/categories?post=20656"},{"taxonomy":"post_tag","embeddable":true,"href":"https:\/\/www.thevisitorpanama.info\/esp\/wp-json\/wp\/v2\/tags?post=20656"}],"curies":[{"name":"wp","href":"https:\/\/api.w.org\/{rel}","templated":true}]}}