{"id":19785,"date":"2025-11-19T17:15:45","date_gmt":"2025-11-19T22:15:45","guid":{"rendered":"https:\/\/www.thevisitorpanama.info\/esp\/?p=19785"},"modified":"2025-11-19T17:23:02","modified_gmt":"2025-11-19T22:23:02","slug":"la-villa-de-los-santos-cuna-cultural-de-azuero-y-pilar-de-la-independencia-de-panama","status":"publish","type":"post","link":"https:\/\/www.thevisitorpanama.info\/esp\/2025\/11\/19\/la-villa-de-los-santos-cuna-cultural-de-azuero-y-pilar-de-la-independencia-de-panama\/","title":{"rendered":"La Villa de Los Santos: Cuna Cultural de Azuero y Pilar de la Independencia de Panam\u00e1"},"content":{"rendered":"\n<p>La Villa de Los Santos ocupa un lugar central en la historia y la identidad cultural de Panam\u00e1. Su riqueza no reside solo en sus hechos hist\u00f3ricos, sino en un entramado vivo de expresiones que han sido resguardadas durante siglos. Esta combinaci\u00f3n \u2014tradici\u00f3n, memoria y comunidad\u2014 convierte al distrito en el epicentro cultural de Azuero y en un s\u00edmbolo nacional de valent\u00eda.<\/p>\n\n\n\n<figure class=\"wp-block-image size-full\"><img decoding=\"async\" loading=\"lazy\" width=\"1536\" height=\"1152\" src=\"https:\/\/www.thevisitorpanama.info\/esp\/wp-content\/uploads\/2025\/11\/Compress_20251118_152356_6170.jpg\" alt=\"\" class=\"wp-image-19794\" srcset=\"https:\/\/www.thevisitorpanama.info\/esp\/wp-content\/uploads\/2025\/11\/Compress_20251118_152356_6170.jpg 1536w, https:\/\/www.thevisitorpanama.info\/esp\/wp-content\/uploads\/2025\/11\/Compress_20251118_152356_6170-768x576.jpg 768w, https:\/\/www.thevisitorpanama.info\/esp\/wp-content\/uploads\/2025\/11\/Compress_20251118_152356_6170-80x60.jpg 80w, https:\/\/www.thevisitorpanama.info\/esp\/wp-content\/uploads\/2025\/11\/Compress_20251118_152356_6170-100x75.jpg 100w, https:\/\/www.thevisitorpanama.info\/esp\/wp-content\/uploads\/2025\/11\/Compress_20251118_152356_6170-180x135.jpg 180w, https:\/\/www.thevisitorpanama.info\/esp\/wp-content\/uploads\/2025\/11\/Compress_20251118_152356_6170-238x178.jpg 238w\" sizes=\"(max-width: 1536px) 100vw, 1536px\" \/><\/figure>\n\n\n\n<p><strong>Manifestaciones Culturales Sante\u00f1as<\/strong><\/p>\n\n\n\n<p>En La Villa, la cultura se vive a trav\u00e9s de manifestaciones profundamente arraigadas que definen el car\u00e1cter sante\u00f1o. Destacan la confecci\u00f3n artesanal de la pollera, uno de los trajes tradicionales m\u00e1s elaborados del mundo; la fuerza r\u00edtmica de la tamborera, que con sus toques han acompa\u00f1ado generaciones; el dinamismo de las tunas sante\u00f1as, que recorren las calles durante fiestas patronales; as\u00ed como la elaboraci\u00f3n de m\u00e1scaras y artesan\u00edas que preservan t\u00e9cnicas preservadas a lo largo de los a\u00f1os. A ello se suman la tradici\u00f3n del Festival de la Mejorana, festividades religiosas, la gastronom\u00eda t\u00edpica y la transmisi\u00f3n oral de cantos, d\u00e9cimas y bailes. Este conjunto de pr\u00e1cticas, sostenidas a lo largo del tiempo por familias locales, mantiene viva la esencia cultural de Azuero y fortalece el v\u00ednculo comunitario.<\/p>\n\n\n\n<p>La influencia de estas familias ha sido decisiva. Desde oficios artesanales hasta liderazgo en celebraciones y estructuras c\u00edvicas, su participaci\u00f3n constante ha permitido que estas tradiciones no se diluyan, sino que se fortalezcan generaci\u00f3n tras generaci\u00f3n. Gracias a este tejido social, La Villa se convirti\u00f3 en un territorio organizado, unido y con una profunda conciencia colectiva.<\/p>\n\n\n\n<figure class=\"wp-block-image size-full\"><img decoding=\"async\" loading=\"lazy\" width=\"1296\" height=\"864\" src=\"https:\/\/www.thevisitorpanama.info\/esp\/wp-content\/uploads\/2025\/11\/Compress_20251118_152356_6589.jpg\" alt=\"\" class=\"wp-image-19795\" srcset=\"https:\/\/www.thevisitorpanama.info\/esp\/wp-content\/uploads\/2025\/11\/Compress_20251118_152356_6589.jpg 1296w, https:\/\/www.thevisitorpanama.info\/esp\/wp-content\/uploads\/2025\/11\/Compress_20251118_152356_6589-768x512.jpg 768w\" sizes=\"(max-width: 1296px) 100vw, 1296px\" \/><\/figure>\n\n\n\n<p><strong>Cuna de la Independencia de Panam\u00e1 de Espa\u00f1a<\/strong><\/p>\n\n\n\n<p>Ese mismo esp\u00edritu comunitario impuls\u00f3 uno de los hitos m\u00e1s importantes del pa\u00eds: el Grito de la Independencia del 10 de noviembre de 1821. Un acto que surgi\u00f3 de la convicci\u00f3n conjunta de la poblaci\u00f3n sante\u00f1a y se convirti\u00f3 en el detonante para que, pocas semanas despu\u00e9s, Panam\u00e1 proclamara su independencia de Espa\u00f1a. La cohesi\u00f3n de las familias y su sentido de pertenencia fueron elementos fundamentales para coordinar un movimiento que marcar\u00eda la historia nacional.<\/p>\n\n\n\n<figure class=\"wp-block-image size-full\"><img decoding=\"async\" loading=\"lazy\" width=\"2048\" height=\"1366\" src=\"https:\/\/www.thevisitorpanama.info\/esp\/wp-content\/uploads\/2025\/11\/Compress_20251118_152358_8185.jpg\" alt=\"\" class=\"wp-image-19798\" srcset=\"https:\/\/www.thevisitorpanama.info\/esp\/wp-content\/uploads\/2025\/11\/Compress_20251118_152358_8185.jpg 2048w, https:\/\/www.thevisitorpanama.info\/esp\/wp-content\/uploads\/2025\/11\/Compress_20251118_152358_8185-768x512.jpg 768w, https:\/\/www.thevisitorpanama.info\/esp\/wp-content\/uploads\/2025\/11\/Compress_20251118_152358_8185-1536x1025.jpg 1536w\" sizes=\"(max-width: 2048px) 100vw, 2048px\" \/><\/figure>\n\n\n\n<p><strong>El Pasado y el Presente se Encuentran<\/strong><\/p>\n\n\n\n<p>Hoy, La Villa de Los Santos sigue siendo un espacio donde el pasado y el presente dialogan. Sus museos, calles, procesiones, festivales y plazas preservan una memoria viva que contin\u00faa inspirando a Panam\u00e1. Su legado cultural y su aporte hist\u00f3rico no solo definieron el rumbo de Azuero, sino que contribuyeron decisivamente a la formaci\u00f3n de la identidad paname\u00f1a.<\/p>\n","protected":false},"excerpt":{"rendered":"<p>La Villa de Los Santos ocupa un lugar central en la historia y la identidad cultural de Panam\u00e1. Su riqueza no reside solo en sus hechos hist\u00f3ricos, sino en un entramado vivo de expresiones que han sido resguardadas durante siglos. Esta combinaci\u00f3n \u2014tradici\u00f3n, memoria y comunidad\u2014 convierte al distrito en el epicentro cultural de Azuero [&hellip;]<\/p>\n","protected":false},"author":1,"featured_media":19788,"comment_status":"open","ping_status":"open","sticky":false,"template":"","format":"standard","meta":[],"categories":[31],"tags":[],"_links":{"self":[{"href":"https:\/\/www.thevisitorpanama.info\/esp\/wp-json\/wp\/v2\/posts\/19785"}],"collection":[{"href":"https:\/\/www.thevisitorpanama.info\/esp\/wp-json\/wp\/v2\/posts"}],"about":[{"href":"https:\/\/www.thevisitorpanama.info\/esp\/wp-json\/wp\/v2\/types\/post"}],"author":[{"embeddable":true,"href":"https:\/\/www.thevisitorpanama.info\/esp\/wp-json\/wp\/v2\/users\/1"}],"replies":[{"embeddable":true,"href":"https:\/\/www.thevisitorpanama.info\/esp\/wp-json\/wp\/v2\/comments?post=19785"}],"version-history":[{"count":6,"href":"https:\/\/www.thevisitorpanama.info\/esp\/wp-json\/wp\/v2\/posts\/19785\/revisions"}],"predecessor-version":[{"id":19799,"href":"https:\/\/www.thevisitorpanama.info\/esp\/wp-json\/wp\/v2\/posts\/19785\/revisions\/19799"}],"wp:featuredmedia":[{"embeddable":true,"href":"https:\/\/www.thevisitorpanama.info\/esp\/wp-json\/wp\/v2\/media\/19788"}],"wp:attachment":[{"href":"https:\/\/www.thevisitorpanama.info\/esp\/wp-json\/wp\/v2\/media?parent=19785"}],"wp:term":[{"taxonomy":"category","embeddable":true,"href":"https:\/\/www.thevisitorpanama.info\/esp\/wp-json\/wp\/v2\/categories?post=19785"},{"taxonomy":"post_tag","embeddable":true,"href":"https:\/\/www.thevisitorpanama.info\/esp\/wp-json\/wp\/v2\/tags?post=19785"}],"curies":[{"name":"wp","href":"https:\/\/api.w.org\/{rel}","templated":true}]}}