{"id":19689,"date":"2025-11-07T20:51:06","date_gmt":"2025-11-08T01:51:06","guid":{"rendered":"https:\/\/www.thevisitorpanama.info\/esp\/?p=19689"},"modified":"2025-11-07T20:55:31","modified_gmt":"2025-11-08T01:55:31","slug":"inauguran-la-exposicion-de-arte-un-viaje-entre-dos-tierras-una-misma-pasion-en-homenaje-al-maestro-alfredo-sinclair","status":"publish","type":"post","link":"https:\/\/www.thevisitorpanama.info\/esp\/2025\/11\/07\/inauguran-la-exposicion-de-arte-un-viaje-entre-dos-tierras-una-misma-pasion-en-homenaje-al-maestro-alfredo-sinclair\/","title":{"rendered":"Inauguran la Exposici\u00f3n de Arte &#8220;Un Viaje entre Dos Tierras, una Misma Pasi\u00f3n&#8221; en Homenaje al Maestro Alfredo Sinclair"},"content":{"rendered":"\n<p>Se inaugur\u00f3 \u201cUn viaje de artes entre dos tierras, una misma pasi\u00f3n\u201d, exposici\u00f3n organizada por la Embajada de Panam\u00e1 con el apoyo de la Secretar\u00eda de Cultura de Argentina y la Fundaci\u00f3n Sinclair.<\/p>\n\n\n\n<figure class=\"wp-block-image size-full\"><img decoding=\"async\" loading=\"lazy\" width=\"900\" height=\"1600\" src=\"https:\/\/www.thevisitorpanama.info\/esp\/wp-content\/uploads\/2025\/11\/IMG-20251107-WA0005.jpg\" alt=\"\" class=\"wp-image-19696\" srcset=\"https:\/\/www.thevisitorpanama.info\/esp\/wp-content\/uploads\/2025\/11\/IMG-20251107-WA0005.jpg 900w, https:\/\/www.thevisitorpanama.info\/esp\/wp-content\/uploads\/2025\/11\/IMG-20251107-WA0005-768x1365.jpg 768w, https:\/\/www.thevisitorpanama.info\/esp\/wp-content\/uploads\/2025\/11\/IMG-20251107-WA0005-864x1536.jpg 864w\" sizes=\"(max-width: 900px) 100vw, 900px\" \/><\/figure>\n\n\n\n<p>El evento rindi\u00f3 homenaje al Maestro Alfredo Sinclair, pionero del arte abstracto paname\u00f1o, y reuni\u00f3 a diplom\u00e1ticos, funcionarios, personalidades del \u00e1mbito cultural e invitados especiales.<\/p>\n\n\n\n<figure class=\"wp-block-image size-full\"><img decoding=\"async\" loading=\"lazy\" width=\"1200\" height=\"1600\" src=\"https:\/\/www.thevisitorpanama.info\/esp\/wp-content\/uploads\/2025\/11\/IMG-20251107-WA0003.jpg\" alt=\"\" class=\"wp-image-19693\" srcset=\"https:\/\/www.thevisitorpanama.info\/esp\/wp-content\/uploads\/2025\/11\/IMG-20251107-WA0003.jpg 1200w, https:\/\/www.thevisitorpanama.info\/esp\/wp-content\/uploads\/2025\/11\/IMG-20251107-WA0003-768x1024.jpg 768w, https:\/\/www.thevisitorpanama.info\/esp\/wp-content\/uploads\/2025\/11\/IMG-20251107-WA0003-1152x1536.jpg 1152w\" sizes=\"(max-width: 1200px) 100vw, 1200px\" \/><\/figure>\n\n\n\n<p>El Embajador de Panam\u00e1 en Argentina, S.E. Juan Luis Correa Esquivel, entreg\u00f3 un reconocimiento a los hijos del Maestro: la artista pl\u00e1stica Olga Sinclair y el Dr. Jorge Sinclair, quienes preservan y difunden su legado.<\/p>\n\n\n\n<p>Invitada por la familia Sinclair, la Lic. Ale Sanguine, directora de GALA Galer\u00eda de Arte Latinoamericano, asisti\u00f3 al encuentro reafirmando el compromiso de la galer\u00eda con la difusi\u00f3n del arte latinoamericano y sus maestros contempor\u00e1neos.<\/p>\n\n\n\n<figure class=\"wp-block-image size-full\"><img decoding=\"async\" loading=\"lazy\" width=\"1600\" height=\"900\" src=\"https:\/\/www.thevisitorpanama.info\/esp\/wp-content\/uploads\/2025\/11\/IMG-20251107-WA0000.jpg\" alt=\"\" class=\"wp-image-19694\" srcset=\"https:\/\/www.thevisitorpanama.info\/esp\/wp-content\/uploads\/2025\/11\/IMG-20251107-WA0000.jpg 1600w, https:\/\/www.thevisitorpanama.info\/esp\/wp-content\/uploads\/2025\/11\/IMG-20251107-WA0000-768x432.jpg 768w, https:\/\/www.thevisitorpanama.info\/esp\/wp-content\/uploads\/2025\/11\/IMG-20251107-WA0000-1536x864.jpg 1536w\" sizes=\"(max-width: 1600px) 100vw, 1600px\" \/><\/figure>\n\n\n\n<p>La muestra presenta reproducciones de obras pertenecientes al Patrimonio Cultural del Banco Nacional de Panam\u00e1, piezas exhibidas originalmente en 1979, donde Sinclair combin\u00f3 \u00f3leo, resina, barniz, collage y planos de color en composiciones de gran formato que revelan su madurez art\u00edstica y su mirada visionaria.<\/p>\n\n\n\n<p>La exposici\u00f3n puede visitarse durante todo noviembre en el Museo Mitre y participar\u00e1 en la Noche de los Museos el s\u00e1bado 8.<\/p>\n\n\n\n<p>Un homenaje que celebra la uni\u00f3n cultural entre Panam\u00e1 y Argentina.<\/p>\n\n\n\n<figure class=\"wp-block-image size-full\"><img decoding=\"async\" loading=\"lazy\" width=\"960\" height=\"1280\" src=\"https:\/\/www.thevisitorpanama.info\/esp\/wp-content\/uploads\/2025\/11\/IMG-20251107-WA0004.jpg\" alt=\"\" class=\"wp-image-19695\" srcset=\"https:\/\/www.thevisitorpanama.info\/esp\/wp-content\/uploads\/2025\/11\/IMG-20251107-WA0004.jpg 960w, https:\/\/www.thevisitorpanama.info\/esp\/wp-content\/uploads\/2025\/11\/IMG-20251107-WA0004-768x1024.jpg 768w\" sizes=\"(max-width: 960px) 100vw, 960px\" \/><\/figure>\n","protected":false},"excerpt":{"rendered":"<p>Se inaugur\u00f3 \u201cUn viaje de artes entre dos tierras, una misma pasi\u00f3n\u201d, exposici\u00f3n organizada por la Embajada de Panam\u00e1 con el apoyo de la Secretar\u00eda de Cultura de Argentina y la Fundaci\u00f3n Sinclair. El evento rindi\u00f3 homenaje al Maestro Alfredo Sinclair, pionero del arte abstracto paname\u00f1o, y reuni\u00f3 a diplom\u00e1ticos, funcionarios, personalidades del \u00e1mbito cultural [&hellip;]<\/p>\n","protected":false},"author":1,"featured_media":19691,"comment_status":"open","ping_status":"open","sticky":false,"template":"","format":"standard","meta":[],"categories":[44],"tags":[],"_links":{"self":[{"href":"https:\/\/www.thevisitorpanama.info\/esp\/wp-json\/wp\/v2\/posts\/19689"}],"collection":[{"href":"https:\/\/www.thevisitorpanama.info\/esp\/wp-json\/wp\/v2\/posts"}],"about":[{"href":"https:\/\/www.thevisitorpanama.info\/esp\/wp-json\/wp\/v2\/types\/post"}],"author":[{"embeddable":true,"href":"https:\/\/www.thevisitorpanama.info\/esp\/wp-json\/wp\/v2\/users\/1"}],"replies":[{"embeddable":true,"href":"https:\/\/www.thevisitorpanama.info\/esp\/wp-json\/wp\/v2\/comments?post=19689"}],"version-history":[{"count":2,"href":"https:\/\/www.thevisitorpanama.info\/esp\/wp-json\/wp\/v2\/posts\/19689\/revisions"}],"predecessor-version":[{"id":19697,"href":"https:\/\/www.thevisitorpanama.info\/esp\/wp-json\/wp\/v2\/posts\/19689\/revisions\/19697"}],"wp:featuredmedia":[{"embeddable":true,"href":"https:\/\/www.thevisitorpanama.info\/esp\/wp-json\/wp\/v2\/media\/19691"}],"wp:attachment":[{"href":"https:\/\/www.thevisitorpanama.info\/esp\/wp-json\/wp\/v2\/media?parent=19689"}],"wp:term":[{"taxonomy":"category","embeddable":true,"href":"https:\/\/www.thevisitorpanama.info\/esp\/wp-json\/wp\/v2\/categories?post=19689"},{"taxonomy":"post_tag","embeddable":true,"href":"https:\/\/www.thevisitorpanama.info\/esp\/wp-json\/wp\/v2\/tags?post=19689"}],"curies":[{"name":"wp","href":"https:\/\/api.w.org\/{rel}","templated":true}]}}