{"id":19671,"date":"2025-11-02T22:06:14","date_gmt":"2025-11-03T03:06:14","guid":{"rendered":"https:\/\/www.thevisitorpanama.info\/esp\/?p=19671"},"modified":"2025-11-02T22:06:37","modified_gmt":"2025-11-03T03:06:37","slug":"festival-mi-ranchito-en-rio-de-jesus-veraguas-se-realizara-del-13-al-16-de-noviembre","status":"publish","type":"post","link":"https:\/\/www.thevisitorpanama.info\/esp\/2025\/11\/02\/festival-mi-ranchito-en-rio-de-jesus-veraguas-se-realizara-del-13-al-16-de-noviembre\/","title":{"rendered":"Festival Mi Ranchito en R\u00edo de Jes\u00fas, Provincia de Veraguas se Realizar\u00e1 del 13 al 16 de Noviembre"},"content":{"rendered":"\n<p>El distrito de R\u00edo de Jes\u00fas, en la provincia de Veraguas, pronto vivir\u00e1 una de sus celebraciones m\u00e1s queridas: el Festival Mi Ranchito, una cita anual que se realiza en el pintoresco pueblo de R\u00edo de Jes\u00fas en la Provincia de Veraguas y que rescata con orgullo las costumbres y tradiciones del campo paname\u00f1o.<\/p>\n\n\n\n<figure class=\"wp-block-image size-full\"><img decoding=\"async\" loading=\"lazy\" width=\"768\" height=\"512\" src=\"https:\/\/www.thevisitorpanama.info\/esp\/wp-content\/uploads\/2025\/11\/aHR0cHM6Ly9zaWN1bHR1cmEuZ29iLnBhL2ltYWdlcy9tYW5pZmVzdGFjaW9uZXMvaW1nXzY5MjMuSlBH-768x512-1.jpeg\" alt=\"\" class=\"wp-image-19673\"\/><\/figure>\n\n\n\n<p>Con m\u00fasica, bailes y la presentaci\u00f3n de la reina, as\u00ed como los representantes de instituciones, comunidades y empresas privadas se realizar\u00e1 este festival del 13 al 16 de noviembre. En estos d\u00edas, las calles del distrito se llenar\u00e1n de color con desfiles folcl\u00f3ricos, carretas aleg\u00f3ricas y representaciones de las faenas del hombre del campo, un verdadero homenaje a los oficios de nuestros antepasados.<\/p>\n\n\n\n<p>El Festival Mi Ranchitopromete ser, como cada a\u00f1o, un punto de encuentro entre nacionales y extranjeros que buscan revivir la esencia del Panam\u00e1 interiorano, entre tamboritos, polleras y tradici\u00f3n viva.<\/p>\n\n\n\n<figure class=\"wp-block-image size-full\"><img decoding=\"async\" loading=\"lazy\" width=\"768\" height=\"512\" src=\"https:\/\/www.thevisitorpanama.info\/esp\/wp-content\/uploads\/2025\/11\/aHR0cHM6Ly9zaWN1bHR1cmEuZ29iLnBhL2ltYWdlcy9tYW5pZmVzdGFjaW9uZXMvaW1nXzgwNjcuSlBH-768x512-1.jpeg\" alt=\"\" class=\"wp-image-19674\"\/><\/figure>\n","protected":false},"excerpt":{"rendered":"<p>El distrito de R\u00edo de Jes\u00fas, en la provincia de Veraguas, pronto vivir\u00e1 una de sus celebraciones m\u00e1s queridas: el Festival Mi Ranchito, una cita anual que se realiza en el pintoresco pueblo de R\u00edo de Jes\u00fas en la Provincia de Veraguas y que rescata con orgullo las costumbres y tradiciones del campo paname\u00f1o. Con [&hellip;]<\/p>\n","protected":false},"author":1,"featured_media":19672,"comment_status":"open","ping_status":"open","sticky":false,"template":"","format":"standard","meta":[],"categories":[69],"tags":[],"_links":{"self":[{"href":"https:\/\/www.thevisitorpanama.info\/esp\/wp-json\/wp\/v2\/posts\/19671"}],"collection":[{"href":"https:\/\/www.thevisitorpanama.info\/esp\/wp-json\/wp\/v2\/posts"}],"about":[{"href":"https:\/\/www.thevisitorpanama.info\/esp\/wp-json\/wp\/v2\/types\/post"}],"author":[{"embeddable":true,"href":"https:\/\/www.thevisitorpanama.info\/esp\/wp-json\/wp\/v2\/users\/1"}],"replies":[{"embeddable":true,"href":"https:\/\/www.thevisitorpanama.info\/esp\/wp-json\/wp\/v2\/comments?post=19671"}],"version-history":[{"count":2,"href":"https:\/\/www.thevisitorpanama.info\/esp\/wp-json\/wp\/v2\/posts\/19671\/revisions"}],"predecessor-version":[{"id":19676,"href":"https:\/\/www.thevisitorpanama.info\/esp\/wp-json\/wp\/v2\/posts\/19671\/revisions\/19676"}],"wp:featuredmedia":[{"embeddable":true,"href":"https:\/\/www.thevisitorpanama.info\/esp\/wp-json\/wp\/v2\/media\/19672"}],"wp:attachment":[{"href":"https:\/\/www.thevisitorpanama.info\/esp\/wp-json\/wp\/v2\/media?parent=19671"}],"wp:term":[{"taxonomy":"category","embeddable":true,"href":"https:\/\/www.thevisitorpanama.info\/esp\/wp-json\/wp\/v2\/categories?post=19671"},{"taxonomy":"post_tag","embeddable":true,"href":"https:\/\/www.thevisitorpanama.info\/esp\/wp-json\/wp\/v2\/tags?post=19671"}],"curies":[{"name":"wp","href":"https:\/\/api.w.org\/{rel}","templated":true}]}}