{"id":19491,"date":"2025-10-14T21:21:06","date_gmt":"2025-10-15T02:21:06","guid":{"rendered":"https:\/\/www.thevisitorpanama.info\/esp\/?p=19491"},"modified":"2025-10-14T21:38:13","modified_gmt":"2025-10-15T02:38:13","slug":"camara-nacional-de-turismo-de-panama-presenta-todo-lo-que-trae-la-convencion-nacional-de-turismo-2025","status":"publish","type":"post","link":"https:\/\/www.thevisitorpanama.info\/esp\/2025\/10\/14\/camara-nacional-de-turismo-de-panama-presenta-todo-lo-que-trae-la-convencion-nacional-de-turismo-2025\/","title":{"rendered":"C\u00e1mara Nacional de Turismo de Panam\u00e1 Presenta Todo lo que Trae la Convenci\u00f3n Nacional de Turismo 2025"},"content":{"rendered":"\n<p>Ciudad de Panam\u00e1, 14 de octubre de 2025. \u2014 En un encuentro con los principales medios de comunicaci\u00f3n a nivel nacional, realizado en el Hotel Courtyard by Marriott de Multiplaza, la C\u00e1mara Nacional de Turismo de Panam\u00e1 (CAMTUR) present\u00f3 oficialmente todos los detalles de la Novena Convenci\u00f3n Nacional de Turismo \u2013 CONATUR 2025, reafirmando su compromiso con el fortalecimiento, integraci\u00f3n y desarrollo sostenible del sector tur\u00edstico paname\u00f1o.<\/p>\n\n\n\n<figure class=\"wp-block-image size-full\"><img decoding=\"async\" loading=\"lazy\" width=\"2000\" height=\"1500\" src=\"https:\/\/www.thevisitorpanama.info\/esp\/wp-content\/uploads\/2025\/10\/Compress_20251014_212731_1851.jpg\" alt=\"\" class=\"wp-image-19496\" srcset=\"https:\/\/www.thevisitorpanama.info\/esp\/wp-content\/uploads\/2025\/10\/Compress_20251014_212731_1851.jpg 2000w, https:\/\/www.thevisitorpanama.info\/esp\/wp-content\/uploads\/2025\/10\/Compress_20251014_212731_1851-768x576.jpg 768w, https:\/\/www.thevisitorpanama.info\/esp\/wp-content\/uploads\/2025\/10\/Compress_20251014_212731_1851-1536x1152.jpg 1536w, https:\/\/www.thevisitorpanama.info\/esp\/wp-content\/uploads\/2025\/10\/Compress_20251014_212731_1851-80x60.jpg 80w, https:\/\/www.thevisitorpanama.info\/esp\/wp-content\/uploads\/2025\/10\/Compress_20251014_212731_1851-100x75.jpg 100w, https:\/\/www.thevisitorpanama.info\/esp\/wp-content\/uploads\/2025\/10\/Compress_20251014_212731_1851-180x135.jpg 180w, https:\/\/www.thevisitorpanama.info\/esp\/wp-content\/uploads\/2025\/10\/Compress_20251014_212731_1851-238x178.jpg 238w\" sizes=\"(max-width: 2000px) 100vw, 2000px\" \/><\/figure>\n\n\n\n<p>El anuncio estuvo encabezado por el presidente de la C\u00e1mara Nacional de Turismo de Panam\u00e1, Ovidio D\u00edaz, junto a la presidenta de CONATUR 2025 y directora de la Junta Directiva de CAMTUR, Nadkyi Duque, quienes ofrecieron una amplia visi\u00f3n sobre el alcance y los objetivos de esta importante convenci\u00f3n, bajo la gesti\u00f3n y respaldo de toda la Junta Directiva de la C\u00e1mara.<\/p>\n\n\n\n<p>Bajo el tema central \u201cPanam\u00e1, eje integrador del desarrollo tur\u00edstico: conectando territorios, fortaleciendo destinos\u201d, CONATUR 2025 se celebrar\u00e1 los d\u00edas 23 y 24 de octubre de 2025 en el Centro Comercial Albrook Mall, un espacio de alta visibilidad que permitir\u00e1 proyectar la riqueza tur\u00edstica, cultural y empresarial del pa\u00eds.<\/p>\n\n\n\n<figure class=\"wp-block-image size-full\"><img decoding=\"async\" loading=\"lazy\" width=\"1200\" height=\"1600\" src=\"https:\/\/www.thevisitorpanama.info\/esp\/wp-content\/uploads\/2025\/10\/Compress_20251014_212733_3898.jpg\" alt=\"\" class=\"wp-image-19497\" srcset=\"https:\/\/www.thevisitorpanama.info\/esp\/wp-content\/uploads\/2025\/10\/Compress_20251014_212733_3898.jpg 1200w, https:\/\/www.thevisitorpanama.info\/esp\/wp-content\/uploads\/2025\/10\/Compress_20251014_212733_3898-768x1024.jpg 768w, https:\/\/www.thevisitorpanama.info\/esp\/wp-content\/uploads\/2025\/10\/Compress_20251014_212733_3898-1152x1536.jpg 1152w\" sizes=\"(max-width: 1200px) 100vw, 1200px\" \/><\/figure>\n\n\n\n<p>Durante el encuentro, Ovidio D\u00edaz destac\u00f3 el reto de integrar a todas las provincias del pa\u00eds y proyectar su potencial como ejes de promoci\u00f3n tur\u00edstica, fortaleciendo la imagen de Panam\u00e1 como un destino que conecta regiones, culturas y experiencias \u00fanicas. \u201cEl turismo no se construye desde un solo punto; se construye desde la integraci\u00f3n de todo un pa\u00eds que tiene mucho que ofrecer en cada territorio\u201d, afirm\u00f3 D\u00edaz.<\/p>\n\n\n\n<p>Por su parte, Nadkyi Duque, presidenta de CONATUR 2025, resalt\u00f3 el compromiso de que este a\u00f1o el evento muestre la esencia de Panam\u00e1 a trav\u00e9s del turismo, el arte, la cultura y el folclore, generando un espacio donde cada regi\u00f3n tenga la oportunidad de exponer su identidad. \u201cQueremos que cada visitante viva Panam\u00e1 en toda su expresi\u00f3n: su gente, su gastronom\u00eda, su historia y su talento. Este a\u00f1o, CONATUR ser\u00e1 una verdadera vitrina de integraci\u00f3n nacional\u201d, se\u00f1al\u00f3 Duque.<\/p>\n\n\n\n<p>El encuentro tambi\u00e9n cont\u00f3 con la participaci\u00f3n de Demetrio Maduro, presidente de PROMTUR Panam\u00e1, quien reafirm\u00f3 su compromiso con el sector tur\u00edstico nacional y con la promoci\u00f3n de la conectividad del pa\u00eds. \u201cDesde PROMTUR continuamos fortaleciendo la imagen de Panam\u00e1 ante el mundo, impulsando su posicionamiento como un destino diverso, moderno y aut\u00e9ntico, con una oferta tur\u00edstica que nos enaltece tanto a nivel nacional como internacional\u201d, subray\u00f3 Maduro.<\/p>\n\n\n\n<figure class=\"wp-block-image size-full\"><img decoding=\"async\" loading=\"lazy\" width=\"1600\" height=\"1066\" src=\"https:\/\/www.thevisitorpanama.info\/esp\/wp-content\/uploads\/2025\/10\/Compress_20251014_212733_3338.jpg\" alt=\"\" class=\"wp-image-19500\" srcset=\"https:\/\/www.thevisitorpanama.info\/esp\/wp-content\/uploads\/2025\/10\/Compress_20251014_212733_3338.jpg 1600w, https:\/\/www.thevisitorpanama.info\/esp\/wp-content\/uploads\/2025\/10\/Compress_20251014_212733_3338-768x512.jpg 768w, https:\/\/www.thevisitorpanama.info\/esp\/wp-content\/uploads\/2025\/10\/Compress_20251014_212733_3338-1536x1023.jpg 1536w\" sizes=\"(max-width: 1600px) 100vw, 1600px\" \/><\/figure>\n\n\n\n<p>Durante los dos d\u00edas de CONATUR 2025, se desarrollar\u00e1 una agenda de foros, paneles, exposiciones, muestras culturales y gastron\u00f3micas, orientadas a generar nuevas alianzas estrat\u00e9gicas, oportunidades de inversi\u00f3n y promoci\u00f3n de destinos. La convenci\u00f3n promete ser un espacio de intercambio productivo que conecte la visi\u00f3n del turismo con los pilares del desarrollo econ\u00f3mico, social y cultural de Panam\u00e1.<\/p>\n\n\n\n<p>\u201cEste a\u00f1o CONATUR se consolida como el espacio integrador que conecta territorios y fortalece destinos, abriendo nuevas oportunidades para el desarrollo tur\u00edstico de Panam\u00e1\u201d, reiter\u00f3 Duque al cierre del encuentro.<\/p>\n\n\n\n<p>Contacto de prensa:<\/p>\n\n\n\n<p>C\u00e1mara Nacional de Turismo de Panam\u00e1 (CAMTUR)<\/p>\n\n\n\n<p>\ud83d\udce7 camtur@camaraturismopanama.com<\/p>\n\n\n\n<p>\ud83c\udf10 www.camaraturismopanama.com<\/p>\n\n\n\n<p>\ud83d\udcf1@camturpanama<\/p>\n","protected":false},"excerpt":{"rendered":"<p>Ciudad de Panam\u00e1, 14 de octubre de 2025. \u2014 En un encuentro con los principales medios de comunicaci\u00f3n a nivel nacional, realizado en el Hotel Courtyard by Marriott de Multiplaza, la C\u00e1mara Nacional de Turismo de Panam\u00e1 (CAMTUR) present\u00f3 oficialmente todos los detalles de la Novena Convenci\u00f3n Nacional de Turismo \u2013 CONATUR 2025, reafirmando su [&hellip;]<\/p>\n","protected":false},"author":1,"featured_media":19502,"comment_status":"open","ping_status":"open","sticky":false,"template":"","format":"standard","meta":[],"categories":[44],"tags":[],"_links":{"self":[{"href":"https:\/\/www.thevisitorpanama.info\/esp\/wp-json\/wp\/v2\/posts\/19491"}],"collection":[{"href":"https:\/\/www.thevisitorpanama.info\/esp\/wp-json\/wp\/v2\/posts"}],"about":[{"href":"https:\/\/www.thevisitorpanama.info\/esp\/wp-json\/wp\/v2\/types\/post"}],"author":[{"embeddable":true,"href":"https:\/\/www.thevisitorpanama.info\/esp\/wp-json\/wp\/v2\/users\/1"}],"replies":[{"embeddable":true,"href":"https:\/\/www.thevisitorpanama.info\/esp\/wp-json\/wp\/v2\/comments?post=19491"}],"version-history":[{"count":3,"href":"https:\/\/www.thevisitorpanama.info\/esp\/wp-json\/wp\/v2\/posts\/19491\/revisions"}],"predecessor-version":[{"id":19501,"href":"https:\/\/www.thevisitorpanama.info\/esp\/wp-json\/wp\/v2\/posts\/19491\/revisions\/19501"}],"wp:featuredmedia":[{"embeddable":true,"href":"https:\/\/www.thevisitorpanama.info\/esp\/wp-json\/wp\/v2\/media\/19502"}],"wp:attachment":[{"href":"https:\/\/www.thevisitorpanama.info\/esp\/wp-json\/wp\/v2\/media?parent=19491"}],"wp:term":[{"taxonomy":"category","embeddable":true,"href":"https:\/\/www.thevisitorpanama.info\/esp\/wp-json\/wp\/v2\/categories?post=19491"},{"taxonomy":"post_tag","embeddable":true,"href":"https:\/\/www.thevisitorpanama.info\/esp\/wp-json\/wp\/v2\/tags?post=19491"}],"curies":[{"name":"wp","href":"https:\/\/api.w.org\/{rel}","templated":true}]}}