{"id":19484,"date":"2025-10-13T20:48:13","date_gmt":"2025-10-14T01:48:13","guid":{"rendered":"https:\/\/www.thevisitorpanama.info\/esp\/?p=19484"},"modified":"2025-10-13T20:54:07","modified_gmt":"2025-10-14T01:54:07","slug":"pedasi-se-viste-de-tradicion-con-el-desfile-de-la-carreta-el-folklore-y-el-toro-suelto-del-23-al-26-de-octubre","status":"publish","type":"post","link":"https:\/\/www.thevisitorpanama.info\/esp\/2025\/10\/13\/pedasi-se-viste-de-tradicion-con-el-desfile-de-la-carreta-el-folklore-y-el-toro-suelto-del-23-al-26-de-octubre\/","title":{"rendered":"Pedas\u00ed se Viste de Tradici\u00f3n con el Desfile de la Carreta, el Folklore y el Toro Suelto del 23 al 26 de Octubre"},"content":{"rendered":"\n<p>Pedas\u00ed, una joya cultural en la provincia de Los Santos, se prepara para vivir uno de sus eventos m\u00e1s emblem\u00e1ticos: el XXI Desfile de la Carreta, la Cultura, el Folklore, el Viol\u00edn y el Toro Suelto. Este a\u00f1o, la celebraci\u00f3n gira en torno al esplendor y gracia de S.M. Arisol Aismith Rodr\u00edguez Cerrud, quien ha sido coronada como la reina de esta colorida y significativa festividad.<\/p>\n\n\n\n<p>Las actividades inician el jueves 23 de octubre con la entrada triunfal de la reina al pueblo, un acto lleno de simbolismo que marca el inicio de cuatro d\u00edas de tradici\u00f3n viva. El viernes 24, la coronaci\u00f3n oficial tendr\u00e1 lugar en la Cancha Municipal, seguida de una noche de tamborito y danza con Javier Castillo, animando a propios y visitantes en el Parque Municipal.<\/p>\n\n\n\n<figure class=\"wp-block-image size-full\"><img decoding=\"async\" loading=\"lazy\" width=\"1512\" height=\"1513\" src=\"https:\/\/www.thevisitorpanama.info\/esp\/wp-content\/uploads\/2025\/10\/Compress_20251013_205217_7829.jpg\" alt=\"\" class=\"wp-image-19487\" srcset=\"https:\/\/www.thevisitorpanama.info\/esp\/wp-content\/uploads\/2025\/10\/Compress_20251013_205217_7829.jpg 1512w, https:\/\/www.thevisitorpanama.info\/esp\/wp-content\/uploads\/2025\/10\/Compress_20251013_205217_7829-150x150.jpg 150w, https:\/\/www.thevisitorpanama.info\/esp\/wp-content\/uploads\/2025\/10\/Compress_20251013_205217_7829-768x769.jpg 768w\" sizes=\"(max-width: 1512px) 100vw, 1512px\" \/><\/figure>\n\n\n\n<p>El s\u00e1bado 25, desde la madrugada, Pedas\u00ed despierta con la &#8220;amanecida&#8221; de su reina, seguida por el esperado desfile de carretas y la tradicional participaci\u00f3n del Toro Suelto, una actividad que conjuga adrenalina, m\u00fasica y cultura. La jornada culmina con un gran baile amenizado por Dario Pitty y una discoteca t\u00edpica.<\/p>\n\n\n\n<p>Finalmente, el domingo 26, se llevar\u00e1 a cabo el VII Concurso de Violines Francisco Chico Purio Ram\u00edrez, destacando el talento local y preservando una de las manifestaciones m\u00e1s aut\u00e9nticas del folclore sante\u00f1o. A la misma hora, la tradicional cabalgata partir\u00e1 desde la Estaci\u00f3n Puma Edy Pedas\u00ed, culminando con m\u00fasica t\u00edpica para cerrar con broche de oro.<\/p>\n\n\n\n<figure class=\"wp-block-image size-full\"><img decoding=\"async\" loading=\"lazy\" width=\"1512\" height=\"1512\" src=\"https:\/\/www.thevisitorpanama.info\/esp\/wp-content\/uploads\/2025\/10\/Compress_20251013_205217_7528.jpg\" alt=\"\" class=\"wp-image-19489\" srcset=\"https:\/\/www.thevisitorpanama.info\/esp\/wp-content\/uploads\/2025\/10\/Compress_20251013_205217_7528.jpg 1512w, https:\/\/www.thevisitorpanama.info\/esp\/wp-content\/uploads\/2025\/10\/Compress_20251013_205217_7528-150x150.jpg 150w, https:\/\/www.thevisitorpanama.info\/esp\/wp-content\/uploads\/2025\/10\/Compress_20251013_205217_7528-768x768.jpg 768w\" sizes=\"(max-width: 1512px) 100vw, 1512px\" \/><\/figure>\n\n\n\n<p>Este evento resalta la belleza de sus tradiciones, as\u00ed como el orgullo y sentido de pertenencia de un pueblo que honra su historia.<\/p>\n","protected":false},"excerpt":{"rendered":"<p>Pedas\u00ed, una joya cultural en la provincia de Los Santos, se prepara para vivir uno de sus eventos m\u00e1s emblem\u00e1ticos: el XXI Desfile de la Carreta, la Cultura, el Folklore, el Viol\u00edn y el Toro Suelto. Este a\u00f1o, la celebraci\u00f3n gira en torno al esplendor y gracia de S.M. Arisol Aismith Rodr\u00edguez Cerrud, quien ha [&hellip;]<\/p>\n","protected":false},"author":1,"featured_media":19486,"comment_status":"open","ping_status":"open","sticky":false,"template":"","format":"standard","meta":[],"categories":[69],"tags":[],"_links":{"self":[{"href":"https:\/\/www.thevisitorpanama.info\/esp\/wp-json\/wp\/v2\/posts\/19484"}],"collection":[{"href":"https:\/\/www.thevisitorpanama.info\/esp\/wp-json\/wp\/v2\/posts"}],"about":[{"href":"https:\/\/www.thevisitorpanama.info\/esp\/wp-json\/wp\/v2\/types\/post"}],"author":[{"embeddable":true,"href":"https:\/\/www.thevisitorpanama.info\/esp\/wp-json\/wp\/v2\/users\/1"}],"replies":[{"embeddable":true,"href":"https:\/\/www.thevisitorpanama.info\/esp\/wp-json\/wp\/v2\/comments?post=19484"}],"version-history":[{"count":2,"href":"https:\/\/www.thevisitorpanama.info\/esp\/wp-json\/wp\/v2\/posts\/19484\/revisions"}],"predecessor-version":[{"id":19490,"href":"https:\/\/www.thevisitorpanama.info\/esp\/wp-json\/wp\/v2\/posts\/19484\/revisions\/19490"}],"wp:featuredmedia":[{"embeddable":true,"href":"https:\/\/www.thevisitorpanama.info\/esp\/wp-json\/wp\/v2\/media\/19486"}],"wp:attachment":[{"href":"https:\/\/www.thevisitorpanama.info\/esp\/wp-json\/wp\/v2\/media?parent=19484"}],"wp:term":[{"taxonomy":"category","embeddable":true,"href":"https:\/\/www.thevisitorpanama.info\/esp\/wp-json\/wp\/v2\/categories?post=19484"},{"taxonomy":"post_tag","embeddable":true,"href":"https:\/\/www.thevisitorpanama.info\/esp\/wp-json\/wp\/v2\/tags?post=19484"}],"curies":[{"name":"wp","href":"https:\/\/api.w.org\/{rel}","templated":true}]}}