{"id":19476,"date":"2025-10-12T19:41:04","date_gmt":"2025-10-13T00:41:04","guid":{"rendered":"https:\/\/www.thevisitorpanama.info\/esp\/?p=19476"},"modified":"2025-10-12T19:42:21","modified_gmt":"2025-10-13T00:42:21","slug":"panama-sera-sede-del-congreso-mundial-de-areas-protegidas-2027","status":"publish","type":"post","link":"https:\/\/www.thevisitorpanama.info\/esp\/2025\/10\/12\/panama-sera-sede-del-congreso-mundial-de-areas-protegidas-2027\/","title":{"rendered":"Panam\u00e1 ser\u00e1 Sede del Congreso Mundial de \u00c1reas Protegidas 2027"},"content":{"rendered":"\n<p>Abu Dabi-Emiratos \u00c1rabes, 12 de octubre 2025. Panam\u00e1 fue seleccionado como pa\u00eds anfitri\u00f3n del Congreso Mundial de \u00c1reas Protegidas y Conservadas 2027, uno de los eventos de mayor trascendencia mundial en materia de conservaci\u00f3n de la naturaleza. El anuncio se realiz\u00f3 durante la agenda del Congreso Mundial de la Naturaleza de UICN que se celebra en Abu Dhabi, Emiratos \u00c1rabes.<\/p>\n\n\n\n<figure class=\"wp-block-image size-full\"><img decoding=\"async\" loading=\"lazy\" width=\"1040\" height=\"694\" src=\"https:\/\/www.thevisitorpanama.info\/esp\/wp-content\/uploads\/2025\/10\/Compress_20251012_193846_6816.jpg\" alt=\"\" class=\"wp-image-19479\" srcset=\"https:\/\/www.thevisitorpanama.info\/esp\/wp-content\/uploads\/2025\/10\/Compress_20251012_193846_6816.jpg 1040w, https:\/\/www.thevisitorpanama.info\/esp\/wp-content\/uploads\/2025\/10\/Compress_20251012_193846_6816-768x512.jpg 768w\" sizes=\"(max-width: 1040px) 100vw, 1040px\" \/><\/figure>\n\n\n\n<p>Este congreso se llevar\u00e1 a cabo en un momento de profunda urgencia ecol\u00f3gica en el que los impactos del cambio clim\u00e1tico, p\u00e9rdida de biodiversidad y la desigualdad exigen una acci\u00f3n global m\u00e1s ambiciosa y coordinada<\/p>\n\n\n\n<p>El Congreso Mundial de \u00c1reas Protegidas es el foro global m\u00e1s importante organizado por la Uni\u00f3n Internacional para la Conservaci\u00f3n de la Naturaleza (UICN) sobre la gesti\u00f3n, gobernanza y futuro de las \u00e1reas protegidas del planeta. El evento de 2027 ser\u00e1 un hito hacia el cumplimiento de las metas globales al 2030 y presentar\u00e1 una oportunidad \u00fanica para mostrar la biodiversidad excepcional de Panam\u00e1, que incluye desde bosques tropicales hasta arrecifes de coral, as\u00ed como sus innovadores enfoques en \u00e1reas protegidas y corredores biol\u00f3gicos.<\/p>\n\n\n\n<figure class=\"wp-block-image size-full\"><img decoding=\"async\" loading=\"lazy\" width=\"1752\" height=\"1168\" src=\"https:\/\/www.thevisitorpanama.info\/esp\/wp-content\/uploads\/2025\/10\/Compress_20251012_193810_0076.jpg\" alt=\"\" class=\"wp-image-19480\" srcset=\"https:\/\/www.thevisitorpanama.info\/esp\/wp-content\/uploads\/2025\/10\/Compress_20251012_193810_0076.jpg 1752w, https:\/\/www.thevisitorpanama.info\/esp\/wp-content\/uploads\/2025\/10\/Compress_20251012_193810_0076-768x512.jpg 768w, https:\/\/www.thevisitorpanama.info\/esp\/wp-content\/uploads\/2025\/10\/Compress_20251012_193810_0076-1536x1024.jpg 1536w\" sizes=\"(max-width: 1752px) 100vw, 1752px\" \/><\/figure>\n\n\n\n<p>El ministro de Ambiente, Juan Carlos Navarro, expres\u00f3 entusiasmo por esta designaci\u00f3n y asegur\u00f3 que Panam\u00e1 est\u00e1 lista para recibir al mundo, involucrando a comunidades locales, pueblos ind\u00edgenas, j\u00f3venes, mujeres y el sector privado en un di\u00e1logo que impulse soluciones efectivas para la conservaci\u00f3n.<\/p>\n\n\n\n<p>Indic\u00f3 que Panam\u00e1 es el cruce de caminos del mundo. Un puente natural entre Am\u00e9rica del Norte y del Sur, y entre los oc\u00e9anos Caribe y Pac\u00edfico, con una biodiversidad excepcional y el mejor ejemplo del planeta de desarrollo sostenible: el Canal de Panam\u00e1.<\/p>\n\n\n\n<p>\u201cEsperamos con entusiasmo ser anfitriones de este encuentro global para mostrar nuestros parques nacionales y reservas naturales, compartir nuestros esfuerzos efectivos de conservaci\u00f3n en el terreno y promover acciones de conservaci\u00f3n inmediatas y poderosas a nivel mundial\u201d, subray\u00f3 el ministro.<\/p>\n\n\n\n<figure class=\"wp-block-image size-full\"><img decoding=\"async\" loading=\"lazy\" width=\"1680\" height=\"1120\" src=\"https:\/\/www.thevisitorpanama.info\/esp\/wp-content\/uploads\/2025\/10\/Compress_20251012_193808_8775.jpg\" alt=\"\" class=\"wp-image-19482\" srcset=\"https:\/\/www.thevisitorpanama.info\/esp\/wp-content\/uploads\/2025\/10\/Compress_20251012_193808_8775.jpg 1680w, https:\/\/www.thevisitorpanama.info\/esp\/wp-content\/uploads\/2025\/10\/Compress_20251012_193808_8775-768x512.jpg 768w, https:\/\/www.thevisitorpanama.info\/esp\/wp-content\/uploads\/2025\/10\/Compress_20251012_193808_8775-1536x1024.jpg 1536w\" sizes=\"(max-width: 1680px) 100vw, 1680px\" \/><\/figure>\n\n\n\n<p>Por su parte, la directora general de la UICN, Dra. Grethel Aguilar, afirm\u00f3: \u201cPanam\u00e1 albergar\u00e1 el Congreso Mundial de \u00c1reas Protegidas y Conservadas en 2027, ofreciendo un escenario ideal para impulsar la acci\u00f3n global por la naturaleza y fortalecer la cooperaci\u00f3n entre regiones\u201d.<\/p>\n\n\n\n<p>Panam\u00e1 se sit\u00faa como un referente global en protecci\u00f3n de la biodiversidad y se convierte en un escenario clave para intercambiar conocimiento, experiencias y estrategias que guiar\u00e1n la conservaci\u00f3n de la naturaleza a nivel mundial.<\/p>\n","protected":false},"excerpt":{"rendered":"<p>Abu Dabi-Emiratos \u00c1rabes, 12 de octubre 2025. Panam\u00e1 fue seleccionado como pa\u00eds anfitri\u00f3n del Congreso Mundial de \u00c1reas Protegidas y Conservadas 2027, uno de los eventos de mayor trascendencia mundial en materia de conservaci\u00f3n de la naturaleza. El anuncio se realiz\u00f3 durante la agenda del Congreso Mundial de la Naturaleza de UICN que se celebra [&hellip;]<\/p>\n","protected":false},"author":1,"featured_media":19477,"comment_status":"open","ping_status":"open","sticky":false,"template":"","format":"standard","meta":[],"categories":[69],"tags":[],"_links":{"self":[{"href":"https:\/\/www.thevisitorpanama.info\/esp\/wp-json\/wp\/v2\/posts\/19476"}],"collection":[{"href":"https:\/\/www.thevisitorpanama.info\/esp\/wp-json\/wp\/v2\/posts"}],"about":[{"href":"https:\/\/www.thevisitorpanama.info\/esp\/wp-json\/wp\/v2\/types\/post"}],"author":[{"embeddable":true,"href":"https:\/\/www.thevisitorpanama.info\/esp\/wp-json\/wp\/v2\/users\/1"}],"replies":[{"embeddable":true,"href":"https:\/\/www.thevisitorpanama.info\/esp\/wp-json\/wp\/v2\/comments?post=19476"}],"version-history":[{"count":2,"href":"https:\/\/www.thevisitorpanama.info\/esp\/wp-json\/wp\/v2\/posts\/19476\/revisions"}],"predecessor-version":[{"id":19483,"href":"https:\/\/www.thevisitorpanama.info\/esp\/wp-json\/wp\/v2\/posts\/19476\/revisions\/19483"}],"wp:featuredmedia":[{"embeddable":true,"href":"https:\/\/www.thevisitorpanama.info\/esp\/wp-json\/wp\/v2\/media\/19477"}],"wp:attachment":[{"href":"https:\/\/www.thevisitorpanama.info\/esp\/wp-json\/wp\/v2\/media?parent=19476"}],"wp:term":[{"taxonomy":"category","embeddable":true,"href":"https:\/\/www.thevisitorpanama.info\/esp\/wp-json\/wp\/v2\/categories?post=19476"},{"taxonomy":"post_tag","embeddable":true,"href":"https:\/\/www.thevisitorpanama.info\/esp\/wp-json\/wp\/v2\/tags?post=19476"}],"curies":[{"name":"wp","href":"https:\/\/api.w.org\/{rel}","templated":true}]}}