{"id":19343,"date":"2025-09-17T21:48:32","date_gmt":"2025-09-18T02:48:32","guid":{"rendered":"https:\/\/www.thevisitorpanama.info\/esp\/?p=19343"},"modified":"2025-09-17T21:55:16","modified_gmt":"2025-09-18T02:55:16","slug":"apatel-organiza-foro-con-vision-estrategica-para-el-futuro-del-turismo-2","status":"publish","type":"post","link":"https:\/\/www.thevisitorpanama.info\/esp\/2025\/09\/17\/apatel-organiza-foro-con-vision-estrategica-para-el-futuro-del-turismo-2\/","title":{"rendered":"APATEL Organiza Foro con Visi\u00f3n Estrat\u00e9gica para el Futuro del Turismo"},"content":{"rendered":"\n<p>Panam\u00e1 (17 septiembre) \u2013 El sector hotelero paname\u00f1o acogi\u00f3 este mi\u00e9rcoles el foro internacional<\/p>\n\n\n\n<p>\u201cInnovaci\u00f3n y Sostenibilidad 2025: una visi\u00f3n estrat\u00e9gica para el futuro del turismo de Panam\u00e1\u201d.<\/p>\n\n\n\n<figure class=\"wp-block-image size-full\"><img decoding=\"async\" loading=\"lazy\" width=\"2560\" height=\"1707\" src=\"https:\/\/www.thevisitorpanama.info\/esp\/wp-content\/uploads\/2025\/09\/IMG-20250917-WA0045-scaled.jpg\" alt=\"\" class=\"wp-image-19346\" srcset=\"https:\/\/www.thevisitorpanama.info\/esp\/wp-content\/uploads\/2025\/09\/IMG-20250917-WA0045-scaled.jpg 2560w, https:\/\/www.thevisitorpanama.info\/esp\/wp-content\/uploads\/2025\/09\/IMG-20250917-WA0045-768x512.jpg 768w, https:\/\/www.thevisitorpanama.info\/esp\/wp-content\/uploads\/2025\/09\/IMG-20250917-WA0045-1536x1024.jpg 1536w, https:\/\/www.thevisitorpanama.info\/esp\/wp-content\/uploads\/2025\/09\/IMG-20250917-WA0045-2048x1366.jpg 2048w\" sizes=\"(max-width: 2560px) 100vw, 2560px\" \/><\/figure>\n\n\n\n<p>Este espacio de reflexi\u00f3n y debate re\u00fane a l\u00edderes empresariales, acad\u00e9micos y representantesgubernamentales con el objetivo de impulsar la competitividad tur\u00edstica del pa\u00eds bajo est\u00e1ndares globales de sostenibilidad.<\/p>\n\n\n\n<p>La iniciativa, organizada por la Asociaci\u00f3n Paname\u00f1a de Hoteles (APATEL), busca posicionar a Panam\u00e1 como un referente regional en materia de innovaci\u00f3n tur\u00edstica, integrando nuevas tendencias tecnol\u00f3gicas, criterios ambientales y modelos de gesti\u00f3n que fortalezcan la industria en un escenario global cada vez m\u00e1s exigente.<\/p>\n\n\n\n<p>Durante el encuentro, se abordar\u00e1n temas estrat\u00e9gicos relacionados con el turismo sostenible, la transformaci\u00f3n digital del sector, la atracci\u00f3n de inversiones responsables y la promoci\u00f3n de experiencias tur\u00edsticas alineadas con la protecci\u00f3n del patrimonio cultural y natural.<\/p>\n\n\n\n<figure class=\"wp-block-image size-full\"><img decoding=\"async\" loading=\"lazy\" width=\"1200\" height=\"1600\" src=\"https:\/\/www.thevisitorpanama.info\/esp\/wp-content\/uploads\/2025\/09\/IMG-20250917-WA0053.jpg\" alt=\"\" class=\"wp-image-19348\" srcset=\"https:\/\/www.thevisitorpanama.info\/esp\/wp-content\/uploads\/2025\/09\/IMG-20250917-WA0053.jpg 1200w, https:\/\/www.thevisitorpanama.info\/esp\/wp-content\/uploads\/2025\/09\/IMG-20250917-WA0053-768x1024.jpg 768w, https:\/\/www.thevisitorpanama.info\/esp\/wp-content\/uploads\/2025\/09\/IMG-20250917-WA0053-1152x1536.jpg 1152w\" sizes=\"(max-width: 1200px) 100vw, 1200px\" \/><\/figure>\n\n\n\n<p>El foro tambi\u00e9n se perfila como una oportunidad para estrechar lazos de cooperaci\u00f3n internacional y abrir nuevas v\u00edas de colaboraci\u00f3n entre Panam\u00e1 y otros destinos tur\u00edsticos del mundo.<\/p>\n\n\n\n<p>A la cita estar\u00e1n presentes expertos internacionales en materia de turismo que incluyen a la viceministra T\u00e9cnica del Ministerio de Turismo de Rep\u00fablica Dominicana, Jacqueline Mora; el<\/p>\n\n\n\n<p>Encargado de Negocios de la Embajada de M\u00e9xico en Panam\u00e1, Santiago Mateos Cibri\u00e1n; y la directora ejecutiva del Bureau de Convenciones de Medell\u00edn y Antioquia, Juliana Cardona Quir\u00f3s.<\/p>\n\n\n\n<figure class=\"wp-block-image size-full\"><img decoding=\"async\" loading=\"lazy\" width=\"1600\" height=\"1200\" src=\"https:\/\/www.thevisitorpanama.info\/esp\/wp-content\/uploads\/2025\/09\/IMG-20250917-WA0049.jpg\" alt=\"\" class=\"wp-image-19350\" srcset=\"https:\/\/www.thevisitorpanama.info\/esp\/wp-content\/uploads\/2025\/09\/IMG-20250917-WA0049.jpg 1600w, https:\/\/www.thevisitorpanama.info\/esp\/wp-content\/uploads\/2025\/09\/IMG-20250917-WA0049-768x576.jpg 768w, https:\/\/www.thevisitorpanama.info\/esp\/wp-content\/uploads\/2025\/09\/IMG-20250917-WA0049-1536x1152.jpg 1536w, https:\/\/www.thevisitorpanama.info\/esp\/wp-content\/uploads\/2025\/09\/IMG-20250917-WA0049-80x60.jpg 80w, https:\/\/www.thevisitorpanama.info\/esp\/wp-content\/uploads\/2025\/09\/IMG-20250917-WA0049-100x75.jpg 100w, https:\/\/www.thevisitorpanama.info\/esp\/wp-content\/uploads\/2025\/09\/IMG-20250917-WA0049-180x135.jpg 180w, https:\/\/www.thevisitorpanama.info\/esp\/wp-content\/uploads\/2025\/09\/IMG-20250917-WA0049-238x178.jpg 238w\" sizes=\"(max-width: 1600px) 100vw, 1600px\" \/><\/figure>\n\n\n\n<p>Tambi\u00e9n participar\u00e1n Roberto Emilio Baca Plazaola, promotor del turismo sostenible; Diego Fern\u00e1ndez (Costa Rica), especialista en an\u00e1lisis de datos tur\u00edsticos; Patricia Boo, directora senior para Centro y Sudam\u00e9rica de Smith Travel Research (STR); y representantes destacados de la gastronom\u00eda paname\u00f1a como Charlie Collins, chef y embajador de la nueva cocina paname\u00f1a.<\/p>\n\n\n\n<p>Adem\u00e1s de las conferencias, el foro incluir\u00e1 espacios de networking empresarial, mesas de inversi\u00f3n y oportunidades de patrocinio dise\u00f1adas para fortalecer las relaciones entre el sector hotelero, los operadores tur\u00edsticos, los inversionistas y organismos multilaterales.<\/p>\n\n\n\n<p>Con esta cita, Panam\u00e1 reafirma su papel como punto de convergencia regional y global para el di\u00e1logo sobre el futuro del turismo, proyectando al pa\u00eds como un escenario estrat\u00e9gico para el intercambio de ideas y la construcci\u00f3n de alianzas internacionales.<\/p>\n\n\n\n<figure class=\"wp-block-image size-full\"><img decoding=\"async\" loading=\"lazy\" width=\"1600\" height=\"1200\" src=\"https:\/\/www.thevisitorpanama.info\/esp\/wp-content\/uploads\/2025\/09\/IMG-20250917-WA0048.jpg\" alt=\"\" class=\"wp-image-19352\" srcset=\"https:\/\/www.thevisitorpanama.info\/esp\/wp-content\/uploads\/2025\/09\/IMG-20250917-WA0048.jpg 1600w, https:\/\/www.thevisitorpanama.info\/esp\/wp-content\/uploads\/2025\/09\/IMG-20250917-WA0048-768x576.jpg 768w, https:\/\/www.thevisitorpanama.info\/esp\/wp-content\/uploads\/2025\/09\/IMG-20250917-WA0048-1536x1152.jpg 1536w, https:\/\/www.thevisitorpanama.info\/esp\/wp-content\/uploads\/2025\/09\/IMG-20250917-WA0048-80x60.jpg 80w, https:\/\/www.thevisitorpanama.info\/esp\/wp-content\/uploads\/2025\/09\/IMG-20250917-WA0048-100x75.jpg 100w, https:\/\/www.thevisitorpanama.info\/esp\/wp-content\/uploads\/2025\/09\/IMG-20250917-WA0048-180x135.jpg 180w, https:\/\/www.thevisitorpanama.info\/esp\/wp-content\/uploads\/2025\/09\/IMG-20250917-WA0048-238x178.jpg 238w\" sizes=\"(max-width: 1600px) 100vw, 1600px\" \/><\/figure>\n\n\n\n<p>La presidenta de APATEL, Yovana Segarra, se\u00f1al\u00f3 que este foro representa una oportunidad clave para posicionar a Panam\u00e1 como un Hub de innovaci\u00f3n tur\u00edstica en Am\u00e9rica Latina, promoviendo un modelo econ\u00f3mico sostenible y resiliente.<\/p>\n\n\n\n<p>De acuerdo con cifras actualizadas de la Autoridad de Turismo de Panam\u00e1 (ATP) en enero de 2025, Panam\u00e1 recibi\u00f3 3.4% m\u00e1s turistas internacionales que durante igual periodo del a\u00f1o anterior. Los ingresos por turismo alcanzaron 608.9 millones de d\u00f3lares, un crecimiento del 19.2%, mientras que la ocupaci\u00f3n hotelera se ubic\u00f3 en el 57%, una mejora progresiva, aunque a\u00fan por debajo de los niveles prepandemia.<\/p>\n\n\n\n<figure class=\"wp-block-image size-full\"><img decoding=\"async\" loading=\"lazy\" width=\"2560\" height=\"1707\" src=\"https:\/\/www.thevisitorpanama.info\/esp\/wp-content\/uploads\/2025\/09\/IMG-20250917-WA0047-scaled.jpg\" alt=\"\" class=\"wp-image-19353\" srcset=\"https:\/\/www.thevisitorpanama.info\/esp\/wp-content\/uploads\/2025\/09\/IMG-20250917-WA0047-scaled.jpg 2560w, https:\/\/www.thevisitorpanama.info\/esp\/wp-content\/uploads\/2025\/09\/IMG-20250917-WA0047-768x512.jpg 768w, https:\/\/www.thevisitorpanama.info\/esp\/wp-content\/uploads\/2025\/09\/IMG-20250917-WA0047-1536x1024.jpg 1536w, https:\/\/www.thevisitorpanama.info\/esp\/wp-content\/uploads\/2025\/09\/IMG-20250917-WA0047-2048x1366.jpg 2048w\" sizes=\"(max-width: 2560px) 100vw, 2560px\" \/><\/figure>\n","protected":false},"excerpt":{"rendered":"<p>Panam\u00e1 (17 septiembre) \u2013 El sector hotelero paname\u00f1o acogi\u00f3 este mi\u00e9rcoles el foro internacional \u201cInnovaci\u00f3n y Sostenibilidad 2025: una visi\u00f3n estrat\u00e9gica para el futuro del turismo de Panam\u00e1\u201d. Este espacio de reflexi\u00f3n y debate re\u00fane a l\u00edderes empresariales, acad\u00e9micos y representantesgubernamentales con el objetivo de impulsar la competitividad tur\u00edstica del pa\u00eds bajo est\u00e1ndares globales de [&hellip;]<\/p>\n","protected":false},"author":1,"featured_media":19345,"comment_status":"open","ping_status":"open","sticky":false,"template":"","format":"standard","meta":[],"categories":[44],"tags":[],"_links":{"self":[{"href":"https:\/\/www.thevisitorpanama.info\/esp\/wp-json\/wp\/v2\/posts\/19343"}],"collection":[{"href":"https:\/\/www.thevisitorpanama.info\/esp\/wp-json\/wp\/v2\/posts"}],"about":[{"href":"https:\/\/www.thevisitorpanama.info\/esp\/wp-json\/wp\/v2\/types\/post"}],"author":[{"embeddable":true,"href":"https:\/\/www.thevisitorpanama.info\/esp\/wp-json\/wp\/v2\/users\/1"}],"replies":[{"embeddable":true,"href":"https:\/\/www.thevisitorpanama.info\/esp\/wp-json\/wp\/v2\/comments?post=19343"}],"version-history":[{"count":3,"href":"https:\/\/www.thevisitorpanama.info\/esp\/wp-json\/wp\/v2\/posts\/19343\/revisions"}],"predecessor-version":[{"id":19354,"href":"https:\/\/www.thevisitorpanama.info\/esp\/wp-json\/wp\/v2\/posts\/19343\/revisions\/19354"}],"wp:featuredmedia":[{"embeddable":true,"href":"https:\/\/www.thevisitorpanama.info\/esp\/wp-json\/wp\/v2\/media\/19345"}],"wp:attachment":[{"href":"https:\/\/www.thevisitorpanama.info\/esp\/wp-json\/wp\/v2\/media?parent=19343"}],"wp:term":[{"taxonomy":"category","embeddable":true,"href":"https:\/\/www.thevisitorpanama.info\/esp\/wp-json\/wp\/v2\/categories?post=19343"},{"taxonomy":"post_tag","embeddable":true,"href":"https:\/\/www.thevisitorpanama.info\/esp\/wp-json\/wp\/v2\/tags?post=19343"}],"curies":[{"name":"wp","href":"https:\/\/api.w.org\/{rel}","templated":true}]}}