{"id":19193,"date":"2025-09-10T21:14:52","date_gmt":"2025-09-11T02:14:52","guid":{"rendered":"https:\/\/www.thevisitorpanama.info\/esp\/?p=19193"},"modified":"2025-09-10T21:28:55","modified_gmt":"2025-09-11T02:28:55","slug":"festival-montanero-del-tambor-y-la-carreta-de-los-pozos-en-herrera-de-realizara-del-16-al-19-de-octubre","status":"publish","type":"post","link":"https:\/\/www.thevisitorpanama.info\/esp\/2025\/09\/10\/festival-montanero-del-tambor-y-la-carreta-de-los-pozos-en-herrera-de-realizara-del-16-al-19-de-octubre\/","title":{"rendered":"Festival Monta\u00f1ero del Tambor y la Carreta de Los Pozos en Herrera se Realizar\u00e1 del 16 al 19 de Octubre"},"content":{"rendered":"\n<p>Del 15 al 19 de octubre El Visitante se sumergir\u00e1 en la vibrante tradici\u00f3n de Los Pozos, Herrera, durante el Festival Monta\u00f1ero del Tambor y la Carreta, llenando el pueblo de alegr\u00eda y celebraci\u00f3n.<\/p>\n\n\n\n<p>Con concursos, espect\u00e1culos folkl\u00f3ricos y un enfoque en la participaci\u00f3n de j\u00f3venes y adultos, el festival tambi\u00e9n transmite un mensaje crucial de conservaci\u00f3n ambiental.<\/p>\n\n\n\n<figure class=\"wp-block-image size-full\"><img decoding=\"async\" loading=\"lazy\" width=\"1080\" height=\"719\" src=\"https:\/\/www.thevisitorpanama.info\/esp\/wp-content\/uploads\/2025\/09\/SnapInsta.to_462742010_1190613432026107_8475037635583938512_n.jpg\" alt=\"\" class=\"wp-image-19197\" srcset=\"https:\/\/www.thevisitorpanama.info\/esp\/wp-content\/uploads\/2025\/09\/SnapInsta.to_462742010_1190613432026107_8475037635583938512_n.jpg 1080w, https:\/\/www.thevisitorpanama.info\/esp\/wp-content\/uploads\/2025\/09\/SnapInsta.to_462742010_1190613432026107_8475037635583938512_n-768x511.jpg 768w\" sizes=\"(max-width: 1080px) 100vw, 1080px\" \/><\/figure>\n\n\n\n<p>El Visitante se debe preparar para vivir la aut\u00e9ntica cultura paname\u00f1a y disfrutar de tradiciones, m\u00fasica y celebraciones.<\/p>\n\n\n\n<p>Listq de eventos bailables durante este festival:<\/p>\n\n\n\n<p>JUEVES 16 DE OCTUBRE<\/p>\n\n\n\n<p>Concurso de Tamboritos Gala de Violines con:<\/p>\n\n\n\n<p>Jos\u00e9 Augusto Broce<\/p>\n\n\n\n<p>Y El Reducto Folcl\u00f3rico<\/p>\n\n\n\n<p>\ud83d\udd56 Hora: 7:00 P.M.<\/p>\n\n\n\n<p>\ud83c\udf9f Entrada al evento: B\/. 3.00<\/p>\n\n\n\n<p>VIERNES 17 DE OCTUBRE<\/p>\n\n\n\n<p>Baile con:<\/p>\n\n\n\n<p>\u00dalpiano Vergara<\/p>\n\n\n\n<p>Y Los Distinguidos<\/p>\n\n\n\n<p>\ud83d\udd65 Hora: 10:30 P.M.<\/p>\n\n\n\n<p>\ud83c\udf9f Entrada al evento: B\/. 10.00<\/p>\n\n\n\n<figure class=\"wp-block-image size-full\"><img decoding=\"async\" loading=\"lazy\" width=\"1080\" height=\"719\" src=\"https:\/\/www.thevisitorpanama.info\/esp\/wp-content\/uploads\/2025\/09\/SnapInsta.to_462963748_880738230692967_3671925493484590103_n.jpg\" alt=\"\" class=\"wp-image-19198\" srcset=\"https:\/\/www.thevisitorpanama.info\/esp\/wp-content\/uploads\/2025\/09\/SnapInsta.to_462963748_880738230692967_3671925493484590103_n.jpg 1080w, https:\/\/www.thevisitorpanama.info\/esp\/wp-content\/uploads\/2025\/09\/SnapInsta.to_462963748_880738230692967_3671925493484590103_n-768x511.jpg 768w\" sizes=\"(max-width: 1080px) 100vw, 1080px\" \/><\/figure>\n\n\n\n<p>S\u00c1BADO 18 DE OCTUBRE<\/p>\n\n\n\n<p>Baile con:<\/p>\n\n\n\n<p>Samy y Sandra Sandoval<\/p>\n\n\n\n<p>Y El Ritmo Monta\u00f1ero<\/p>\n\n\n\n<p>\ud83d\udd65 Hora: 10:30 P.M.<\/p>\n\n\n\n<p>\ud83c\udf9f Entrada al evento: B\/. 10.00<\/p>\n\n\n\n<p>DOMINGO 19 DE OCTUBRE<\/p>\n\n\n\n<p>Sarao con:<\/p>\n\n\n\n<p>Jonathan Ch\u00e1vez<\/p>\n\n\n\n<p>Y Los Triunfadores<\/p>\n\n\n\n<p>\ud83d\udd61 Hora: 6:30 P.M.<\/p>\n\n\n\n<p>\ud83c\udf9f Entrada al evento: B\/. 10.00<\/p>\n\n\n\n<p>ENTRADA VIP: B\/. 25.00<\/p>\n\n\n\n<p>(Cintillo de entrada a todos los eventos en el Jard\u00edn El Triunfador durante el festival)<\/p>\n\n\n\n<p>\u00bfDeseas que lo convierta en un formato digital para imprimir o compartir?<\/p>\n","protected":false},"excerpt":{"rendered":"<p>Del 15 al 19 de octubre El Visitante se sumergir\u00e1 en la vibrante tradici\u00f3n de Los Pozos, Herrera, durante el Festival Monta\u00f1ero del Tambor y la Carreta, llenando el pueblo de alegr\u00eda y celebraci\u00f3n. Con concursos, espect\u00e1culos folkl\u00f3ricos y un enfoque en la participaci\u00f3n de j\u00f3venes y adultos, el festival tambi\u00e9n transmite un mensaje crucial [&hellip;]<\/p>\n","protected":false},"author":1,"featured_media":19195,"comment_status":"open","ping_status":"open","sticky":false,"template":"","format":"standard","meta":[],"categories":[69],"tags":[],"_links":{"self":[{"href":"https:\/\/www.thevisitorpanama.info\/esp\/wp-json\/wp\/v2\/posts\/19193"}],"collection":[{"href":"https:\/\/www.thevisitorpanama.info\/esp\/wp-json\/wp\/v2\/posts"}],"about":[{"href":"https:\/\/www.thevisitorpanama.info\/esp\/wp-json\/wp\/v2\/types\/post"}],"author":[{"embeddable":true,"href":"https:\/\/www.thevisitorpanama.info\/esp\/wp-json\/wp\/v2\/users\/1"}],"replies":[{"embeddable":true,"href":"https:\/\/www.thevisitorpanama.info\/esp\/wp-json\/wp\/v2\/comments?post=19193"}],"version-history":[{"count":3,"href":"https:\/\/www.thevisitorpanama.info\/esp\/wp-json\/wp\/v2\/posts\/19193\/revisions"}],"predecessor-version":[{"id":19200,"href":"https:\/\/www.thevisitorpanama.info\/esp\/wp-json\/wp\/v2\/posts\/19193\/revisions\/19200"}],"wp:featuredmedia":[{"embeddable":true,"href":"https:\/\/www.thevisitorpanama.info\/esp\/wp-json\/wp\/v2\/media\/19195"}],"wp:attachment":[{"href":"https:\/\/www.thevisitorpanama.info\/esp\/wp-json\/wp\/v2\/media?parent=19193"}],"wp:term":[{"taxonomy":"category","embeddable":true,"href":"https:\/\/www.thevisitorpanama.info\/esp\/wp-json\/wp\/v2\/categories?post=19193"},{"taxonomy":"post_tag","embeddable":true,"href":"https:\/\/www.thevisitorpanama.info\/esp\/wp-json\/wp\/v2\/tags?post=19193"}],"curies":[{"name":"wp","href":"https:\/\/api.w.org\/{rel}","templated":true}]}}