{"id":18995,"date":"2025-08-14T21:49:31","date_gmt":"2025-08-15T02:49:31","guid":{"rendered":"https:\/\/www.thevisitorpanama.info\/esp\/?p=18995"},"modified":"2025-08-14T21:54:21","modified_gmt":"2025-08-15T02:54:21","slug":"apatel-organiza-foro-con-vision-estrategica-para-el-futuro-del-turismo","status":"publish","type":"post","link":"https:\/\/www.thevisitorpanama.info\/esp\/2025\/08\/14\/apatel-organiza-foro-con-vision-estrategica-para-el-futuro-del-turismo\/","title":{"rendered":"APATEL Organiza Foro con Visi\u00f3n Estrat\u00e9gica para el Futuro del Turismo"},"content":{"rendered":"\n<p>Panam\u00e1 (14 agosto) \u2013 \u201cInnovaci\u00f3n y Sostenibilidad 2025: una visi\u00f3n estrat\u00e9gica para el futuro del turismo de Panam\u00e1\u201d ser\u00e1 el foro que se realizar\u00e1 en este pa\u00eds como parte de la iniciativa de la<\/p>\n\n\n\n<p>Asociaci\u00f3n Paname\u00f1a de Hoteles (APATEL) para abordar los desaf\u00edos y oportunidades de la industria, desde la infraestructura y la sostenibilidad, incluyendo la tecnolog\u00eda y su gastronom\u00eda.<\/p>\n\n\n\n<p>El evento, que se realizar\u00e1 el 17 de septiembre pr\u00f3ximo, contar\u00e1 con participaci\u00f3n de expertos internacionales en materia de turismo que incluyen a la viceministra T\u00e9cnica del Ministerio de Turismo de Rep\u00fablica Dominicana, Jacqueline Mora; el Encargado de Negocios de la Embajada de M\u00e9xico en Panam\u00e1, Santiago Mateos Cibri\u00e1n; y la directora ejecutiva del Bureau de Convenciones de Medell\u00edn y Antioquia, Juliana Cardona Quir\u00f3s.<\/p>\n\n\n\n<figure class=\"wp-block-image size-full\"><img decoding=\"async\" loading=\"lazy\" width=\"1200\" height=\"1600\" src=\"https:\/\/www.thevisitorpanama.info\/esp\/wp-content\/uploads\/2025\/08\/IMG-20250814-WA0019.jpg\" alt=\"\" class=\"wp-image-19000\" srcset=\"https:\/\/www.thevisitorpanama.info\/esp\/wp-content\/uploads\/2025\/08\/IMG-20250814-WA0019.jpg 1200w, https:\/\/www.thevisitorpanama.info\/esp\/wp-content\/uploads\/2025\/08\/IMG-20250814-WA0019-768x1024.jpg 768w, https:\/\/www.thevisitorpanama.info\/esp\/wp-content\/uploads\/2025\/08\/IMG-20250814-WA0019-1152x1536.jpg 1152w\" sizes=\"(max-width: 1200px) 100vw, 1200px\" \/><\/figure>\n\n\n\n<p>Tambi\u00e9n participar\u00e1n figuras claves como Roberto Emilio Baca Plazaola, promotor del turismo sostenible; Diego Fern\u00e1ndez (Costa Rica), especialista en an\u00e1lisis de datos tur\u00edsticos; Patricia Boo, directora senior para Centro y Sudam\u00e9rica de Smith Travel Research (STR); y representantes destacados de la gastronom\u00eda paname\u00f1a como Charlie Collins, chef y embajador de la nueva cocina paname\u00f1a.<\/p>\n\n\n\n<p>Adem\u00e1s de las conferencias, el foro incluir\u00e1 espacios de networking empresarial, mesas de inversi\u00f3n y oportunidades de patrocinio dise\u00f1adas para fortalecer las relaciones entre el sector hotelero, los operadores tur\u00edsticos, los inversionistas, organismos multilaterales y entidades estatales.<\/p>\n\n\n\n<p>La presidenta de APATEL, Yovana Segarra, se\u00f1al\u00f3 que este foro representa una oportunidad clave para posicionar a Panam\u00e1 como un Hub de innovaci\u00f3n tur\u00edstica en Am\u00e9rica Latina, promoviendo un modelo econ\u00f3mico sostenible y resiliente.<\/p>\n\n\n\n<figure class=\"wp-block-image size-full\"><img decoding=\"async\" loading=\"lazy\" width=\"1059\" height=\"596\" src=\"https:\/\/www.thevisitorpanama.info\/esp\/wp-content\/uploads\/2025\/08\/IMG_20250814_215055-1.jpg\" alt=\"\" class=\"wp-image-19002\" srcset=\"https:\/\/www.thevisitorpanama.info\/esp\/wp-content\/uploads\/2025\/08\/IMG_20250814_215055-1.jpg 1059w, https:\/\/www.thevisitorpanama.info\/esp\/wp-content\/uploads\/2025\/08\/IMG_20250814_215055-1-768x432.jpg 768w\" sizes=\"(max-width: 1059px) 100vw, 1059px\" \/><\/figure>\n\n\n\n<p>De acuerdo con cifras actualizadas de la Autoridad de Turismo de Panam\u00e1 (ATP) en enero de 2025, Panam\u00e1 recibi\u00f3 3.4% m\u00e1s turistas internacionales que durante igual periodo del a\u00f1o anterior. Los ingresos por turismo alcanzaron 608.9 millones de d\u00f3lares, un crecimiento del 19.2%, mientras que la ocupaci\u00f3n hotelera se ubic\u00f3 en el 57%, una mejora progresiva, aunque a\u00fan por debajo de los niveles prepandemia.<\/p>\n\n\n\n<p>De acuerdo con cifras del Consejo Mundial de Viajes y Turismo (WTTC), autoridad mundial en el sector de Viajes y Turismo, el turismo como generador de empleo inclusivo alcanz\u00f3 en el 2024 un total de 392 mil fuentes de trabajo.<\/p>\n\n\n\n<p>Entre las estrategias que esperan sean implementadas en el turismo paname\u00f1o, se encuentra el relanzamiento del seguro al turista, mejoras en conectividad a\u00e9rea con la llegada de aerol\u00edneas, incentivos para congresos en el interior del pa\u00eds y un plan de promoci\u00f3n digital en plataformas como<\/p>\n\n\n\n<p>Expedia y Despegar.<\/p>\n\n\n\n<p>Con esta iniciativa, APATEL reafirma su compromiso con la transformaci\u00f3n del sector tur\u00edstico como motor de crecimiento econ\u00f3mico, generaci\u00f3n de empleo de calidad y atracci\u00f3n de inversi\u00f3n extranjera directa, alineado con los Objetivos de Desarrollo Sostenible (ODS) y la Agenda 2030.<\/p>\n","protected":false},"excerpt":{"rendered":"<p>Panam\u00e1 (14 agosto) \u2013 \u201cInnovaci\u00f3n y Sostenibilidad 2025: una visi\u00f3n estrat\u00e9gica para el futuro del turismo de Panam\u00e1\u201d ser\u00e1 el foro que se realizar\u00e1 en este pa\u00eds como parte de la iniciativa de la Asociaci\u00f3n Paname\u00f1a de Hoteles (APATEL) para abordar los desaf\u00edos y oportunidades de la industria, desde la infraestructura y la sostenibilidad, incluyendo [&hellip;]<\/p>\n","protected":false},"author":1,"featured_media":18997,"comment_status":"open","ping_status":"open","sticky":false,"template":"","format":"standard","meta":[],"categories":[44],"tags":[],"_links":{"self":[{"href":"https:\/\/www.thevisitorpanama.info\/esp\/wp-json\/wp\/v2\/posts\/18995"}],"collection":[{"href":"https:\/\/www.thevisitorpanama.info\/esp\/wp-json\/wp\/v2\/posts"}],"about":[{"href":"https:\/\/www.thevisitorpanama.info\/esp\/wp-json\/wp\/v2\/types\/post"}],"author":[{"embeddable":true,"href":"https:\/\/www.thevisitorpanama.info\/esp\/wp-json\/wp\/v2\/users\/1"}],"replies":[{"embeddable":true,"href":"https:\/\/www.thevisitorpanama.info\/esp\/wp-json\/wp\/v2\/comments?post=18995"}],"version-history":[{"count":3,"href":"https:\/\/www.thevisitorpanama.info\/esp\/wp-json\/wp\/v2\/posts\/18995\/revisions"}],"predecessor-version":[{"id":19003,"href":"https:\/\/www.thevisitorpanama.info\/esp\/wp-json\/wp\/v2\/posts\/18995\/revisions\/19003"}],"wp:featuredmedia":[{"embeddable":true,"href":"https:\/\/www.thevisitorpanama.info\/esp\/wp-json\/wp\/v2\/media\/18997"}],"wp:attachment":[{"href":"https:\/\/www.thevisitorpanama.info\/esp\/wp-json\/wp\/v2\/media?parent=18995"}],"wp:term":[{"taxonomy":"category","embeddable":true,"href":"https:\/\/www.thevisitorpanama.info\/esp\/wp-json\/wp\/v2\/categories?post=18995"},{"taxonomy":"post_tag","embeddable":true,"href":"https:\/\/www.thevisitorpanama.info\/esp\/wp-json\/wp\/v2\/tags?post=18995"}],"curies":[{"name":"wp","href":"https:\/\/api.w.org\/{rel}","templated":true}]}}