{"id":18985,"date":"2025-08-14T10:00:06","date_gmt":"2025-08-14T15:00:06","guid":{"rendered":"https:\/\/www.thevisitorpanama.info\/esp\/?p=18985"},"modified":"2025-08-14T11:19:23","modified_gmt":"2025-08-14T16:19:23","slug":"boquete-se-prepara-para-vivir-sinfonia-en-las-alturas-el-15-de-agosto","status":"publish","type":"post","link":"https:\/\/www.thevisitorpanama.info\/esp\/2025\/08\/14\/boquete-se-prepara-para-vivir-sinfonia-en-las-alturas-el-15-de-agosto\/","title":{"rendered":"Boquete se Prepara para Vivir \u201cSinfon\u00eda en las Alturas\u201d el 15 de Agosto en Finca L\u00e9rida"},"content":{"rendered":"\n<p>En un encuentro con medios de comunicaci\u00f3n realizado ayer13 de agosto, se anunci\u00f3 oficialmente la realizaci\u00f3n del esperado concierto \u201cSinfon\u00eda en las Alturas\u201d, que tendr\u00e1 lugar el viernes 15 de agosto en el Sal\u00f3n Eucalipto de Finca L\u00e9rida, un escenario \u00fanico en medio de la naturaleza boquete\u00f1a.<\/p>\n\n\n\n<figure class=\"wp-block-image size-full\"><img decoding=\"async\" loading=\"lazy\" width=\"720\" height=\"1280\" src=\"https:\/\/www.thevisitorpanama.info\/esp\/wp-content\/uploads\/2025\/08\/IMG-20250814-WA0004.jpg\" alt=\"\" class=\"wp-image-18988\"\/><\/figure>\n\n\n\n<p>Durante la rueda de prensa, los organizadores destacaron el impacto positivo que este evento genera para Boquete como destino cultural y tur\u00edstico, proyectando su belleza y hospitalidad a nivel nacional e internacional. Asimismo, se resalt\u00f3 la importancia de fortalecer la cultura en Panam\u00e1, fomentando su desarrollo, exposici\u00f3n y disfrute en todas las edades.<\/p>\n\n\n\n<p>\u201cEs fundamental que los ni\u00f1os se acerquen a la m\u00fasica sinf\u00f3nica, que la vivan y la disfruten; sembrar en ellos el gusto por estas expresiones es apostar por el futuro cultural del pa\u00eds\u201d, expresaron los voceros. Tambi\u00e9n se adelant\u00f3 que se est\u00e1n planificando futuras ediciones de \u201cSinfon\u00eda en las Alturas\u201d en otros distritos y provincias, llevando la experiencia a m\u00e1s rincones del pa\u00eds.<\/p>\n\n\n\n<figure class=\"wp-block-image size-full\"><img decoding=\"async\" loading=\"lazy\" width=\"720\" height=\"1280\" src=\"https:\/\/www.thevisitorpanama.info\/esp\/wp-content\/uploads\/2025\/08\/IMG-20250814-WA0003.jpg\" alt=\"\" class=\"wp-image-18989\"\/><\/figure>\n\n\n\n<p>El concierto contar\u00e1 con la participaci\u00f3n de la Sinf\u00f3nica Juvenil de Chiriqu\u00ed, de la red de coro y orquestas de Panam\u00e1, el reconocido tenor Jota \u00c1lvarez Torres y el Coro A Viva Voz de la Universidad Aut\u00f3noma de Chiriqu\u00ed (UNACHI), prometiendo una velada inolvidable para los amantes de la m\u00fasica y quienes buscan vivir una experiencia sensorial en un entorno natural privilegiado.<\/p>\n\n\n\n<p>Los boletos est\u00e1n disponibles a un precio especial de $20 en preventa y tendr\u00e1n un costo de $30 el d\u00eda del evento.<\/p>\n\n\n\n<p><strong>Agradecimientos especiales<\/strong><br>Este evento es presentado es posible gracias al apoyo del Ministerio de Cultura, la Autoridad de Turismo de Panam\u00e1 y la Alcald\u00eda de Boquete. Agradecemos profundamente a Finca L\u00e9rida por abrir sus puertas, y a nuestros patrocinadores y aliados: Ron Abuelo, Bambito, Hampton, Hastor, Mailboxes, Radio Chiriqu\u00ed, Femuperp, Seder\u00eda Yveth Rosas, Si Es Natural, Miel de Abeja Natural Apima, Rosas, Panacultura y Momentos Magazine.<\/p>\n\n\n\n<figure class=\"wp-block-image size-full\"><img decoding=\"async\" loading=\"lazy\" width=\"720\" height=\"1280\" src=\"https:\/\/www.thevisitorpanama.info\/esp\/wp-content\/uploads\/2025\/08\/IMG-20250814-WA0002.jpg\" alt=\"\" class=\"wp-image-18991\"\/><\/figure>\n\n\n\n<p>Tambi\u00e9n extendemos nuestro reconocimiento a todos los medios de comunicaci\u00f3n que participaron y contin\u00faan apoyando la difusi\u00f3n de esta iniciativa cultural.<\/p>\n\n\n\n<p>\u201cSinfon\u00eda en las Alturas\u201d invita al p\u00fablico a vivir una noche m\u00e1gica donde la m\u00fasica y la naturaleza se unen en perfecta armon\u00eda.<\/p>\n","protected":false},"excerpt":{"rendered":"<p>En un encuentro con medios de comunicaci\u00f3n realizado ayer13 de agosto, se anunci\u00f3 oficialmente la realizaci\u00f3n del esperado concierto \u201cSinfon\u00eda en las Alturas\u201d, que tendr\u00e1 lugar el viernes 15 de agosto en el Sal\u00f3n Eucalipto de Finca L\u00e9rida, un escenario \u00fanico en medio de la naturaleza boquete\u00f1a. Durante la rueda de prensa, los organizadores destacaron [&hellip;]<\/p>\n","protected":false},"author":1,"featured_media":18987,"comment_status":"open","ping_status":"open","sticky":false,"template":"","format":"standard","meta":[],"categories":[69],"tags":[],"_links":{"self":[{"href":"https:\/\/www.thevisitorpanama.info\/esp\/wp-json\/wp\/v2\/posts\/18985"}],"collection":[{"href":"https:\/\/www.thevisitorpanama.info\/esp\/wp-json\/wp\/v2\/posts"}],"about":[{"href":"https:\/\/www.thevisitorpanama.info\/esp\/wp-json\/wp\/v2\/types\/post"}],"author":[{"embeddable":true,"href":"https:\/\/www.thevisitorpanama.info\/esp\/wp-json\/wp\/v2\/users\/1"}],"replies":[{"embeddable":true,"href":"https:\/\/www.thevisitorpanama.info\/esp\/wp-json\/wp\/v2\/comments?post=18985"}],"version-history":[{"count":4,"href":"https:\/\/www.thevisitorpanama.info\/esp\/wp-json\/wp\/v2\/posts\/18985\/revisions"}],"predecessor-version":[{"id":18994,"href":"https:\/\/www.thevisitorpanama.info\/esp\/wp-json\/wp\/v2\/posts\/18985\/revisions\/18994"}],"wp:featuredmedia":[{"embeddable":true,"href":"https:\/\/www.thevisitorpanama.info\/esp\/wp-json\/wp\/v2\/media\/18987"}],"wp:attachment":[{"href":"https:\/\/www.thevisitorpanama.info\/esp\/wp-json\/wp\/v2\/media?parent=18985"}],"wp:term":[{"taxonomy":"category","embeddable":true,"href":"https:\/\/www.thevisitorpanama.info\/esp\/wp-json\/wp\/v2\/categories?post=18985"},{"taxonomy":"post_tag","embeddable":true,"href":"https:\/\/www.thevisitorpanama.info\/esp\/wp-json\/wp\/v2\/tags?post=18985"}],"curies":[{"name":"wp","href":"https:\/\/api.w.org\/{rel}","templated":true}]}}