{"id":18980,"date":"2025-08-13T20:27:08","date_gmt":"2025-08-14T01:27:08","guid":{"rendered":"https:\/\/www.thevisitorpanama.info\/esp\/?p=18980"},"modified":"2025-08-13T20:31:54","modified_gmt":"2025-08-14T01:31:54","slug":"turismo-en-bocas-del-toro-empieza-a-reactivarse","status":"publish","type":"post","link":"https:\/\/www.thevisitorpanama.info\/esp\/2025\/08\/13\/turismo-en-bocas-del-toro-empieza-a-reactivarse\/","title":{"rendered":"Turismo en Bocas del Toro Empieza a Reactivarse"},"content":{"rendered":"\n<p>Tras los dif\u00edciles meses de cierres y protestas, Bocas del Toro vuelve a abrir sus brazos al turismo con una recuperaci\u00f3n que, aunque gradual, muestra se\u00f1ales alentadoras. Empresarios locales coinciden en que el destino est\u00e1 listo para recibir nuevamente a quienes buscan playas, naturaleza y cultura caribe\u00f1a.<\/p>\n\n\n\n<p>Aris Pimentel, presidente de la C\u00e1mara de Comercio provincial, asegura que las islas y Chiriqu\u00ed Grande ya viven un retorno a la normalidad. Aunque Changuinola y Almirante afrontan retos econ\u00f3micos, el esp\u00edritu de la comunidad se mantiene firme.<\/p>\n\n\n\n<p>Para Manuel Sanjur, de la C\u00e1mara de Comercio del Archipi\u00e9lago, la llegada de la Feria del Mar en septiembre ser\u00e1 un impulso clave para atraer visitantes y reactivar la econom\u00eda. \u201cNo es una afluencia masiva, pero hay m\u00e1s movimiento que antes\u201d, afirma.<\/p>\n\n\n\n<p>Juan De Caro, presidente de la C\u00e1mara de Turismo, reconoce que las huelgas golpearon la temporada alta, pero enfatiza que Bocas sigue ofreciendo experiencias \u00fanicas: paseos en lancha, gastronom\u00eda fresca y hospedajes con encanto.<\/p>\n\n\n\n<p>Hoy, el llamado es claro: Bocas del Toro est\u00e1 de pie y m\u00e1s que listo para recibir a turistas nacionales e internacionales. Porque en este destino cada visita es una invitaci\u00f3n a descubrir que el para\u00edso sigue intacto.<\/p>\n","protected":false},"excerpt":{"rendered":"<p>Tras los dif\u00edciles meses de cierres y protestas, Bocas del Toro vuelve a abrir sus brazos al turismo con una recuperaci\u00f3n que, aunque gradual, muestra se\u00f1ales alentadoras. Empresarios locales coinciden en que el destino est\u00e1 listo para recibir nuevamente a quienes buscan playas, naturaleza y cultura caribe\u00f1a. Aris Pimentel, presidente de la C\u00e1mara de Comercio [&hellip;]<\/p>\n","protected":false},"author":1,"featured_media":18982,"comment_status":"open","ping_status":"open","sticky":false,"template":"","format":"standard","meta":[],"categories":[44],"tags":[],"_links":{"self":[{"href":"https:\/\/www.thevisitorpanama.info\/esp\/wp-json\/wp\/v2\/posts\/18980"}],"collection":[{"href":"https:\/\/www.thevisitorpanama.info\/esp\/wp-json\/wp\/v2\/posts"}],"about":[{"href":"https:\/\/www.thevisitorpanama.info\/esp\/wp-json\/wp\/v2\/types\/post"}],"author":[{"embeddable":true,"href":"https:\/\/www.thevisitorpanama.info\/esp\/wp-json\/wp\/v2\/users\/1"}],"replies":[{"embeddable":true,"href":"https:\/\/www.thevisitorpanama.info\/esp\/wp-json\/wp\/v2\/comments?post=18980"}],"version-history":[{"count":1,"href":"https:\/\/www.thevisitorpanama.info\/esp\/wp-json\/wp\/v2\/posts\/18980\/revisions"}],"predecessor-version":[{"id":18981,"href":"https:\/\/www.thevisitorpanama.info\/esp\/wp-json\/wp\/v2\/posts\/18980\/revisions\/18981"}],"wp:featuredmedia":[{"embeddable":true,"href":"https:\/\/www.thevisitorpanama.info\/esp\/wp-json\/wp\/v2\/media\/18982"}],"wp:attachment":[{"href":"https:\/\/www.thevisitorpanama.info\/esp\/wp-json\/wp\/v2\/media?parent=18980"}],"wp:term":[{"taxonomy":"category","embeddable":true,"href":"https:\/\/www.thevisitorpanama.info\/esp\/wp-json\/wp\/v2\/categories?post=18980"},{"taxonomy":"post_tag","embeddable":true,"href":"https:\/\/www.thevisitorpanama.info\/esp\/wp-json\/wp\/v2\/tags?post=18980"}],"curies":[{"name":"wp","href":"https:\/\/api.w.org\/{rel}","templated":true}]}}