{"id":18924,"date":"2025-07-21T17:43:46","date_gmt":"2025-07-21T22:43:46","guid":{"rendered":"https:\/\/www.thevisitorpanama.info\/esp\/?p=18924"},"modified":"2025-07-21T18:27:19","modified_gmt":"2025-07-21T23:27:19","slug":"chiriqui-cautiva-al-mundo-con-su-ecoturismo-y-cafe-de-especialidad","status":"publish","type":"post","link":"https:\/\/www.thevisitorpanama.info\/esp\/2025\/07\/21\/chiriqui-cautiva-al-mundo-con-su-ecoturismo-y-cafe-de-especialidad\/","title":{"rendered":"Chiriqu\u00ed, Cautiva al Mundo con su Ecoturismo y Caf\u00e9 de Especialidad"},"content":{"rendered":"\n<p>Nuestra edici\u00f3n de este mes nos transporta a la provincia de Chiriqu\u00ed, regi\u00f3n pujante que est\u00e1 construyendo un modelo de desarrollo integral, equilibrado y sostenible, siendo su oferta tur\u00edstica una gran fuente de valor, atractivo y desarrollo.<\/p>\n\n\n\n<p>Para apoyar el desarrollo tur\u00edstico de esta provincia El Visitante &#8211; The Visitor estar\u00e1 presente durante la Rueda de Negocios de la C\u00e1mara de Comercio de Chiriqu\u00ed del 20 al 21 de agosto informando a nacionales y extranjeros, las maravillas y oportunidades de negocios en turismo que ofrece esta regi\u00f3n.<\/p>\n\n\n\n<p>Por esta raz\u00f3n nuestro Invitado Especial, es oriundo de la provincia Chiricana y un experto en caf\u00e9 de especialidad: Francisco Serracin. Destacado empresario miembro activo de CAMCHI y productor del caf\u00e9 Geisha a trav\u00e9s de su Finca Don Pachi Estate, habla en exclusiva acerca de los beneficios que traer\u00e1 el World of Coffee Panam\u00e1 2026. Mega evento que traer\u00e1 grandes beneficios econ\u00f3micos y de posicionamiento para nuestra marca pa\u00eds.<\/p>\n\n\n\n<p>Esto nos lleva al Reportaje de Portada que deleitar\u00e1 a los lectores con un recorrido por la provincia de Chiriqu\u00ed. Un referente del ecoturismo, el caf\u00e9 y el turismo de aventura en nuestro pa\u00eds. Un viaje por la riqueza natural de Boquete y Tierras Altas, las principales fincas cafetaleras, as\u00ed como el Golfo de Chiriqu\u00ed, una joya del pac\u00edfico que asombra por su espectacular belleza y riqueza ecotur\u00edstica.<\/p>\n\n\n\n<p>En el segmento Nuestra Tierra, visitamos las principales fincas de caf\u00e9 de Boquete, cuna del caf\u00e9 de especialidad Geisha. Cada una ofreciendo experiencias inmersivas \u00fanicas a sus Visitantes.<\/p>\n\n\n\n<p>En Eventos del mes, promovemos la Rueda de Negocios, que est\u00e1 siendo organizado por CAMCHI, del 20 al 21 de agosto. La plataforma m\u00e1s grande de negocios de la regi\u00f3n occidental, donde empresarios nacionales y de todas partes del mundo fomenten el intercambio comercial tan importante para la provincia y todo Panam\u00e1.&nbsp;<\/p>\n\n\n\n<p>A medida que el lector se adentre en las p\u00e1ginas de nuestra nueva edici\u00f3n se deleitar\u00e1 con experiencias 100% paname\u00f1as como el reportaje en Vacacionando, donde hablamos de las cinco playas perfectas y de indiscutible belleza que deben descubrir. As\u00ed tambi\u00e9n en nuestra Nota Especial, donde le llevaremos a conocer una experiencia gastron\u00f3mica \u00fanica llamada &#8220;Vamos a Comer Col\u00f3n&#8221;, un tour realizado por Juli\u00e1n Urbina para saborear y experimentar los sabores \u00fanicos de Col\u00f3n, una de las ciudades m\u00e1s hist\u00f3ricas del pa\u00eds.&nbsp;<\/p>\n\n\n\n<p>Hablando de Historia y Cultura, en este segmento resaltamos dos lugares que comparten el 15 de agosto como fecha de fundaci\u00f3n: el Canal Interoce\u00e1nico y la Ciudad de Panam\u00e1. Un repaso por los acontecimientos hist\u00f3ricos que comparten y que han ayudado al desarrollo de ambos a lo largo de los a\u00f1os.&nbsp;<\/p>\n\n\n\n<p>En Sabores, invitamos a todos los lectores a conocer personalmente dos emprendimientos que son muestra de amor por la cocina, sue\u00f1os y metas cumplidas. Da Stefano Trattoria, un restaurante italiano en el coraz\u00f3n de Costa del Este, reflejo de una historia de amor por la cocina, la familia y las ra\u00edces que se saborea en cada plato. Al igual que a La Cocina de Nono, sin\u00f3nimo de cocina casera y ambiente familiar. Un &#8220;delishop&#8221; que con profesionalismo y pasi\u00f3n ofrece panader\u00eda y pasteler\u00eda confeccionadas a base de recetas familiares y de inspiraci\u00f3n gracias al trabajo ard\u00fao de su propietaria Ana Rebeca Chanis.<\/p>\n\n\n\n<p>Chiriqu\u00ed y Panam\u00e1 se consolidan a nivel internacional por su experiencia cafetalera, aventuras intensas, escapadas playeras y una profunda historia.&nbsp;<\/p>\n\n\n\n<p>.<\/p>\n\n\n\n<p>Mari\u00e1ngela Ara\u00faz Anselmi<\/p>\n\n\n\n<p>Directora General<\/p>\n\n\n\n<p>www.thevisitorpanama.info<\/p>\n\n\n\n<p>@thevisitorpanama<\/p>\n","protected":false},"excerpt":{"rendered":"<p>Nuestra edici\u00f3n de este mes nos transporta a la provincia de Chiriqu\u00ed, regi\u00f3n pujante que est\u00e1 construyendo un modelo de desarrollo integral, equilibrado y sostenible, siendo su oferta tur\u00edstica una gran fuente de valor, atractivo y desarrollo. Para apoyar el desarrollo tur\u00edstico de esta provincia El Visitante &#8211; The Visitor estar\u00e1 presente durante la Rueda [&hellip;]<\/p>\n","protected":false},"author":1,"featured_media":18942,"comment_status":"open","ping_status":"open","sticky":false,"template":"","format":"standard","meta":[],"categories":[43],"tags":[],"_links":{"self":[{"href":"https:\/\/www.thevisitorpanama.info\/esp\/wp-json\/wp\/v2\/posts\/18924"}],"collection":[{"href":"https:\/\/www.thevisitorpanama.info\/esp\/wp-json\/wp\/v2\/posts"}],"about":[{"href":"https:\/\/www.thevisitorpanama.info\/esp\/wp-json\/wp\/v2\/types\/post"}],"author":[{"embeddable":true,"href":"https:\/\/www.thevisitorpanama.info\/esp\/wp-json\/wp\/v2\/users\/1"}],"replies":[{"embeddable":true,"href":"https:\/\/www.thevisitorpanama.info\/esp\/wp-json\/wp\/v2\/comments?post=18924"}],"version-history":[{"count":1,"href":"https:\/\/www.thevisitorpanama.info\/esp\/wp-json\/wp\/v2\/posts\/18924\/revisions"}],"predecessor-version":[{"id":18925,"href":"https:\/\/www.thevisitorpanama.info\/esp\/wp-json\/wp\/v2\/posts\/18924\/revisions\/18925"}],"wp:featuredmedia":[{"embeddable":true,"href":"https:\/\/www.thevisitorpanama.info\/esp\/wp-json\/wp\/v2\/media\/18942"}],"wp:attachment":[{"href":"https:\/\/www.thevisitorpanama.info\/esp\/wp-json\/wp\/v2\/media?parent=18924"}],"wp:term":[{"taxonomy":"category","embeddable":true,"href":"https:\/\/www.thevisitorpanama.info\/esp\/wp-json\/wp\/v2\/categories?post=18924"},{"taxonomy":"post_tag","embeddable":true,"href":"https:\/\/www.thevisitorpanama.info\/esp\/wp-json\/wp\/v2\/tags?post=18924"}],"curies":[{"name":"wp","href":"https:\/\/api.w.org\/{rel}","templated":true}]}}