{"id":18774,"date":"2025-07-06T20:51:56","date_gmt":"2025-07-07T01:51:56","guid":{"rendered":"https:\/\/www.thevisitorpanama.info\/esp\/?p=18774"},"modified":"2025-07-06T21:19:23","modified_gmt":"2025-07-07T02:19:23","slug":"alcaldia-de-panama-analiza-realizar-el-casco-peatonal-de-manera-permanente","status":"publish","type":"post","link":"https:\/\/www.thevisitorpanama.info\/esp\/2025\/07\/06\/alcaldia-de-panama-analiza-realizar-el-casco-peatonal-de-manera-permanente\/","title":{"rendered":"Alcald\u00eda de Panam\u00e1 Analiza la Posibilidad de Realizar el &#8220;Casco Peatonal&#8221; de Manera Permanente"},"content":{"rendered":"\n<p>El \u00e9xito de las cuatro ediciones del Casco Peatonal est\u00e1 llevando a la Alcald\u00eda de Panam\u00e1 a analizar la posibilidad de realizar esta actividad de manera permanente.<\/p>\n\n\n\n<p>Seg\u00fan la Directora de Cultura y Turismo Carla Duque la Alcald\u00eda desea extender esta actividad a dos fines de semana por mes y desde ahi ver la posibilidad de llevarlo a cuatro.<\/p>\n\n\n\n<p>En total, las cuatro ediciones de esta actividad recibi\u00f3 a 350,000 de personas con una generaci\u00f3n de econom\u00eda circular valorada en $3,9 millones. A su vez, vislumbran extenderlo m\u00e1s all\u00e1 del Casco, ya que en la \u00faltima edici\u00f3n tambi\u00e9n se incluy\u00f3 el \u00e1rea de Santa Ana.<\/p>\n\n\n\n<p>El l\u00edder de los vecinos de Casco Antiguos indic\u00f3 que lo positivo de la \u00faltima edici\u00f3n, en comparaci\u00f3n de la primera, es que hubo menos presencia de autos y m\u00e1s de personas, lo que hace que la movilidad por el casco sea m\u00e1s f\u00e1cil y segura.<\/p>\n\n\n\n<p>Igualmente coment\u00f3 que no ven mal la extensi\u00f3n del evento ya que brinda m\u00e1s actividades de reacreaci\u00f3n para los locales y se incrementa la presencia de seguridad en el \u00e1rea.<\/p>\n\n\n\n<p>Desde la Alcald\u00eda indicaron que este proyecto va de la mano con MiBus, para aumentar la frecuencia del transporte desde la 5 de Mayo y la Cinta Costera.<\/p>\n","protected":false},"excerpt":{"rendered":"<p>El \u00e9xito de las cuatro ediciones del Casco Peatonal est\u00e1 llevando a la Alcald\u00eda de Panam\u00e1 a analizar la posibilidad de realizar esta actividad de manera permanente. Seg\u00fan la Directora de Cultura y Turismo Carla Duque la Alcald\u00eda desea extender esta actividad a dos fines de semana por mes y desde ahi ver la posibilidad [&hellip;]<\/p>\n","protected":false},"author":1,"featured_media":18776,"comment_status":"open","ping_status":"open","sticky":false,"template":"","format":"standard","meta":[],"categories":[44],"tags":[],"_links":{"self":[{"href":"https:\/\/www.thevisitorpanama.info\/esp\/wp-json\/wp\/v2\/posts\/18774"}],"collection":[{"href":"https:\/\/www.thevisitorpanama.info\/esp\/wp-json\/wp\/v2\/posts"}],"about":[{"href":"https:\/\/www.thevisitorpanama.info\/esp\/wp-json\/wp\/v2\/types\/post"}],"author":[{"embeddable":true,"href":"https:\/\/www.thevisitorpanama.info\/esp\/wp-json\/wp\/v2\/users\/1"}],"replies":[{"embeddable":true,"href":"https:\/\/www.thevisitorpanama.info\/esp\/wp-json\/wp\/v2\/comments?post=18774"}],"version-history":[{"count":5,"href":"https:\/\/www.thevisitorpanama.info\/esp\/wp-json\/wp\/v2\/posts\/18774\/revisions"}],"predecessor-version":[{"id":18782,"href":"https:\/\/www.thevisitorpanama.info\/esp\/wp-json\/wp\/v2\/posts\/18774\/revisions\/18782"}],"wp:featuredmedia":[{"embeddable":true,"href":"https:\/\/www.thevisitorpanama.info\/esp\/wp-json\/wp\/v2\/media\/18776"}],"wp:attachment":[{"href":"https:\/\/www.thevisitorpanama.info\/esp\/wp-json\/wp\/v2\/media?parent=18774"}],"wp:term":[{"taxonomy":"category","embeddable":true,"href":"https:\/\/www.thevisitorpanama.info\/esp\/wp-json\/wp\/v2\/categories?post=18774"},{"taxonomy":"post_tag","embeddable":true,"href":"https:\/\/www.thevisitorpanama.info\/esp\/wp-json\/wp\/v2\/tags?post=18774"}],"curies":[{"name":"wp","href":"https:\/\/api.w.org\/{rel}","templated":true}]}}