{"id":18754,"date":"2025-07-03T19:08:59","date_gmt":"2025-07-04T00:08:59","guid":{"rendered":"https:\/\/www.thevisitorpanama.info\/esp\/?p=18754"},"modified":"2025-07-03T20:27:12","modified_gmt":"2025-07-04T01:27:12","slug":"panama-tendra-por-primera-vez-una-delegacion-oficial-en-global-bird-fair","status":"publish","type":"post","link":"https:\/\/www.thevisitorpanama.info\/esp\/2025\/07\/03\/panama-tendra-por-primera-vez-una-delegacion-oficial-en-global-bird-fair\/","title":{"rendered":"Panam\u00e1 Tendr\u00e1 por Primera Vez una Delegaci\u00f3n Oficial en el Global Bird Fair en Inglaterra"},"content":{"rendered":"\n<p>Panam\u00e1 tendr\u00e1 por primera vez a trav\u00e9s del Fondo de promoci\u00f3n tur\u00edstica- Promtur, una delegaci\u00f3n oficial en Global Bird Fair, la feria de observadores de aves m\u00e1s grande e importante del mundo en Rutland, Inglaterra, del 11 al 13 de julio.<\/p>\n\n\n\n<figure class=\"wp-block-image size-full\"><img decoding=\"async\" loading=\"lazy\" width=\"1600\" height=\"766\" src=\"https:\/\/www.thevisitorpanama.info\/esp\/wp-content\/uploads\/2025\/07\/IMG-20250702-WA0034.jpg\" alt=\"\" class=\"wp-image-18763\" srcset=\"https:\/\/www.thevisitorpanama.info\/esp\/wp-content\/uploads\/2025\/07\/IMG-20250702-WA0034.jpg 1600w, https:\/\/www.thevisitorpanama.info\/esp\/wp-content\/uploads\/2025\/07\/IMG-20250702-WA0034-768x368.jpg 768w, https:\/\/www.thevisitorpanama.info\/esp\/wp-content\/uploads\/2025\/07\/IMG-20250702-WA0034-1536x735.jpg 1536w\" sizes=\"(max-width: 1600px) 100vw, 1600px\" \/><\/figure>\n\n\n\n<p>Uni\u00e9ndose a la convocatoria gestionada por la Fundaci\u00f3n Alada, asistir\u00e1n 8 delegados del nicho (pioneros y nuevos actores) con sus productos, eventos y servicios y representar\u00e1n de forma solidaria a toda la industria del aviturismo, en un hermoso stand y 4 conferencias sobre la industria local en Panam\u00e1, las aves del neotr\u00f3pico, el programa de conservaci\u00f3n del guacamayo verde y los 25 a\u00f1os de Canopy Family.<\/p>\n\n\n\n<figure class=\"wp-block-image size-full\"><img decoding=\"async\" loading=\"lazy\" width=\"908\" height=\"1280\" src=\"https:\/\/www.thevisitorpanama.info\/esp\/wp-content\/uploads\/2025\/07\/IMG-20250702-WA0035.jpg\" alt=\"\" class=\"wp-image-18760\" srcset=\"https:\/\/www.thevisitorpanama.info\/esp\/wp-content\/uploads\/2025\/07\/IMG-20250702-WA0035.jpg 908w, https:\/\/www.thevisitorpanama.info\/esp\/wp-content\/uploads\/2025\/07\/IMG-20250702-WA0035-768x1083.jpg 768w\" sizes=\"(max-width: 908px) 100vw, 908px\" \/><\/figure>\n\n\n\n<p>Global Bird Fair es un evento de trascendental importancia a nivel internacional que congrega a l\u00edderes y actores clave del turismo ornitol\u00f3gico, siendo una oportunidad invaluable y estrat\u00e9gica para Panam\u00e1 como principal destino verde virgen en Centroam\u00e9rica.<\/p>\n\n\n\n<p>Seg\u00fan Flavia Cozzarelli, Directora Ejecutiva de Panam\u00e1 Bird Festival -Esta primera oportunidad con el apoyo de Promtur, debe convertirse en una estrategia promocional del nicho, qu\u00e9 abrir\u00e1 la puerta a toda la peque\u00f1a y pujante industria del aviturismo, para obtener visibilidad y m\u00e1s decisi\u00f3n de viaje entre los turistas observadores entusiastas de mercados como Estados Unidos, Europa y Latinoam\u00e9rica; qu\u00e9 buscan un destino ideal, eficiente, con buenas pr\u00e1cticas comerciales y sostenibles, con una gran lista de especies, gu\u00edas id\u00f3neos, locaciones espectaculares y productos y servicios de excelencia al alcance de todos-.<\/p>\n\n\n\n<p>Global Bird Fair es un evento de trascendental importancia a nivel internacional, que congrega a l\u00edderes y actores clave del turismo ornitol\u00f3gico, siendo una oportunidad invaluable y estrat\u00e9gica para Panam\u00e1 como principal destino verde y virgen en Centroam\u00e9rica y facilita el establecimiento de contactos de alto nivel con operadores tur\u00edsticos, OSFL de conservaci\u00f3n, inversionistas, medios de comunicaci\u00f3n y otros actores referentes de esta extraordinaria actividad de contacto con las aves y la biodiversidad.<\/p>\n\n\n\n<figure class=\"wp-block-image size-full\"><img decoding=\"async\" loading=\"lazy\" width=\"904\" height=\"1280\" src=\"https:\/\/www.thevisitorpanama.info\/esp\/wp-content\/uploads\/2025\/07\/IMG-20250702-WA0036.jpg\" alt=\"\" class=\"wp-image-18762\" srcset=\"https:\/\/www.thevisitorpanama.info\/esp\/wp-content\/uploads\/2025\/07\/IMG-20250702-WA0036.jpg 904w, https:\/\/www.thevisitorpanama.info\/esp\/wp-content\/uploads\/2025\/07\/IMG-20250702-WA0036-768x1087.jpg 768w\" sizes=\"(max-width: 904px) 100vw, 904px\" \/><\/figure>\n\n\n\n<p>Panam\u00e1 se precia de tener una lista de 1026 especies de aves, diversos h\u00e1bitats, cielos llenos de aves migratorias 2 veces al a\u00f1o con m\u00e1s de 2.5 millones de aves en tr\u00e1nsito, 7 sitios Ramsar, un sistema de m\u00e1s de 120 parques nacionales y \u00e1reas protegidas, conectividad para llegar a suelo istme\u00f1o con excelentes ofertas, una red de m\u00e1s de 60 reservas privadas, humedales y manglares de inter\u00e9s hemisf\u00e9rico y adem\u00e1s de ser uno de los 5 corredores biol\u00f3gicos del mundo entre otros hitos que hacen la diferencia en la experiencia.<\/p>\n\n\n\n<p>Delegados Oficiales:&nbsp;<\/p>\n\n\n\n<p>Portavoz-Fundaci\u00f3n Alada\/Panama Bird Festival- Flavia Cozzarelli&nbsp; 66859118<\/p>\n\n\n\n<p>Panama Wild Conservation\/Azuero Luis Ure\u00f1a<\/p>\n\n\n\n<p>Fundaci\u00f3n Avifauna\/Panama Rainforest Discovery Center- Beatriz Schmitt<\/p>\n\n\n\n<p>Ecotour Darien- Erasmo De Le\u00f3n<\/p>\n\n\n\n<p>Heliconia Inn\/Tanager Tourism-Veraguas- Loes y Kees Groenjendilk<\/p>\n\n\n\n<p>Gamboa Reserve\/Panamazing- Jos\u00e9 Soto<\/p>\n\n\n\n<p>Daniel Arias-Canopy Tower<\/p>\n","protected":false},"excerpt":{"rendered":"<p>Panam\u00e1 tendr\u00e1 por primera vez a trav\u00e9s del Fondo de promoci\u00f3n tur\u00edstica- Promtur, una delegaci\u00f3n oficial en Global Bird Fair, la feria de observadores de aves m\u00e1s grande e importante del mundo en Rutland, Inglaterra, del 11 al 13 de julio. Uni\u00e9ndose a la convocatoria gestionada por la Fundaci\u00f3n Alada, asistir\u00e1n 8 delegados del nicho [&hellip;]<\/p>\n","protected":false},"author":1,"featured_media":18759,"comment_status":"open","ping_status":"open","sticky":false,"template":"","format":"standard","meta":[],"categories":[44],"tags":[],"_links":{"self":[{"href":"https:\/\/www.thevisitorpanama.info\/esp\/wp-json\/wp\/v2\/posts\/18754"}],"collection":[{"href":"https:\/\/www.thevisitorpanama.info\/esp\/wp-json\/wp\/v2\/posts"}],"about":[{"href":"https:\/\/www.thevisitorpanama.info\/esp\/wp-json\/wp\/v2\/types\/post"}],"author":[{"embeddable":true,"href":"https:\/\/www.thevisitorpanama.info\/esp\/wp-json\/wp\/v2\/users\/1"}],"replies":[{"embeddable":true,"href":"https:\/\/www.thevisitorpanama.info\/esp\/wp-json\/wp\/v2\/comments?post=18754"}],"version-history":[{"count":5,"href":"https:\/\/www.thevisitorpanama.info\/esp\/wp-json\/wp\/v2\/posts\/18754\/revisions"}],"predecessor-version":[{"id":18765,"href":"https:\/\/www.thevisitorpanama.info\/esp\/wp-json\/wp\/v2\/posts\/18754\/revisions\/18765"}],"wp:featuredmedia":[{"embeddable":true,"href":"https:\/\/www.thevisitorpanama.info\/esp\/wp-json\/wp\/v2\/media\/18759"}],"wp:attachment":[{"href":"https:\/\/www.thevisitorpanama.info\/esp\/wp-json\/wp\/v2\/media?parent=18754"}],"wp:term":[{"taxonomy":"category","embeddable":true,"href":"https:\/\/www.thevisitorpanama.info\/esp\/wp-json\/wp\/v2\/categories?post=18754"},{"taxonomy":"post_tag","embeddable":true,"href":"https:\/\/www.thevisitorpanama.info\/esp\/wp-json\/wp\/v2\/tags?post=18754"}],"curies":[{"name":"wp","href":"https:\/\/api.w.org\/{rel}","templated":true}]}}