{"id":18359,"date":"2025-05-04T19:34:38","date_gmt":"2025-05-05T00:34:38","guid":{"rendered":"https:\/\/www.thevisitorpanama.info\/esp\/?p=18359"},"modified":"2025-05-04T19:54:25","modified_gmt":"2025-05-05T00:54:25","slug":"turistas-nacionales-y-extranjeros-disfrutaron-del-festival-de-diablos-y-congos-en-portobelo","status":"publish","type":"post","link":"https:\/\/www.thevisitorpanama.info\/esp\/2025\/05\/04\/turistas-nacionales-y-extranjeros-disfrutaron-del-festival-de-diablos-y-congos-en-portobelo\/","title":{"rendered":"Festival de Diablos y Congos 2025, Manifestaci\u00f3n Cultural Vibrante y Colorida que Cientos de Turistas Disfrutaron en Portobelo"},"content":{"rendered":"\n<p>Turistas nacionales y extranjeros, se dieron cita este s\u00e1bado en Portobelo, Col\u00f3n, para celebrar el Festival de Diablos y Congos, una de las manifestaciones culturales m\u00e1s vibrantes y coloridas de Panam\u00e1.<\/p>\n\n\n\n<p>Esta tradicional fiesta, que conmemora la resistencia y la identidad del pueblo congo frente a la esclavitud, reuni\u00f3 a m\u00e1s de 19 agrupaciones que llenaron las calles de m\u00fasica, baile y m\u00e1scaras.<\/p>\n\n\n\n<p>En 2018, la UNESCO reconoci\u00f3 las expresiones, rituales y festividades de la cultura congo como Patrimonio Cultural Inmaterial de la Humanidad, un reconocimiento que resalta la importancia de preservar estas tradiciones ancestrales.<\/p>\n\n\n\n<p>Los asistentes pudieron disfrutar de desfiles llenos de color, tambores vibrantes y bailes tradicionales que reflejan la historia y la espiritualidad de los descendientes de esclavos cimarrones que formaron comunidades en la regi\u00f3n.<\/p>\n\n\n\n<p>El festival de Diablos y Congos representa una fuente importante de ingresos para los emprendedores y comerciantes locales, fortaleciendo la econom\u00eda de Portobelo.<\/p>\n","protected":false},"excerpt":{"rendered":"<p>Turistas nacionales y extranjeros, se dieron cita este s\u00e1bado en Portobelo, Col\u00f3n, para celebrar el Festival de Diablos y Congos, una de las manifestaciones culturales m\u00e1s vibrantes y coloridas de Panam\u00e1. Esta tradicional fiesta, que conmemora la resistencia y la identidad del pueblo congo frente a la esclavitud, reuni\u00f3 a m\u00e1s de 19 agrupaciones que [&hellip;]<\/p>\n","protected":false},"author":1,"featured_media":18362,"comment_status":"open","ping_status":"open","sticky":false,"template":"","format":"standard","meta":[],"categories":[44],"tags":[],"_links":{"self":[{"href":"https:\/\/www.thevisitorpanama.info\/esp\/wp-json\/wp\/v2\/posts\/18359"}],"collection":[{"href":"https:\/\/www.thevisitorpanama.info\/esp\/wp-json\/wp\/v2\/posts"}],"about":[{"href":"https:\/\/www.thevisitorpanama.info\/esp\/wp-json\/wp\/v2\/types\/post"}],"author":[{"embeddable":true,"href":"https:\/\/www.thevisitorpanama.info\/esp\/wp-json\/wp\/v2\/users\/1"}],"replies":[{"embeddable":true,"href":"https:\/\/www.thevisitorpanama.info\/esp\/wp-json\/wp\/v2\/comments?post=18359"}],"version-history":[{"count":3,"href":"https:\/\/www.thevisitorpanama.info\/esp\/wp-json\/wp\/v2\/posts\/18359\/revisions"}],"predecessor-version":[{"id":18365,"href":"https:\/\/www.thevisitorpanama.info\/esp\/wp-json\/wp\/v2\/posts\/18359\/revisions\/18365"}],"wp:featuredmedia":[{"embeddable":true,"href":"https:\/\/www.thevisitorpanama.info\/esp\/wp-json\/wp\/v2\/media\/18362"}],"wp:attachment":[{"href":"https:\/\/www.thevisitorpanama.info\/esp\/wp-json\/wp\/v2\/media?parent=18359"}],"wp:term":[{"taxonomy":"category","embeddable":true,"href":"https:\/\/www.thevisitorpanama.info\/esp\/wp-json\/wp\/v2\/categories?post=18359"},{"taxonomy":"post_tag","embeddable":true,"href":"https:\/\/www.thevisitorpanama.info\/esp\/wp-json\/wp\/v2\/tags?post=18359"}],"curies":[{"name":"wp","href":"https:\/\/api.w.org\/{rel}","templated":true}]}}