{"id":18250,"date":"2025-04-20T12:02:08","date_gmt":"2025-04-20T17:02:08","guid":{"rendered":"https:\/\/www.thevisitorpanama.info\/esp\/?p=18250"},"modified":"2025-04-20T12:10:40","modified_gmt":"2025-04-20T17:10:40","slug":"thalia-velasquez-mi-vision-de-boquete-hacia-el-2030-es-ver-proyectos-que-integren-aun-mas-la-sostenibilidad-el-turismo-cultural-y-el-bienestar","status":"publish","type":"post","link":"https:\/\/www.thevisitorpanama.info\/esp\/2025\/04\/20\/thalia-velasquez-mi-vision-de-boquete-hacia-el-2030-es-ver-proyectos-que-integren-aun-mas-la-sostenibilidad-el-turismo-cultural-y-el-bienestar\/","title":{"rendered":"Thal\u00eda Vel\u00e1squez: &#8220;Mi visi\u00f3n de Boquete hacia el 2030 es ver proyectos que integren a\u00fan m\u00e1s la sostenibilidad, el turismo cultural y el bienestar&#8221;\u00a0"},"content":{"rendered":"\n<p>El turismo requiere de lugares, cultura y tradiciones, sin embargo, para que avance a nuevas alturas necesita de personas que inspiren a romper los moldes y alcanzar objetivos qu\u00e9 solo antes so\u00f1aban. Por esta raz\u00f3n hemos invitado a una empresaria, escritora y defensora del bienestar integral y Fundadora de Hope Foundation y cofundadora de Valle Escondido Wellness Resort en Boquete. Una Invitada Especial de lujo que ha dedicado su vida a inspirar procesos de transformaci\u00f3n personal y crear espacios donde la salud, la naturaleza y el crecimiento interior se entrelazan. Thal\u00eda Vel\u00e1squez, quien ha sido sobreviviente de violencia dom\u00e9stica y autora del libro &#8220;Fuga por Mi Vida&#8221; con la que ha sido una voz poderosa de resiliencia y amor propio le dedica a The Visitor &#8211; El Visitante un espacio exclusivo para hablar de Boquete y como se pueden alcanzar nuevas alturas en el turismo.<\/p>\n\n\n\n<figure class=\"wp-block-image size-full\"><img decoding=\"async\" loading=\"lazy\" width=\"768\" height=\"1024\" src=\"https:\/\/www.thevisitorpanama.info\/esp\/wp-content\/uploads\/2025\/04\/En-Valle-Escondido.jpg\" alt=\"\" class=\"wp-image-18254\"\/><\/figure>\n\n\n\n<p><strong>Para usted \u00bfQu\u00e9 significa Boquete a nivel personal, empresarial y tur\u00edstico?<\/strong><\/p>\n\n\n\n<p>&#8220;Boquete representa para m\u00ed mucho m\u00e1s que un destino; es mi refugio, mi hogar y el escenario donde reconstru\u00ed mi vida y mis sue\u00f1os. A nivel personal, Boquete es ese espacio de paz, de naturaleza viva y energ\u00eda renovadora que me permiti\u00f3 sanar y reencontrarme conmigo misma despu\u00e9s de vivir momentos muy dif\u00edciles. Empresarialmente, Boquete ha sido el lienzo donde he podido plasmar mi pasi\u00f3n por el bienestar integral y la hospitalidad, a trav\u00e9s de Valle Escondido Wellness Resort. Tur\u00edsticamente, considero que Boquete es un tesoro de Panam\u00e1, un lugar que ofrece autenticidad, calidez humana y una conexi\u00f3n genuina con la naturaleza que enamora a quien lo visita&#8221;.<\/p>\n\n\n\n<figure class=\"wp-block-image size-full\"><img decoding=\"async\" loading=\"lazy\" width=\"1365\" height=\"2048\" src=\"https:\/\/www.thevisitorpanama.info\/esp\/wp-content\/uploads\/2025\/04\/Mi-libro-.jpg\" alt=\"\" class=\"wp-image-18256\" srcset=\"https:\/\/www.thevisitorpanama.info\/esp\/wp-content\/uploads\/2025\/04\/Mi-libro-.jpg 1365w, https:\/\/www.thevisitorpanama.info\/esp\/wp-content\/uploads\/2025\/04\/Mi-libro--768x1152.jpg 768w, https:\/\/www.thevisitorpanama.info\/esp\/wp-content\/uploads\/2025\/04\/Mi-libro--1024x1536.jpg 1024w\" sizes=\"(max-width: 1365px) 100vw, 1365px\" \/><\/figure>\n\n\n\n<p><strong>\u00bfQu\u00e9 usted siente diferencia a Boquete del resto de los destinos en el pa\u00eds y porque el turismo \u201cWellness\u201d al que usted se ha enfocado es tan llamativo para los extranjeros?<\/strong><\/p>\n\n\n\n<p>&#8220;Boquete tiene un alma muy especial. No solo es su clima de primavera eterna o sus paisajes de monta\u00f1a, sino la energ\u00eda de su gente, la tranquilidad de su ritmo de vida y ese equilibrio entre tradici\u00f3n y modernidad que lo hace \u00fanico. El turismo de bienestar o wellness que promovemos en Valle Escondido responde precisamente a una necesidad creciente de las personas de todo el mundo: desconectarse del estr\u00e9s y reconectar consigo mismas. Los extranjeros encuentran aqu\u00ed un espacio aut\u00e9ntico donde la naturaleza, la salud y el crecimiento personal se integran de manera natural en cada experiencia. Poder ofrecer los retiros de salud y bienestar dentro de nuestra oferta es muy gratificante, porque me permite acompa\u00f1ar a las personas en un viaje profundo de transformaci\u00f3n, autocuidado y conexi\u00f3n con la naturaleza, gui\u00e1ndolas a descubrir que el verdadero lujo est\u00e1 en sentirse bien desde adentro hacia afuera\u201d.<\/p>\n\n\n\n<figure class=\"wp-block-image size-full\"><img decoding=\"async\" loading=\"lazy\" width=\"915\" height=\"1282\" src=\"https:\/\/www.thevisitorpanama.info\/esp\/wp-content\/uploads\/2025\/04\/Compress_20250420_115311_1976.jpg\" alt=\"\" class=\"wp-image-18257\" srcset=\"https:\/\/www.thevisitorpanama.info\/esp\/wp-content\/uploads\/2025\/04\/Compress_20250420_115311_1976.jpg 915w, https:\/\/www.thevisitorpanama.info\/esp\/wp-content\/uploads\/2025\/04\/Compress_20250420_115311_1976-768x1076.jpg 768w\" sizes=\"(max-width: 915px) 100vw, 915px\" \/><\/figure>\n\n\n\n<p><strong>Boquete ha crecido mucho en turismo residencial. \u00bfQu\u00e9 piensa usted que es posible hacer para que el Distrito siga creciendo en este rubro sin perder el encanto natural y relajante que todav\u00eda ofrece actualmente?<\/strong><\/p>\n\n\n\n<p>&#8220;Creo firmemente que el crecimiento debe ir de la mano de la sostenibilidad y del respeto a la identidad de Boquete. Es fundamental un desarrollo planificado, donde se protejan nuestras \u00e1reas verdes, nuestras fuentes de agua y nuestros recursos naturales. Adem\u00e1s, es importante educar tanto a residentes como a empresarios sobre la importancia de mantener la esencia boquete\u00f1a: la hospitalidad, la calidad de vida y la convivencia arm\u00f3nica con el entorno. Boquete no debe convertirse en un destino masificado, sino en un lugar exclusivo por su autenticidad y su respeto a la naturaleza\u201d.<\/p>\n\n\n\n<figure class=\"wp-block-image size-full\"><img decoding=\"async\" loading=\"lazy\" width=\"1094\" height=\"1600\" src=\"https:\/\/www.thevisitorpanama.info\/esp\/wp-content\/uploads\/2025\/04\/Compress_20250420_115311_1009.jpg\" alt=\"\" class=\"wp-image-18258\" srcset=\"https:\/\/www.thevisitorpanama.info\/esp\/wp-content\/uploads\/2025\/04\/Compress_20250420_115311_1009.jpg 1094w, https:\/\/www.thevisitorpanama.info\/esp\/wp-content\/uploads\/2025\/04\/Compress_20250420_115311_1009-768x1123.jpg 768w, https:\/\/www.thevisitorpanama.info\/esp\/wp-content\/uploads\/2025\/04\/Compress_20250420_115311_1009-1050x1536.jpg 1050w\" sizes=\"(max-width: 1094px) 100vw, 1094px\" \/><\/figure>\n\n\n\n<p><strong>Usted ha estado muy involucrada con la C\u00e1mara de Turismo de Boquete, \u00bfCu\u00e1l es su vis\u00f3n de Boquete en el turismo hacia el 2030 y qu\u00e9 proyectos le gustar\u00eda ver desarrollados?<\/strong><\/p>\n\n\n\n<p>&#8220;Mi visi\u00f3n de Boquete hacia el 2030 es la de un destino reconocido internacionalmente por su oferta de turismo consciente y responsable. Me encantar\u00eda ver desarrollados proyectos que integren a\u00fan m\u00e1s la sostenibilidad, el turismo cultural y el bienestar, como senderos ecol\u00f3gicos bien cuidados, rutas gastron\u00f3micas de productos locales y espacios para el aprendizaje y la conexi\u00f3n humana. Tambi\u00e9n creo que debemos trabajar juntos, sector p\u00fablico y privado, en fortalecer la infraestructura tur\u00edstica sin perder el car\u00e1cter boutique y personalizado de Boquete\u201d.<\/p>\n\n\n\n<figure class=\"wp-block-image size-full\"><img decoding=\"async\" loading=\"lazy\" width=\"1170\" height=\"1155\" src=\"https:\/\/www.thevisitorpanama.info\/esp\/wp-content\/uploads\/2025\/04\/Compress_20250420_115311_1154.jpg\" alt=\"\" class=\"wp-image-18259\" srcset=\"https:\/\/www.thevisitorpanama.info\/esp\/wp-content\/uploads\/2025\/04\/Compress_20250420_115311_1154.jpg 1170w, https:\/\/www.thevisitorpanama.info\/esp\/wp-content\/uploads\/2025\/04\/Compress_20250420_115311_1154-768x758.jpg 768w\" sizes=\"(max-width: 1170px) 100vw, 1170px\" \/><\/figure>\n\n\n\n<p>Fotos cortes\u00eda: Thal\u00eda Vel\u00e1squez<\/p>\n","protected":false},"excerpt":{"rendered":"<p>El turismo requiere de lugares, cultura y tradiciones, sin embargo, para que avance a nuevas alturas necesita de personas que inspiren a romper los moldes y alcanzar objetivos qu\u00e9 solo antes so\u00f1aban. Por esta raz\u00f3n hemos invitado a una empresaria, escritora y defensora del bienestar integral y Fundadora de Hope Foundation y cofundadora de Valle [&hellip;]<\/p>\n","protected":false},"author":1,"featured_media":18252,"comment_status":"open","ping_status":"open","sticky":false,"template":"","format":"standard","meta":[],"categories":[1],"tags":[],"_links":{"self":[{"href":"https:\/\/www.thevisitorpanama.info\/esp\/wp-json\/wp\/v2\/posts\/18250"}],"collection":[{"href":"https:\/\/www.thevisitorpanama.info\/esp\/wp-json\/wp\/v2\/posts"}],"about":[{"href":"https:\/\/www.thevisitorpanama.info\/esp\/wp-json\/wp\/v2\/types\/post"}],"author":[{"embeddable":true,"href":"https:\/\/www.thevisitorpanama.info\/esp\/wp-json\/wp\/v2\/users\/1"}],"replies":[{"embeddable":true,"href":"https:\/\/www.thevisitorpanama.info\/esp\/wp-json\/wp\/v2\/comments?post=18250"}],"version-history":[{"count":3,"href":"https:\/\/www.thevisitorpanama.info\/esp\/wp-json\/wp\/v2\/posts\/18250\/revisions"}],"predecessor-version":[{"id":18260,"href":"https:\/\/www.thevisitorpanama.info\/esp\/wp-json\/wp\/v2\/posts\/18250\/revisions\/18260"}],"wp:featuredmedia":[{"embeddable":true,"href":"https:\/\/www.thevisitorpanama.info\/esp\/wp-json\/wp\/v2\/media\/18252"}],"wp:attachment":[{"href":"https:\/\/www.thevisitorpanama.info\/esp\/wp-json\/wp\/v2\/media?parent=18250"}],"wp:term":[{"taxonomy":"category","embeddable":true,"href":"https:\/\/www.thevisitorpanama.info\/esp\/wp-json\/wp\/v2\/categories?post=18250"},{"taxonomy":"post_tag","embeddable":true,"href":"https:\/\/www.thevisitorpanama.info\/esp\/wp-json\/wp\/v2\/tags?post=18250"}],"curies":[{"name":"wp","href":"https:\/\/api.w.org\/{rel}","templated":true}]}}