{"id":18168,"date":"2025-04-09T19:40:40","date_gmt":"2025-04-10T00:40:40","guid":{"rendered":"https:\/\/www.thevisitorpanama.info\/esp\/?p=18168"},"modified":"2025-04-09T19:45:54","modified_gmt":"2025-04-10T00:45:54","slug":"autoridad-de-turismo-panama-anuncia-que-el-desfile-de-las-mil-polleras-2026-se-realizara-el-sabado-17-de-enero","status":"publish","type":"post","link":"https:\/\/www.thevisitorpanama.info\/esp\/2025\/04\/09\/autoridad-de-turismo-panama-anuncia-que-el-desfile-de-las-mil-polleras-2026-se-realizara-el-sabado-17-de-enero\/","title":{"rendered":"Autoridad de Turismo Panam\u00e1 Anuncia que el Desfile de las Mil Polleras 2026 se Realizar\u00e1 el S\u00e1bado 17 de Enero"},"content":{"rendered":"\n<p>En el a\u00f1o 2026, el 9 de enero cae el viernes, lo cual afectar\u00eda la din\u00e1mica econ\u00f3mica y tur\u00edstica que se genera alrededor del desfile los d\u00edas previos, uno de los eventos culturales m\u00e1s esperados del pa\u00eds.<\/p>\n\n\n\n<p>La Autoridad de Turismo de Panam\u00e1 (ATP) inform\u00f3&nbsp; que el tradicional Desfile de las Mil Polleras 2026 se realizar\u00e1 el s\u00e1bado 17 de enero en el distrito de Las Tablas, provincia de Los Santos.<\/p>\n\n\n\n<p>De acuerdo con el Art\u00edculo 2 del Decreto Ejecutivo No. 116, cuando la fecha programada para el desfile coincide con el 9 de enero, D\u00eda de los M\u00e1rtires, se permite trasladar la actividad al siguiente fin de semana. Esta disposici\u00f3n tiene como objetivo respetar las conmemoraciones nacionales de esa fecha y, a la vez, propiciar un entorno adecuado para el desarrollo pleno del evento.<\/p>\n\n\n\n<p>En el a\u00f1o 2026, el 9 de enero cae el viernes, lo cual afectar\u00eda la din\u00e1mica econ\u00f3mica y tur\u00edstica que se genera alrededor del desfile los d\u00edas previos, uno de los eventos culturales m\u00e1s esperados del pa\u00eds. Esta reconsideraci\u00f3n ha sido adem\u00e1s validada por las autoridades locales de Las Tablas, quienes est\u00e1n de acuerdo con este ajuste por el bienestar de la comunidad y del sector tur\u00edstico.<\/p>\n\n\n\n<p>La nueva fecha permitir\u00e1 asegurar una mayor participaci\u00f3n, dinamizar la econom\u00eda local y ofrecer una experiencia segura y organizada tanto para los visitantes nacionales como internacionales.<\/p>\n","protected":false},"excerpt":{"rendered":"<p>En el a\u00f1o 2026, el 9 de enero cae el viernes, lo cual afectar\u00eda la din\u00e1mica econ\u00f3mica y tur\u00edstica que se genera alrededor del desfile los d\u00edas previos, uno de los eventos culturales m\u00e1s esperados del pa\u00eds. La Autoridad de Turismo de Panam\u00e1 (ATP) inform\u00f3&nbsp; que el tradicional Desfile de las Mil Polleras 2026 se [&hellip;]<\/p>\n","protected":false},"author":1,"featured_media":18170,"comment_status":"open","ping_status":"open","sticky":false,"template":"","format":"standard","meta":[],"categories":[44],"tags":[],"_links":{"self":[{"href":"https:\/\/www.thevisitorpanama.info\/esp\/wp-json\/wp\/v2\/posts\/18168"}],"collection":[{"href":"https:\/\/www.thevisitorpanama.info\/esp\/wp-json\/wp\/v2\/posts"}],"about":[{"href":"https:\/\/www.thevisitorpanama.info\/esp\/wp-json\/wp\/v2\/types\/post"}],"author":[{"embeddable":true,"href":"https:\/\/www.thevisitorpanama.info\/esp\/wp-json\/wp\/v2\/users\/1"}],"replies":[{"embeddable":true,"href":"https:\/\/www.thevisitorpanama.info\/esp\/wp-json\/wp\/v2\/comments?post=18168"}],"version-history":[{"count":1,"href":"https:\/\/www.thevisitorpanama.info\/esp\/wp-json\/wp\/v2\/posts\/18168\/revisions"}],"predecessor-version":[{"id":18169,"href":"https:\/\/www.thevisitorpanama.info\/esp\/wp-json\/wp\/v2\/posts\/18168\/revisions\/18169"}],"wp:featuredmedia":[{"embeddable":true,"href":"https:\/\/www.thevisitorpanama.info\/esp\/wp-json\/wp\/v2\/media\/18170"}],"wp:attachment":[{"href":"https:\/\/www.thevisitorpanama.info\/esp\/wp-json\/wp\/v2\/media?parent=18168"}],"wp:term":[{"taxonomy":"category","embeddable":true,"href":"https:\/\/www.thevisitorpanama.info\/esp\/wp-json\/wp\/v2\/categories?post=18168"},{"taxonomy":"post_tag","embeddable":true,"href":"https:\/\/www.thevisitorpanama.info\/esp\/wp-json\/wp\/v2\/tags?post=18168"}],"curies":[{"name":"wp","href":"https:\/\/api.w.org\/{rel}","templated":true}]}}