{"id":18077,"date":"2025-03-22T10:41:20","date_gmt":"2025-03-22T15:41:20","guid":{"rendered":"https:\/\/www.thevisitorpanama.info\/esp\/?p=18077"},"modified":"2025-03-22T11:45:10","modified_gmt":"2025-03-22T16:45:10","slug":"semana-santa-internacional-del-casco-antiguo-festividad-que-reafirma-a-panama-como-destino-religioso","status":"publish","type":"post","link":"https:\/\/www.thevisitorpanama.info\/esp\/2025\/03\/22\/semana-santa-internacional-del-casco-antiguo-festividad-que-reafirma-a-panama-como-destino-religioso\/","title":{"rendered":"Semana Santa Internacional del Casco Antiguo, Festividad que Reafirma a Panam\u00e1 como Destino Religioso"},"content":{"rendered":"\n<p>La Semana Santa en Panam\u00e1 es una de las festividades religiosas m\u00e1s importantes del pa\u00eds. Durante esta semana se conmemora la Pasi\u00f3n, Muerte y Resurrecci\u00f3n de Jesucristo a trav\u00e9s de diversas actividades y procesiones que tienen lugar en todo el pa\u00eds.&nbsp;<\/p>\n\n\n\n<p>Uno de los lugares donde se realizan las m\u00e1s grandes celebraciones es el Casco Antiguo, que ya se est\u00e1 alistando para recibir a miles de feligreses del catolicismo, as\u00ed como a turistas locales e internacionales.<\/p>\n\n\n\n<figure class=\"wp-block-image size-full\"><img decoding=\"async\" loading=\"lazy\" width=\"1600\" height=\"1200\" src=\"https:\/\/www.thevisitorpanama.info\/esp\/wp-content\/uploads\/2025\/03\/IMG-20250316-WA00131.jpg\" alt=\"\" class=\"wp-image-18080\" srcset=\"https:\/\/www.thevisitorpanama.info\/esp\/wp-content\/uploads\/2025\/03\/IMG-20250316-WA00131.jpg 1600w, https:\/\/www.thevisitorpanama.info\/esp\/wp-content\/uploads\/2025\/03\/IMG-20250316-WA00131-768x576.jpg 768w, https:\/\/www.thevisitorpanama.info\/esp\/wp-content\/uploads\/2025\/03\/IMG-20250316-WA00131-1536x1152.jpg 1536w, https:\/\/www.thevisitorpanama.info\/esp\/wp-content\/uploads\/2025\/03\/IMG-20250316-WA00131-80x60.jpg 80w, https:\/\/www.thevisitorpanama.info\/esp\/wp-content\/uploads\/2025\/03\/IMG-20250316-WA00131-100x75.jpg 100w, https:\/\/www.thevisitorpanama.info\/esp\/wp-content\/uploads\/2025\/03\/IMG-20250316-WA00131-180x135.jpg 180w, https:\/\/www.thevisitorpanama.info\/esp\/wp-content\/uploads\/2025\/03\/IMG-20250316-WA00131-238x178.jpg 238w\" sizes=\"(max-width: 1600px) 100vw, 1600px\" \/><\/figure>\n\n\n\n<p><strong>Procesiones y Actos Lit\u00fargicos<\/strong><\/p>\n\n\n\n<p>Las actividades comenzar\u00e1n el Viernes de Dolores, 11 de abril, con la procesi\u00f3n de la Cofrad\u00eda del Cristo Redentor, que iniciar\u00e1 su recorrido a las 7: 00 p. m. seg\u00fan inform\u00f3 el Hermano Mayor de la Semana Santa, Roberto Roll\u00f3n. A lo largo de la Semana Mayor se llevar\u00e1n a cabo diversas procesiones y actos lit\u00fargicos que marcar\u00e1n el camino de la Pasi\u00f3n, Muerte y Resurrecci\u00f3n de Cristo.<\/p>\n\n\n\n<p><strong>El Epicentro de las Celebraciones ser\u00e1 la Bas\u00edlica de la Merced<\/strong><\/p>\n\n\n\n<p>El centro de las celebraciones ser\u00e1 la ruta que va desde la Iglesia Nuestra Se\u00f1ora de la Merced hasta la Bas\u00edlica Santa Mar\u00eda la Antigua, donde los fieles podr\u00e1n participar en m\u00faltiples expresiones de fe.<\/p>\n\n\n\n<figure class=\"wp-block-image size-full\"><img decoding=\"async\" loading=\"lazy\" width=\"900\" height=\"1600\" src=\"https:\/\/www.thevisitorpanama.info\/esp\/wp-content\/uploads\/2025\/03\/IMG-20250316-WA0012.jpg\" alt=\"\" class=\"wp-image-18081\" srcset=\"https:\/\/www.thevisitorpanama.info\/esp\/wp-content\/uploads\/2025\/03\/IMG-20250316-WA0012.jpg 900w, https:\/\/www.thevisitorpanama.info\/esp\/wp-content\/uploads\/2025\/03\/IMG-20250316-WA0012-768x1365.jpg 768w, https:\/\/www.thevisitorpanama.info\/esp\/wp-content\/uploads\/2025\/03\/IMG-20250316-WA0012-864x1536.jpg 864w\" sizes=\"(max-width: 900px) 100vw, 900px\" \/><\/figure>\n\n\n\n<p>Durante toda la Semana Santa, el Casco Antiguo se llenar\u00e1 de procesiones, oraciones y momentos de recogimiento, convirti\u00e9ndose en un punto de encuentro para la fe y la cultura.<\/p>\n\n\n\n<p><strong>Oportunidad de Vivir una Experiencia Llena de Reflexi\u00f3n y Devoci\u00f3n<\/strong><\/p>\n\n\n\n<p>Fray Javier Ma\u00f1as, sacerdote de la Iglesia Nuestra Se\u00f1ora de la Merced, explica que el t\u00e9rmino &#8220;Semana Santa Internacional&#8221; refleja el car\u00e1cter abierto y global del evento. Desean que este sea un espacio para todos, tanto locales como visitantes extranjeros. Es una oportunidad para que las personas de otros pa\u00edses vengan, vivan la experiencia y descubran Panam\u00e1.&nbsp;<\/p>\n\n\n\n<p>Aunque el evento tiene un atractivo que podr\u00eda considerarse tur\u00edstico, Fray Ma\u00f1as destac\u00f3 que su prop\u00f3sito principal es la reflexi\u00f3n y la devoci\u00f3n. No buscan que se vea como un producto tur\u00edstico, sino como una manifestaci\u00f3n de fe de gran magnitud.&nbsp;<\/p>\n\n\n\n<p>Se espera que participen m\u00e1s de 250,000 personas en la celebraci\u00f3n de la Semana Santa Internacional en el Casco Antiguo.<\/p>\n\n\n\n<figure class=\"wp-block-image size-full\"><img decoding=\"async\" loading=\"lazy\" width=\"960\" height=\"1280\" src=\"https:\/\/www.thevisitorpanama.info\/esp\/wp-content\/uploads\/2025\/03\/IMG-20250316-WA0010.jpg\" alt=\"\" class=\"wp-image-18083\" srcset=\"https:\/\/www.thevisitorpanama.info\/esp\/wp-content\/uploads\/2025\/03\/IMG-20250316-WA0010.jpg 960w, https:\/\/www.thevisitorpanama.info\/esp\/wp-content\/uploads\/2025\/03\/IMG-20250316-WA0010-768x1024.jpg 768w\" sizes=\"(max-width: 960px) 100vw, 960px\" \/><\/figure>\n","protected":false},"excerpt":{"rendered":"<p>La Semana Santa en Panam\u00e1 es una de las festividades religiosas m\u00e1s importantes del pa\u00eds. Durante esta semana se conmemora la Pasi\u00f3n, Muerte y Resurrecci\u00f3n de Jesucristo a trav\u00e9s de diversas actividades y procesiones que tienen lugar en todo el pa\u00eds.&nbsp; Uno de los lugares donde se realizan las m\u00e1s grandes celebraciones es el Casco [&hellip;]<\/p>\n","protected":false},"author":1,"featured_media":18078,"comment_status":"open","ping_status":"open","sticky":false,"template":"","format":"standard","meta":[],"categories":[31],"tags":[],"_links":{"self":[{"href":"https:\/\/www.thevisitorpanama.info\/esp\/wp-json\/wp\/v2\/posts\/18077"}],"collection":[{"href":"https:\/\/www.thevisitorpanama.info\/esp\/wp-json\/wp\/v2\/posts"}],"about":[{"href":"https:\/\/www.thevisitorpanama.info\/esp\/wp-json\/wp\/v2\/types\/post"}],"author":[{"embeddable":true,"href":"https:\/\/www.thevisitorpanama.info\/esp\/wp-json\/wp\/v2\/users\/1"}],"replies":[{"embeddable":true,"href":"https:\/\/www.thevisitorpanama.info\/esp\/wp-json\/wp\/v2\/comments?post=18077"}],"version-history":[{"count":2,"href":"https:\/\/www.thevisitorpanama.info\/esp\/wp-json\/wp\/v2\/posts\/18077\/revisions"}],"predecessor-version":[{"id":18084,"href":"https:\/\/www.thevisitorpanama.info\/esp\/wp-json\/wp\/v2\/posts\/18077\/revisions\/18084"}],"wp:featuredmedia":[{"embeddable":true,"href":"https:\/\/www.thevisitorpanama.info\/esp\/wp-json\/wp\/v2\/media\/18078"}],"wp:attachment":[{"href":"https:\/\/www.thevisitorpanama.info\/esp\/wp-json\/wp\/v2\/media?parent=18077"}],"wp:term":[{"taxonomy":"category","embeddable":true,"href":"https:\/\/www.thevisitorpanama.info\/esp\/wp-json\/wp\/v2\/categories?post=18077"},{"taxonomy":"post_tag","embeddable":true,"href":"https:\/\/www.thevisitorpanama.info\/esp\/wp-json\/wp\/v2\/tags?post=18077"}],"curies":[{"name":"wp","href":"https:\/\/api.w.org\/{rel}","templated":true}]}}