{"id":18048,"date":"2025-03-21T22:02:01","date_gmt":"2025-03-22T03:02:01","guid":{"rendered":"https:\/\/www.thevisitorpanama.info\/esp\/?p=18048"},"modified":"2025-03-21T22:07:52","modified_gmt":"2025-03-22T03:07:52","slug":"manuel-jose-paredes-el-sector-privado-la-industria-turistica-y-el-gobierno-tienen-que-salir-coordinadamente-a-identificar-promocionar-y-atraer-grandes-eventos-a-panama","status":"publish","type":"post","link":"https:\/\/www.thevisitorpanama.info\/esp\/2025\/03\/21\/manuel-jose-paredes-el-sector-privado-la-industria-turistica-y-el-gobierno-tienen-que-salir-coordinadamente-a-identificar-promocionar-y-atraer-grandes-eventos-a-panama\/","title":{"rendered":"Manuel Jos\u00e9 Paredes: &#8220;El sector privado, la industria tur\u00edstica y el gobierno tienen que salir coordinadamente a identificar, promocionar y atraer grandes eventos a Panam\u00e1 &#8220;"},"content":{"rendered":"\n<p>Los eventos, congresos y convenciones son actividades que generan un enorme dinamismo a la actividad tur\u00edstica en Panam\u00e1. Un buen ejemplo de este potencial es Expocomer que se viene realizando hace 42 a\u00f1os y sigue siendo uno de los grandes eventos y que junto a otras cuatro Expos har\u00e1n del pa\u00eds uno de los destinos tur\u00edsticos m\u00e1s importantes de la regi\u00f3n a finales de marzo. Esta es la raz\u00f3n por la que nuestro invitado especial es el presidente de la Comisi\u00f3n Organizadora de las ferias de la C\u00e1mara de Comercio, Industrias y Agricultura de Panam\u00e1, un profesional de alto nivel que ha realizado labores excepcionales en puestos empresariales como gubernamentales. Manuel Jos\u00e9 Paredes nos habla en exclusiva acerca del potencial que tiene el turismo de convenciones y lo que es posible hacer para lograrlo.<\/p>\n\n\n\n<figure class=\"wp-block-image size-full\"><img decoding=\"async\" loading=\"lazy\" width=\"2000\" height=\"1500\" src=\"https:\/\/www.thevisitorpanama.info\/esp\/wp-content\/uploads\/2025\/03\/Compress_20250321_201750_0265-1.jpg\" alt=\"\" class=\"wp-image-18056\" srcset=\"https:\/\/www.thevisitorpanama.info\/esp\/wp-content\/uploads\/2025\/03\/Compress_20250321_201750_0265-1.jpg 2000w, https:\/\/www.thevisitorpanama.info\/esp\/wp-content\/uploads\/2025\/03\/Compress_20250321_201750_0265-1-768x576.jpg 768w, https:\/\/www.thevisitorpanama.info\/esp\/wp-content\/uploads\/2025\/03\/Compress_20250321_201750_0265-1-1536x1152.jpg 1536w, https:\/\/www.thevisitorpanama.info\/esp\/wp-content\/uploads\/2025\/03\/Compress_20250321_201750_0265-1-80x60.jpg 80w, https:\/\/www.thevisitorpanama.info\/esp\/wp-content\/uploads\/2025\/03\/Compress_20250321_201750_0265-1-100x75.jpg 100w, https:\/\/www.thevisitorpanama.info\/esp\/wp-content\/uploads\/2025\/03\/Compress_20250321_201750_0265-1-180x135.jpg 180w, https:\/\/www.thevisitorpanama.info\/esp\/wp-content\/uploads\/2025\/03\/Compress_20250321_201750_0265-1-238x178.jpg 238w\" sizes=\"(max-width: 2000px) 100vw, 2000px\" \/><\/figure>\n\n\n\n<p><strong>\u00bfDe qu\u00e9 manera grandes eventos como Expocomer, Expo Log\u00edstica Panam\u00e1, Expo Turismo Internacional, Expo El\u00e9ctrica Internacional, Expo Tech, ayudan a potenciar el turismo en Panam\u00e1?&nbsp;<\/strong><\/p>\n\n\n\n<p>&#8220;Hace cuarenta y dos a\u00f1os empezamos con la organizaci\u00f3n de Expocomer, que adem\u00e1s de convertirse en una vitrina de comercio, se ha convertido en uno de los puntos que marca claramente el calendario tur\u00edstico de Panam\u00e1 ya que marzo es el mes de mayor ocupaci\u00f3n hotelera desde hace muchos a\u00f1os en Panam\u00e1, ya que aparte de ser verano y la mejor \u00e9poca para venir a visitar a Panam\u00e1, es cuando se realiza Expocomer.<\/p>\n\n\n\n<p>Nosotros tenemos ya confirmado m\u00e1s de 3,000 visitantes que van a venir a Panam\u00e1 en calidad de compradores a las ferias. S\u00famale a eso el grupo que vienen con cada uno de los 30 pa\u00edses que tienen representaci\u00f3n oficial dentro de los pabellones de Expocomer as\u00ed que esperamos como m\u00ednimo 7,500 noches de visitas de habitaciones ocupadas la semana del 25 de marzo, producto de los eventos que estamos promocionando en el Panama Convention Center\u201d.<\/p>\n\n\n\n<p><strong>\u00bfQu\u00e9 tiene Panam\u00e1 que otros pa\u00edses en la regi\u00f3n no tienen para realizar de mejor forma grandes eventos?&nbsp;<\/strong><\/p>\n\n\n\n<p>&#8220;Mira, en bienes y ra\u00edces, las tres cosas m\u00e1s importantes son ubicaci\u00f3n, ubicaci\u00f3n y ubicaci\u00f3n. Entonces, Panam\u00e1 como un destino para eventos de convenciones y congresos tiene las tres.<\/p>\n\n\n\n<p>Tenemos las facilidades para tener grandes eventos en el Centro de Convenciones de Amador, eventos medianos en el centro de convenciones de Atlapa, y de menor tama\u00f1o en el Vasco N\u00fa\u00f1ez de Balboa. Igualmente, todos los hoteles importantes de Panam\u00e1 tienen salones y \u00e1reas que pueden ser utilizadas para congresos y eventos. Eso adem\u00e1s de la conectividad a\u00e9rea que tenemos por medio de COPA que te comunica directamente con las principales ciudades de Suram\u00e9rica, el Caribe, Centroam\u00e9rica, Norteam\u00e9rica, hacen de Panam\u00e1 un pa\u00eds f\u00e1cil para ir y venir. Si t\u00fa tienes que ir, por ejemplo, a una convenci\u00f3n y tienes que agarrar tres o cuatro vuelos, vas a pensarlo dos veces. Adem\u00e1s, esta ciudad es una joya que nosotros desafortunadamente hemos mantenido en secreto.\u00a0 Aqu\u00ed en Panam\u00e1 en diez minutos est\u00e1s en medio de un bosque tropical pr\u00edstino, igualito a los que hay en Costa Rica a tres horas de la ciudad. Ese tipo de actividades son adem\u00e1s atractivos para aquel que quiere venir a una convenci\u00f3n donde no solamente le interesa estar encerrado, tambi\u00e9n le interesa poder ver y disfrutar de Panam\u00e1, su gastronom\u00eda, el turismo, las compras\u201d.<\/p>\n\n\n\n<figure class=\"wp-block-image size-full\"><img decoding=\"async\" loading=\"lazy\" width=\"876\" height=\"1560\" src=\"https:\/\/www.thevisitorpanama.info\/esp\/wp-content\/uploads\/2025\/03\/Compress_20250321_201751_1044.jpg\" alt=\"\" class=\"wp-image-18059\" srcset=\"https:\/\/www.thevisitorpanama.info\/esp\/wp-content\/uploads\/2025\/03\/Compress_20250321_201751_1044.jpg 876w, https:\/\/www.thevisitorpanama.info\/esp\/wp-content\/uploads\/2025\/03\/Compress_20250321_201751_1044-768x1368.jpg 768w, https:\/\/www.thevisitorpanama.info\/esp\/wp-content\/uploads\/2025\/03\/Compress_20250321_201751_1044-863x1536.jpg 863w\" sizes=\"(max-width: 876px) 100vw, 876px\" \/><\/figure>\n\n\n\n<p><strong>\u00bfQu\u00e9 nos hace falta para estar a la altura de otros pa\u00edses en la regi\u00f3n que tienen m\u00e1s tiempo realizando grandes eventos internacionales y que nos llevan la delantera?<\/strong><\/p>\n\n\n\n<p>&#8220;Yo creo que es un tema de coordinar esfuerzos. Por muchos a\u00f1os la C\u00e1mara de Comercio ha estado haciendo el esfuerzo por un lado, la Autoridad de Turismo haciendo el esfuerzo por otro lado y COPA ha estado haciendo su esfuerzo por otro lado.<\/p>\n\n\n\n<p>Pero cuando todos nos ponemos de acuerdo como es el caso de Expocomer donde todas estas organizaciones que te he mencionado nos brindan un gran respaldo, el \u00e9xito est\u00e1 garantizado. Entonces lo que tenemos que hacer es salir coordinadamente: el sector privado, todos los actores en la industria tur\u00edstica y el gobierno a identificar, promocionar y atraer a este tipo de clientes que nosotros queremos traer. En Expocomer hacemos ese trabajo, nosotros fuimos a Puebla, en M\u00e9xico y conversamos con Expo El\u00e9ctrica Intrnacional, una empresa que tiene m\u00e1s de 40 a\u00f1os de estar realizando lo que es la feria de productos electr\u00f3nicos m\u00e1s grandes de M\u00e9xico. Y por la carta de presentaci\u00f3n de nosotros, los convencimos de que vinieran a Panam\u00e1\u201d.<\/p>\n\n\n\n<p><strong>\u00bfC\u00f3mo usted eval\u00faa el futuro de los eventos y convenciones en Panam\u00e1? \u00bfQu\u00e9 ideas usted nos pudiera aportar para hacer de este rubro tur\u00edstico el de mayor crecimiento en el pa\u00eds?&nbsp;<\/strong><\/p>\n\n\n\n<p>&#8220;Yo creo que lo primordial es que todos tenemos que reconocer e identificar al turismo de convenciones como uno de los ejes de desarrollo de la industria del turismo en Panam\u00e1. Yo creo que eventos como Expocomer sirven para tener esa bandera plantada y poner los ojos en la industria de turismo de convenciones en Panam\u00e1 como una historia de \u00e9xito. En el 2026 el World of Coffee se va a realizar en Panam\u00e1 producto de que fuimos all\u00e1 y les ense\u00f1amos lo que hacemos con Expocomer y ellos por primera vez est\u00e1n saliendo de Arabia Saudita y del Medio Oriente para venir al continente americano a hacer la primera feria fuera de esta regi\u00f3n. Eso es un hito muy importante\u201d.<\/p>\n\n\n\n<figure class=\"wp-block-image size-full\"><img decoding=\"async\" loading=\"lazy\" width=\"1740\" height=\"1160\" src=\"https:\/\/www.thevisitorpanama.info\/esp\/wp-content\/uploads\/2025\/03\/Compress_20250321_201751_1710.jpg\" alt=\"\" class=\"wp-image-18060\" srcset=\"https:\/\/www.thevisitorpanama.info\/esp\/wp-content\/uploads\/2025\/03\/Compress_20250321_201751_1710.jpg 1740w, https:\/\/www.thevisitorpanama.info\/esp\/wp-content\/uploads\/2025\/03\/Compress_20250321_201751_1710-768x512.jpg 768w, https:\/\/www.thevisitorpanama.info\/esp\/wp-content\/uploads\/2025\/03\/Compress_20250321_201751_1710-1536x1024.jpg 1536w\" sizes=\"(max-width: 1740px) 100vw, 1740px\" \/><\/figure>\n\n\n\n<p>Fotos cortes\u00eda: Manuel Jos\u00e9 Paredes &#8211; CCIAP<\/p>\n","protected":false},"excerpt":{"rendered":"<p>Los eventos, congresos y convenciones son actividades que generan un enorme dinamismo a la actividad tur\u00edstica en Panam\u00e1. Un buen ejemplo de este potencial es Expocomer que se viene realizando hace 42 a\u00f1os y sigue siendo uno de los grandes eventos y que junto a otras cuatro Expos har\u00e1n del pa\u00eds uno de los destinos [&hellip;]<\/p>\n","protected":false},"author":1,"featured_media":18055,"comment_status":"open","ping_status":"open","sticky":false,"template":"","format":"standard","meta":[],"categories":[1],"tags":[],"_links":{"self":[{"href":"https:\/\/www.thevisitorpanama.info\/esp\/wp-json\/wp\/v2\/posts\/18048"}],"collection":[{"href":"https:\/\/www.thevisitorpanama.info\/esp\/wp-json\/wp\/v2\/posts"}],"about":[{"href":"https:\/\/www.thevisitorpanama.info\/esp\/wp-json\/wp\/v2\/types\/post"}],"author":[{"embeddable":true,"href":"https:\/\/www.thevisitorpanama.info\/esp\/wp-json\/wp\/v2\/users\/1"}],"replies":[{"embeddable":true,"href":"https:\/\/www.thevisitorpanama.info\/esp\/wp-json\/wp\/v2\/comments?post=18048"}],"version-history":[{"count":3,"href":"https:\/\/www.thevisitorpanama.info\/esp\/wp-json\/wp\/v2\/posts\/18048\/revisions"}],"predecessor-version":[{"id":18061,"href":"https:\/\/www.thevisitorpanama.info\/esp\/wp-json\/wp\/v2\/posts\/18048\/revisions\/18061"}],"wp:featuredmedia":[{"embeddable":true,"href":"https:\/\/www.thevisitorpanama.info\/esp\/wp-json\/wp\/v2\/media\/18055"}],"wp:attachment":[{"href":"https:\/\/www.thevisitorpanama.info\/esp\/wp-json\/wp\/v2\/media?parent=18048"}],"wp:term":[{"taxonomy":"category","embeddable":true,"href":"https:\/\/www.thevisitorpanama.info\/esp\/wp-json\/wp\/v2\/categories?post=18048"},{"taxonomy":"post_tag","embeddable":true,"href":"https:\/\/www.thevisitorpanama.info\/esp\/wp-json\/wp\/v2\/tags?post=18048"}],"curies":[{"name":"wp","href":"https:\/\/api.w.org\/{rel}","templated":true}]}}