{"id":18011,"date":"2025-03-21T21:13:50","date_gmt":"2025-03-22T02:13:50","guid":{"rendered":"https:\/\/www.thevisitorpanama.info\/esp\/?p=18011"},"modified":"2025-03-21T21:26:22","modified_gmt":"2025-03-22T02:26:22","slug":"feria-internacional-de-azuero-espera-a-mas-de-100-mil-visitantes-del-24-de-abril-al-4-de-mayo","status":"publish","type":"post","link":"https:\/\/www.thevisitorpanama.info\/esp\/2025\/03\/21\/feria-internacional-de-azuero-espera-a-mas-de-100-mil-visitantes-del-24-de-abril-al-4-de-mayo\/","title":{"rendered":"Feria Internacional de Azuero Espera a M\u00e1s de 100 Mil Visitantes del 24 de Abril al 4 de Mayo"},"content":{"rendered":"\n<p>La Villa de Los Santos se prepara para recibir uno de los eventos m\u00e1s esperados de la regi\u00f3n: la Feria Internacional de Azuero (FIA) 2025. Bajo el lema \u201cInnovando Azuero\u201d, el patronato organizador anunci\u00f3 que se realizar\u00e1 del 24 de abril al 4 de mayo.&nbsp;<\/p>\n\n\n\n<p><strong>Experiencia Renovada<\/strong><\/p>\n\n\n\n<p>Este a\u00f1o los organizadores prometen una experiencia renovada y llena de sorpresas para los asistentes. En esta edici\u00f3n implementaran un sistema inteligente para el ingreso, haciendo la entrada m\u00e1s r\u00e1pida y eficiente. Adem\u00e1s, se ha realizado una importante inversi\u00f3n en el sal\u00f3n de auditorio, que ofrecer\u00e1 espacios m\u00e1s c\u00f3modos y modernos para las conferencias y presentaciones.<\/p>\n\n\n\n<figure class=\"wp-block-image size-full\"><img decoding=\"async\" loading=\"lazy\" width=\"810\" height=\"540\" src=\"https:\/\/www.thevisitorpanama.info\/esp\/wp-content\/uploads\/2025\/03\/IMG_20250315_212225_146.jpg\" alt=\"\" class=\"wp-image-18015\" srcset=\"https:\/\/www.thevisitorpanama.info\/esp\/wp-content\/uploads\/2025\/03\/IMG_20250315_212225_146.jpg 810w, https:\/\/www.thevisitorpanama.info\/esp\/wp-content\/uploads\/2025\/03\/IMG_20250315_212225_146-768x512.jpg 768w\" sizes=\"(max-width: 810px) 100vw, 810px\" \/><\/figure>\n\n\n\n<p><strong>Reunir\u00e1 lo Mejor de la Regi\u00f3n y el Pa\u00eds&nbsp;<\/strong><\/p>\n\n\n\n<p>La Feria Internacional de Azuero, reconocida por su diversidad, reunir\u00e1 lo mejor de la gastronom\u00eda, la agroindustria y la artesan\u00eda tanto de la regi\u00f3n como de otras partes del pa\u00eds e incluso del extranjero. Los visitantes podr\u00e1n disfrutar de una amplia variedad de productos locales, degustar platillos t\u00edpicos y descubrir creaciones artesanales \u00fanicas que reflejan la riqueza cultural de Azuero.<\/p>\n\n\n\n<p><strong>Esperan a M\u00e1s de 100 Mil Visitantes<\/strong><\/p>\n\n\n\n<p>Los organizadores esperan superar las expectativas de a\u00f1os anteriores, atrayendo a m\u00e1s de 100 mil visitantes que buscar\u00e1n disfrutar de un ambiente festivo, lleno de actividades y novedades.<\/p>\n\n\n\n<figure class=\"wp-block-image size-full\"><img decoding=\"async\" loading=\"lazy\" width=\"639\" height=\"426\" src=\"https:\/\/www.thevisitorpanama.info\/esp\/wp-content\/uploads\/2025\/03\/IMG_20250315_212229_466.jpg\" alt=\"\" class=\"wp-image-18016\"\/><\/figure>\n\n\n\n<p>Este a\u00f1o tambi\u00e9n presentar\u00e1n nuevas atracciones y actividades interactivas que har\u00e1n de la Feria Internacional de Azuero 2025 una experiencia \u00fanica. Desde talleres de cocina y demostraciones agr\u00edcolas hasta exhibiciones de arte y m\u00fasica en vivo, la feria promete algo para todos los gustos.<\/p>\n\n\n\n<figure class=\"wp-block-image size-full\"><img decoding=\"async\" loading=\"lazy\" width=\"810\" height=\"540\" src=\"https:\/\/www.thevisitorpanama.info\/esp\/wp-content\/uploads\/2025\/03\/IMG_20250315_212231_262.jpg\" alt=\"\" class=\"wp-image-18018\" srcset=\"https:\/\/www.thevisitorpanama.info\/esp\/wp-content\/uploads\/2025\/03\/IMG_20250315_212231_262.jpg 810w, https:\/\/www.thevisitorpanama.info\/esp\/wp-content\/uploads\/2025\/03\/IMG_20250315_212231_262-768x512.jpg 768w\" sizes=\"(max-width: 810px) 100vw, 810px\" \/><\/figure>\n\n\n\n<p>Para m\u00e1s informaci\u00f3n: @feria.deazuero (Instagram)&nbsp;<\/p>\n","protected":false},"excerpt":{"rendered":"<p>La Villa de Los Santos se prepara para recibir uno de los eventos m\u00e1s esperados de la regi\u00f3n: la Feria Internacional de Azuero (FIA) 2025. Bajo el lema \u201cInnovando Azuero\u201d, el patronato organizador anunci\u00f3 que se realizar\u00e1 del 24 de abril al 4 de mayo.&nbsp; Experiencia Renovada Este a\u00f1o los organizadores prometen una experiencia renovada [&hellip;]<\/p>\n","protected":false},"author":1,"featured_media":18013,"comment_status":"open","ping_status":"open","sticky":false,"template":"","format":"standard","meta":[],"categories":[69],"tags":[],"_links":{"self":[{"href":"https:\/\/www.thevisitorpanama.info\/esp\/wp-json\/wp\/v2\/posts\/18011"}],"collection":[{"href":"https:\/\/www.thevisitorpanama.info\/esp\/wp-json\/wp\/v2\/posts"}],"about":[{"href":"https:\/\/www.thevisitorpanama.info\/esp\/wp-json\/wp\/v2\/types\/post"}],"author":[{"embeddable":true,"href":"https:\/\/www.thevisitorpanama.info\/esp\/wp-json\/wp\/v2\/users\/1"}],"replies":[{"embeddable":true,"href":"https:\/\/www.thevisitorpanama.info\/esp\/wp-json\/wp\/v2\/comments?post=18011"}],"version-history":[{"count":3,"href":"https:\/\/www.thevisitorpanama.info\/esp\/wp-json\/wp\/v2\/posts\/18011\/revisions"}],"predecessor-version":[{"id":18019,"href":"https:\/\/www.thevisitorpanama.info\/esp\/wp-json\/wp\/v2\/posts\/18011\/revisions\/18019"}],"wp:featuredmedia":[{"embeddable":true,"href":"https:\/\/www.thevisitorpanama.info\/esp\/wp-json\/wp\/v2\/media\/18013"}],"wp:attachment":[{"href":"https:\/\/www.thevisitorpanama.info\/esp\/wp-json\/wp\/v2\/media?parent=18011"}],"wp:term":[{"taxonomy":"category","embeddable":true,"href":"https:\/\/www.thevisitorpanama.info\/esp\/wp-json\/wp\/v2\/categories?post=18011"},{"taxonomy":"post_tag","embeddable":true,"href":"https:\/\/www.thevisitorpanama.info\/esp\/wp-json\/wp\/v2\/tags?post=18011"}],"curies":[{"name":"wp","href":"https:\/\/api.w.org\/{rel}","templated":true}]}}