{"id":17964,"date":"2025-03-16T20:57:38","date_gmt":"2025-03-17T01:57:38","guid":{"rendered":"https:\/\/www.thevisitorpanama.info\/esp\/?p=17964"},"modified":"2025-03-16T20:59:10","modified_gmt":"2025-03-17T01:59:10","slug":"lleno-total-fue-la-celebracion-del-festival-gastrono-mico-sabores-de-colon","status":"publish","type":"post","link":"https:\/\/www.thevisitorpanama.info\/esp\/2025\/03\/16\/lleno-total-fue-la-celebracion-del-festival-gastrono-mico-sabores-de-colon\/","title":{"rendered":"Lleno Total fue la Celebraci\u00f3n del Festival Gastron\u00f3mico &#8220;Sabores de Col\u00f3n&#8221;"},"content":{"rendered":"\n<p>\u00a1Lleno total fue la celebraci\u00f3n del festival &#8220;Sabores de Col\u00f3n&#8221; realizado en Dorado Mall, una actividad que naci\u00f3 para enaltecer la rica tradici\u00f3n culinaria y cultural de la provincia de Col\u00f3n, y que se ha convertido en un evento exitoso.<\/p>\n\n\n\n<p>El \u00e1rea de la terraza del centro comercial, fue el escenario para que m\u00e1s de 60 emprendedores gastron\u00f3micos colonenses, ofrecieran sus platos llenos de saz\u00f3n y color de la costa atl\u00e1ntica. Sin embargo, fue tal la respuesta del p\u00fablico, que en poco tiempo el lugar se qued\u00f3 chico para la cantidad de personas que atendieron la convocatoria para degustar y obtener productos que solo que consiguen en Col\u00f3n.<\/p>\n\n\n\n<p>A los asistentes no les import\u00f3 el inclemente sol, hac\u00edan filas largu\u00edsimas con tal de saborear todo lo que se ofrec\u00eda, comocoloridos raspaos, ceviches, arroz con marisco, pescado al escabeche, saus, patties, dumplings, johnny cake, pan Bon, one pot, fufu, saus mixto, wap\u00ed, entre muchos otros.<\/p>\n\n\n\n<p>La idea de su organizador, la Fundaci\u00f3n Reto por Col\u00f3n es impulsar el crecimiento sostenible de la provincia y que los emprendedores participantes puedan reinvertir lo que ganen en sus negocios, contribuyendo al desarrollo econ\u00f3mico de Col\u00f3n.<\/p>\n\n\n\n<p>El festival ofreci\u00f3 una variada oferta gastron\u00f3mica, shows art\u00edsticos y culturales.<\/p>\n","protected":false},"excerpt":{"rendered":"<p>\u00a1Lleno total fue la celebraci\u00f3n del festival &#8220;Sabores de Col\u00f3n&#8221; realizado en Dorado Mall, una actividad que naci\u00f3 para enaltecer la rica tradici\u00f3n culinaria y cultural de la provincia de Col\u00f3n, y que se ha convertido en un evento exitoso. El \u00e1rea de la terraza del centro comercial, fue el escenario para que m\u00e1s de [&hellip;]<\/p>\n","protected":false},"author":1,"featured_media":17967,"comment_status":"open","ping_status":"open","sticky":false,"template":"","format":"standard","meta":[],"categories":[44],"tags":[],"_links":{"self":[{"href":"https:\/\/www.thevisitorpanama.info\/esp\/wp-json\/wp\/v2\/posts\/17964"}],"collection":[{"href":"https:\/\/www.thevisitorpanama.info\/esp\/wp-json\/wp\/v2\/posts"}],"about":[{"href":"https:\/\/www.thevisitorpanama.info\/esp\/wp-json\/wp\/v2\/types\/post"}],"author":[{"embeddable":true,"href":"https:\/\/www.thevisitorpanama.info\/esp\/wp-json\/wp\/v2\/users\/1"}],"replies":[{"embeddable":true,"href":"https:\/\/www.thevisitorpanama.info\/esp\/wp-json\/wp\/v2\/comments?post=17964"}],"version-history":[{"count":2,"href":"https:\/\/www.thevisitorpanama.info\/esp\/wp-json\/wp\/v2\/posts\/17964\/revisions"}],"predecessor-version":[{"id":17966,"href":"https:\/\/www.thevisitorpanama.info\/esp\/wp-json\/wp\/v2\/posts\/17964\/revisions\/17966"}],"wp:featuredmedia":[{"embeddable":true,"href":"https:\/\/www.thevisitorpanama.info\/esp\/wp-json\/wp\/v2\/media\/17967"}],"wp:attachment":[{"href":"https:\/\/www.thevisitorpanama.info\/esp\/wp-json\/wp\/v2\/media?parent=17964"}],"wp:term":[{"taxonomy":"category","embeddable":true,"href":"https:\/\/www.thevisitorpanama.info\/esp\/wp-json\/wp\/v2\/categories?post=17964"},{"taxonomy":"post_tag","embeddable":true,"href":"https:\/\/www.thevisitorpanama.info\/esp\/wp-json\/wp\/v2\/tags?post=17964"}],"curies":[{"name":"wp","href":"https:\/\/api.w.org\/{rel}","templated":true}]}}