{"id":17961,"date":"2025-03-14T20:55:30","date_gmt":"2025-03-15T01:55:30","guid":{"rendered":"https:\/\/www.thevisitorpanama.info\/esp\/?p=17961"},"modified":"2025-03-14T21:01:09","modified_gmt":"2025-03-15T02:01:09","slug":"la-ruta-panama-penonome-del-tren-nacional-se-empezara-a-construir-en-enero-de-2026","status":"publish","type":"post","link":"https:\/\/www.thevisitorpanama.info\/esp\/2025\/03\/14\/la-ruta-panama-penonome-del-tren-nacional-se-empezara-a-construir-en-enero-de-2026\/","title":{"rendered":"La Ruta Panam\u00e1 &#8211; Penonom\u00e9 del Tren Nacional se Empezar\u00e1 a Construir en Enero de 2026"},"content":{"rendered":"\n<p>La construcci\u00f3n del tren Panam\u00e1 &#8211; David &#8211; Frontera se iniciar\u00e1 en enero del a\u00f1o 2026, anunci\u00f3 este jueves la Presidencia de la Rep\u00fablica.<\/p>\n\n\n\n<p>El presidente Jos\u00e9 Ra\u00fal Mulino destac\u00f3 que ya ha sido definida la ruta del tren entre Panam\u00e1 y Penonom\u00e9, y est\u00e1 por fijarse el trayecto Penonom\u00e9 &#8211; David hasta la frontera con Costa Rica.<\/p>\n\n\n\n<p>El secretario del Ferrocarril, Henry Faarup, ha informado que el tramo pendiente estar\u00e1 delimitado en septiembre de 2025.<\/p>\n\n\n\n<p>&#8220;El tren ya se siente en el ambiente de la regi\u00f3n&#8221;, recalc\u00f3 el mandatario.En diciembre del a\u00f1o pasado se firm\u00f3 el contrato para la asesor\u00eda t\u00e9cnica de la elaboraci\u00f3n del plan maestro del ferrocarril David- Panam\u00e1.<\/p>\n\n\n\n<p>El proyecto, debido a su magnitud, requiere un a\u00f1o de trabajos previos para realizar cartograf\u00eda, impacto ambiental, factibilidad, trabajos t\u00e9cnicos y procesos de contrataci\u00f3n para comenzar a construir.<\/p>\n\n\n\n<p>Seg\u00fan Faarup, el proyecto traer\u00e1 un impulso econ\u00f3mico que jam\u00e1s se ha visto en el pa\u00eds. No s\u00f3lo conectar\u00e1 a David con Panam\u00e1, sino con la frontera y abrir\u00e1 el espacio para integrar a Costa Rica y a Centroam\u00e9rica.<\/p>\n\n\n\n<p>Actualmente se actualiza el plan maestro existente de 2019, pero acorde con&nbsp;las necesidades de hoy de la poblaci\u00f3n y del pa\u00eds.<\/p>\n","protected":false},"excerpt":{"rendered":"<p>La construcci\u00f3n del tren Panam\u00e1 &#8211; David &#8211; Frontera se iniciar\u00e1 en enero del a\u00f1o 2026, anunci\u00f3 este jueves la Presidencia de la Rep\u00fablica. El presidente Jos\u00e9 Ra\u00fal Mulino destac\u00f3 que ya ha sido definida la ruta del tren entre Panam\u00e1 y Penonom\u00e9, y est\u00e1 por fijarse el trayecto Penonom\u00e9 &#8211; David hasta la frontera [&hellip;]<\/p>\n","protected":false},"author":1,"featured_media":17962,"comment_status":"open","ping_status":"open","sticky":false,"template":"","format":"standard","meta":[],"categories":[44],"tags":[],"_links":{"self":[{"href":"https:\/\/www.thevisitorpanama.info\/esp\/wp-json\/wp\/v2\/posts\/17961"}],"collection":[{"href":"https:\/\/www.thevisitorpanama.info\/esp\/wp-json\/wp\/v2\/posts"}],"about":[{"href":"https:\/\/www.thevisitorpanama.info\/esp\/wp-json\/wp\/v2\/types\/post"}],"author":[{"embeddable":true,"href":"https:\/\/www.thevisitorpanama.info\/esp\/wp-json\/wp\/v2\/users\/1"}],"replies":[{"embeddable":true,"href":"https:\/\/www.thevisitorpanama.info\/esp\/wp-json\/wp\/v2\/comments?post=17961"}],"version-history":[{"count":1,"href":"https:\/\/www.thevisitorpanama.info\/esp\/wp-json\/wp\/v2\/posts\/17961\/revisions"}],"predecessor-version":[{"id":17963,"href":"https:\/\/www.thevisitorpanama.info\/esp\/wp-json\/wp\/v2\/posts\/17961\/revisions\/17963"}],"wp:featuredmedia":[{"embeddable":true,"href":"https:\/\/www.thevisitorpanama.info\/esp\/wp-json\/wp\/v2\/media\/17962"}],"wp:attachment":[{"href":"https:\/\/www.thevisitorpanama.info\/esp\/wp-json\/wp\/v2\/media?parent=17961"}],"wp:term":[{"taxonomy":"category","embeddable":true,"href":"https:\/\/www.thevisitorpanama.info\/esp\/wp-json\/wp\/v2\/categories?post=17961"},{"taxonomy":"post_tag","embeddable":true,"href":"https:\/\/www.thevisitorpanama.info\/esp\/wp-json\/wp\/v2\/tags?post=17961"}],"curies":[{"name":"wp","href":"https:\/\/api.w.org\/{rel}","templated":true}]}}