{"id":17920,"date":"2025-02-28T20:34:34","date_gmt":"2025-03-01T01:34:34","guid":{"rendered":"https:\/\/www.thevisitorpanama.info\/esp\/?p=17920"},"modified":"2025-03-01T08:56:47","modified_gmt":"2025-03-01T13:56:47","slug":"carnaval-de-las-tablas-el-mas-grande-y-lujoso-de-panama","status":"publish","type":"post","link":"https:\/\/www.thevisitorpanama.info\/esp\/2025\/02\/28\/carnaval-de-las-tablas-el-mas-grande-y-lujoso-de-panama\/","title":{"rendered":"Carnaval de Las Tablas, El M\u00e1s Grande y Lujoso de Panam\u00e1"},"content":{"rendered":"\n<p>Si hay una celebraci\u00f3n que pr\u00e1cticamente todos los paname\u00f1os toman muy en serio es el carnaval que este a\u00f1o se celebra de 22 al 25 de febrero. No importa de qu\u00e9 clase social, etnia, religi\u00f3n o estatus sean las personas, el carnaval une a todos por iguales hacia un solo objetivo, disfrutar al m\u00e1ximo cuatro d\u00edas de fiestas sin parar.&nbsp; Sin embargo, hay un pueblo en Azuero que organiza los carnavales m\u00e1s famosos del pa\u00eds y uno de los m\u00e1s prestigiosos en la regi\u00f3n, este es el pueblo de Las Tablas, que con sus famosas Tunas y reinas de Calle Arriba y Calle Abajo atraen miles de visitantes de todas partes del pa\u00eds, as\u00ed como del extranjero.<\/p>\n\n\n\n<figure class=\"wp-block-image size-full\"><img decoding=\"async\" loading=\"lazy\" width=\"1224\" height=\"1632\" src=\"https:\/\/www.thevisitorpanama.info\/esp\/wp-content\/uploads\/2025\/02\/Compress_20250228_211604_4625.jpg\" alt=\"\" class=\"wp-image-17927\" srcset=\"https:\/\/www.thevisitorpanama.info\/esp\/wp-content\/uploads\/2025\/02\/Compress_20250228_211604_4625.jpg 1224w, https:\/\/www.thevisitorpanama.info\/esp\/wp-content\/uploads\/2025\/02\/Compress_20250228_211604_4625-768x1024.jpg 768w, https:\/\/www.thevisitorpanama.info\/esp\/wp-content\/uploads\/2025\/02\/Compress_20250228_211604_4625-1152x1536.jpg 1152w\" sizes=\"(max-width: 1224px) 100vw, 1224px\" \/><\/figure>\n\n\n\n<p><strong>Historia<\/strong><\/p>\n\n\n\n<p>Seg\u00fan documentos escritos por un sacerdote table\u00f1o en 1935: esta fiesta pagana tiene un origen religioso toda vez que hace m\u00e1s de 200 a\u00f1os exist\u00edan dos poblaciones, una denominada La Ermita de la Santa Cruz y Calidonia, como herencia propia de la colonizaci\u00f3n espa\u00f1ola, la poblaci\u00f3n table\u00f1a era y lo sigue siendo, fervientemente religiosa, por lo cual se disputaban la celebraci\u00f3n de dos patronales diferentes, una el 3 de mayo D\u00eda de la Santa Cruz y la otra el 20 de julio, fiesta de Santa Liberata o Santa Librada. Ambos bandos dirim\u00edan sus diferencias puy\u00e1ndose coplas, las cuales se denominaron Tuna y por la geograf\u00eda del poblado se hac\u00eda entre los de la parte de arriba y los de la parte de abajo, de all\u00ed los famosos nombres de Tuna de Calle Arriba y Tuna de Calle Abajo.<\/p>\n\n\n\n<p><strong>Carnaval de Hoy<\/strong><\/p>\n\n\n\n<p>El Carnaval que se celebra hoy en d\u00eda en Las Tablas, tuvo sus inicios en la d\u00e9cada de los 50.&nbsp; Empieza el viernes en la noche con la ceremonia de coronaci\u00f3n de las nuevas reinas, que este a\u00f1o son su Majestad Fianeth Corro por Calle Arriba y su Majestad Grace Marlene Cano por Calle Abajo. Cada ma\u00f1ana se realizan los tan esperados Culecos, donde miles de personas se aglomeran en la plaza central para ser mojados con agua por camiones cisternas colocados alrededor del parque. Las reinas se pasean varias veces en su carroza, mientras la gente canta, baila y salta al ritmo de la m\u00fasica hasta las 4 de la tarde.<\/p>\n\n\n\n<figure class=\"wp-block-image size-full\"><img decoding=\"async\" loading=\"lazy\" width=\"1224\" height=\"1224\" src=\"https:\/\/www.thevisitorpanama.info\/esp\/wp-content\/uploads\/2025\/02\/Compress_20250228_211604_4389.jpg\" alt=\"\" class=\"wp-image-17928\" srcset=\"https:\/\/www.thevisitorpanama.info\/esp\/wp-content\/uploads\/2025\/02\/Compress_20250228_211604_4389.jpg 1224w, https:\/\/www.thevisitorpanama.info\/esp\/wp-content\/uploads\/2025\/02\/Compress_20250228_211604_4389-150x150.jpg 150w, https:\/\/www.thevisitorpanama.info\/esp\/wp-content\/uploads\/2025\/02\/Compress_20250228_211604_4389-768x768.jpg 768w\" sizes=\"(max-width: 1224px) 100vw, 1224px\" \/><\/figure>\n\n\n\n<p>Cada d\u00eda tiene un tema espec\u00edfico en el que organizadores y dise\u00f1adores se inspiran para realizar carros aleg\u00f3ricos y vestidos. En las noches es donde el lujo y el esplendor se apoderan de las calles de esta peque\u00f1a cuidad de Azuero. Cada Calle sale con grandes carrozas, el primero siendo de las damas, seguido por el de la reina y sus princesas, siempre acompa\u00f1adas atr\u00e1s&nbsp; por la Tuna que lidera a cientos de personas cantando en favor de sus reinas.<\/p>\n\n\n\n<p>S\u00e1bado de Disfraz: Los temas de \u00e9poca llevan al espectador en el tiempo con mucha creatividad y glamour.&nbsp;&nbsp;<\/p>\n\n\n\n<p><strong>Domingo de Coronaci\u00f3n:<\/strong> Cada Calle saca el esplendor de sus carrozas y trajes del d\u00eda de la coronaci\u00f3n.&nbsp;<\/p>\n\n\n\n<p><strong>Lunes de Fantas\u00eda:<\/strong> La creatividad para sorprender al p\u00fablico con temas llenos de luces y efectos especiales son el plato fuerte de la noche.<\/p>\n\n\n\n<figure class=\"wp-block-image size-full\"><img decoding=\"async\" loading=\"lazy\" width=\"1224\" height=\"1632\" src=\"https:\/\/www.thevisitorpanama.info\/esp\/wp-content\/uploads\/2025\/02\/Compress_20250228_211603_3764.jpg\" alt=\"\" class=\"wp-image-17929\" srcset=\"https:\/\/www.thevisitorpanama.info\/esp\/wp-content\/uploads\/2025\/02\/Compress_20250228_211603_3764.jpg 1224w, https:\/\/www.thevisitorpanama.info\/esp\/wp-content\/uploads\/2025\/02\/Compress_20250228_211603_3764-768x1024.jpg 768w, https:\/\/www.thevisitorpanama.info\/esp\/wp-content\/uploads\/2025\/02\/Compress_20250228_211603_3764-1152x1536.jpg 1152w\" sizes=\"(max-width: 1224px) 100vw, 1224px\" \/><\/figure>\n\n\n\n<p><strong>Martes de Pollera: <\/strong>D\u00eda que se rinde tributo al traje t\u00edpico paname\u00f1o. Desde la reina hasta sus princesas y damas bailan al ritmo del traje m\u00e1s hermoso del mundo. Igualmente cada carroza lleva dise\u00f1os aleg\u00f3ricos a las tradiciones folcl\u00f3ricas de la regi\u00f3n.<\/p>\n\n\n\n<p><strong>El Top\u00f3n:<\/strong> Despu\u00e9s de 4 d\u00edas de fiestas y rivalidades entre ambas Calles, el mi\u00e9rcoles a las 5 de la ma\u00f1ana ambas reinas realizan su recorrido a pie por las calles y cada Tuna hace despliegue de su poder\u00edo con la quema fuegos artificiales para demostrar quien fue mejor durante los 4 d\u00edas de fiesta.&nbsp;<\/p>\n\n\n\n<p>El carnaval de las Tablas es una de las expresiones culturales que ning\u00fan Visitante local o extranjero debe perderse para conocer el coraz\u00f3n y alegr\u00eda de los paname\u00f1os.<\/p>\n\n\n\n<figure class=\"wp-block-image size-full\"><img decoding=\"async\" loading=\"lazy\" width=\"1152\" height=\"864\" src=\"https:\/\/www.thevisitorpanama.info\/esp\/wp-content\/uploads\/2025\/02\/Compress_20250228_211603_3408.jpg\" alt=\"\" class=\"wp-image-17930\" srcset=\"https:\/\/www.thevisitorpanama.info\/esp\/wp-content\/uploads\/2025\/02\/Compress_20250228_211603_3408.jpg 1152w, https:\/\/www.thevisitorpanama.info\/esp\/wp-content\/uploads\/2025\/02\/Compress_20250228_211603_3408-768x576.jpg 768w, https:\/\/www.thevisitorpanama.info\/esp\/wp-content\/uploads\/2025\/02\/Compress_20250228_211603_3408-80x60.jpg 80w, https:\/\/www.thevisitorpanama.info\/esp\/wp-content\/uploads\/2025\/02\/Compress_20250228_211603_3408-100x75.jpg 100w, https:\/\/www.thevisitorpanama.info\/esp\/wp-content\/uploads\/2025\/02\/Compress_20250228_211603_3408-180x135.jpg 180w, https:\/\/www.thevisitorpanama.info\/esp\/wp-content\/uploads\/2025\/02\/Compress_20250228_211603_3408-238x178.jpg 238w\" sizes=\"(max-width: 1152px) 100vw, 1152px\" \/><\/figure>\n","protected":false},"excerpt":{"rendered":"<p>Si hay una celebraci\u00f3n que pr\u00e1cticamente todos los paname\u00f1os toman muy en serio es el carnaval que este a\u00f1o se celebra de 22 al 25 de febrero. No importa de qu\u00e9 clase social, etnia, religi\u00f3n o estatus sean las personas, el carnaval une a todos por iguales hacia un solo objetivo, disfrutar al m\u00e1ximo cuatro [&hellip;]<\/p>\n","protected":false},"author":1,"featured_media":17925,"comment_status":"open","ping_status":"open","sticky":false,"template":"","format":"standard","meta":[],"categories":[69],"tags":[],"_links":{"self":[{"href":"https:\/\/www.thevisitorpanama.info\/esp\/wp-json\/wp\/v2\/posts\/17920"}],"collection":[{"href":"https:\/\/www.thevisitorpanama.info\/esp\/wp-json\/wp\/v2\/posts"}],"about":[{"href":"https:\/\/www.thevisitorpanama.info\/esp\/wp-json\/wp\/v2\/types\/post"}],"author":[{"embeddable":true,"href":"https:\/\/www.thevisitorpanama.info\/esp\/wp-json\/wp\/v2\/users\/1"}],"replies":[{"embeddable":true,"href":"https:\/\/www.thevisitorpanama.info\/esp\/wp-json\/wp\/v2\/comments?post=17920"}],"version-history":[{"count":5,"href":"https:\/\/www.thevisitorpanama.info\/esp\/wp-json\/wp\/v2\/posts\/17920\/revisions"}],"predecessor-version":[{"id":17932,"href":"https:\/\/www.thevisitorpanama.info\/esp\/wp-json\/wp\/v2\/posts\/17920\/revisions\/17932"}],"wp:featuredmedia":[{"embeddable":true,"href":"https:\/\/www.thevisitorpanama.info\/esp\/wp-json\/wp\/v2\/media\/17925"}],"wp:attachment":[{"href":"https:\/\/www.thevisitorpanama.info\/esp\/wp-json\/wp\/v2\/media?parent=17920"}],"wp:term":[{"taxonomy":"category","embeddable":true,"href":"https:\/\/www.thevisitorpanama.info\/esp\/wp-json\/wp\/v2\/categories?post=17920"},{"taxonomy":"post_tag","embeddable":true,"href":"https:\/\/www.thevisitorpanama.info\/esp\/wp-json\/wp\/v2\/tags?post=17920"}],"curies":[{"name":"wp","href":"https:\/\/api.w.org\/{rel}","templated":true}]}}