{"id":17771,"date":"2025-02-15T17:08:16","date_gmt":"2025-02-15T22:08:16","guid":{"rendered":"https:\/\/www.thevisitorpanama.info\/esp\/?p=17771"},"modified":"2025-02-15T17:11:21","modified_gmt":"2025-02-15T22:11:21","slug":"arraijan-celebrara-el-domingo-16-de-febrero-el-desfile-de-las-mil-molas-en-conmemoracion-de-la-revolucion-dule","status":"publish","type":"post","link":"https:\/\/www.thevisitorpanama.info\/esp\/2025\/02\/15\/arraijan-celebrara-el-domingo-16-de-febrero-el-desfile-de-las-mil-molas-en-conmemoracion-de-la-revolucion-dule\/","title":{"rendered":"Arraij\u00e1n Celebrar\u00e1 el Domingo 16 de Febrero el Desfile de las Mil Molas en Conmemoraci\u00f3n de la Revoluci\u00f3n Dule"},"content":{"rendered":"\n<p>Este domingo 16 de febrero se llevar\u00e1 a cabo, en las calles de Vacamonte, Arraij\u00e1n, provincia de Panam\u00e1 Oeste, el primer Desfile de las Mil Molas.<\/p>\n\n\n\n<p>Celebraci\u00f3n en conmemoraci\u00f3n de los 100 a\u00f1os de la Revoluci\u00f3n Guna.<\/p>\n\n\n\n<p>El evento incluir\u00e1 el desfile de delegaciones, adem\u00e1s de una vereda de artesan\u00edas y gastronom\u00eda.<\/p>\n\n\n\n<p>La ruta del desfile, que inicia a la 1:00 p.m., recorrer\u00e1 el corregimiento de Vacamonte, comenzando en calle 21, frente al Mini S\u00faper Sof\u00eda, y finalizando en el Parque Altos del Tecal.<\/p>\n\n\n\n<p>La alcald\u00eda tambi\u00e9n anunci\u00f3 un premio de $100 para las cinco mejores delegaciones. Los interesados en participar como delegaci\u00f3n o puesto de venta.<\/p>\n\n\n\n<p>La Revoluci\u00f3n Dule de 1925 fue una sublevaci\u00f3n del pueblo gunadule contra los atropellos y abusos de las autoridades paname\u00f1as, que buscaban someter a los habitantes de la regi\u00f3n de San Blas e imponerles los usos y costumbres del resto de la Rep\u00fablica.<\/p>\n","protected":false},"excerpt":{"rendered":"<p>Este domingo 16 de febrero se llevar\u00e1 a cabo, en las calles de Vacamonte, Arraij\u00e1n, provincia de Panam\u00e1 Oeste, el primer Desfile de las Mil Molas. Celebraci\u00f3n en conmemoraci\u00f3n de los 100 a\u00f1os de la Revoluci\u00f3n Guna. El evento incluir\u00e1 el desfile de delegaciones, adem\u00e1s de una vereda de artesan\u00edas y gastronom\u00eda. La ruta del [&hellip;]<\/p>\n","protected":false},"author":1,"featured_media":17773,"comment_status":"open","ping_status":"open","sticky":false,"template":"","format":"standard","meta":[],"categories":[44],"tags":[],"_links":{"self":[{"href":"https:\/\/www.thevisitorpanama.info\/esp\/wp-json\/wp\/v2\/posts\/17771"}],"collection":[{"href":"https:\/\/www.thevisitorpanama.info\/esp\/wp-json\/wp\/v2\/posts"}],"about":[{"href":"https:\/\/www.thevisitorpanama.info\/esp\/wp-json\/wp\/v2\/types\/post"}],"author":[{"embeddable":true,"href":"https:\/\/www.thevisitorpanama.info\/esp\/wp-json\/wp\/v2\/users\/1"}],"replies":[{"embeddable":true,"href":"https:\/\/www.thevisitorpanama.info\/esp\/wp-json\/wp\/v2\/comments?post=17771"}],"version-history":[{"count":1,"href":"https:\/\/www.thevisitorpanama.info\/esp\/wp-json\/wp\/v2\/posts\/17771\/revisions"}],"predecessor-version":[{"id":17772,"href":"https:\/\/www.thevisitorpanama.info\/esp\/wp-json\/wp\/v2\/posts\/17771\/revisions\/17772"}],"wp:featuredmedia":[{"embeddable":true,"href":"https:\/\/www.thevisitorpanama.info\/esp\/wp-json\/wp\/v2\/media\/17773"}],"wp:attachment":[{"href":"https:\/\/www.thevisitorpanama.info\/esp\/wp-json\/wp\/v2\/media?parent=17771"}],"wp:term":[{"taxonomy":"category","embeddable":true,"href":"https:\/\/www.thevisitorpanama.info\/esp\/wp-json\/wp\/v2\/categories?post=17771"},{"taxonomy":"post_tag","embeddable":true,"href":"https:\/\/www.thevisitorpanama.info\/esp\/wp-json\/wp\/v2\/tags?post=17771"}],"curies":[{"name":"wp","href":"https:\/\/api.w.org\/{rel}","templated":true}]}}