{"id":17762,"date":"2025-02-14T18:06:26","date_gmt":"2025-02-14T23:06:26","guid":{"rendered":"https:\/\/www.thevisitorpanama.info\/esp\/?p=17762"},"modified":"2025-02-16T10:29:02","modified_gmt":"2025-02-16T15:29:02","slug":"personas-con-discapacidad-visual-impulsan-el-turismo-accesible-con-la-celebracion-del-10-tifloencuentro-panama-2025","status":"publish","type":"post","link":"https:\/\/www.thevisitorpanama.info\/esp\/2025\/02\/14\/personas-con-discapacidad-visual-impulsan-el-turismo-accesible-con-la-celebracion-del-10-tifloencuentro-panama-2025\/","title":{"rendered":"Personas con Discapacidad Visual Impulsan el Turismo Accesible con la Celebraci\u00f3n del 10\u00b0 Tifloencuentro Panam\u00e1 2025"},"content":{"rendered":"\n<p>A partir de este s\u00e1bado 15 de febrero y hasta el pr\u00f3ximo s\u00e1bado 22, se re\u00fanen en Panam\u00e1 m\u00e1s de 70 personas con discapacidad visual, para desarrollar la d\u00e9cima edici\u00f3n del Tifloencuentro Panam\u00e1 2025. Este evento internacional, que se realiza cada dos a\u00f1os en diferentes pa\u00edses, busca promover el di\u00e1logo entre las personas ciegas y de baja visi\u00f3n, para evaluar los avances en materia de derechos, mientras realizan turismo en el destino, as\u00ed lo explic\u00f3 Ana Mar\u00eda de Lindsay de Panam\u00e1 Accesible.<\/p>\n\n\n\n<figure class=\"wp-block-image size-full\"><img decoding=\"async\" loading=\"lazy\" width=\"1600\" height=\"900\" src=\"https:\/\/www.thevisitorpanama.info\/esp\/wp-content\/uploads\/2025\/02\/WhatsApp-Image-2025-02-14-at-1.42.48-PM.jpeg\" alt=\"\" class=\"wp-image-17765\" srcset=\"https:\/\/www.thevisitorpanama.info\/esp\/wp-content\/uploads\/2025\/02\/WhatsApp-Image-2025-02-14-at-1.42.48-PM.jpeg 1600w, https:\/\/www.thevisitorpanama.info\/esp\/wp-content\/uploads\/2025\/02\/WhatsApp-Image-2025-02-14-at-1.42.48-PM-768x432.jpeg 768w, https:\/\/www.thevisitorpanama.info\/esp\/wp-content\/uploads\/2025\/02\/WhatsApp-Image-2025-02-14-at-1.42.48-PM-1536x864.jpeg 1536w\" sizes=\"(max-width: 1600px) 100vw, 1600px\" \/><\/figure>\n\n\n\n<p>Durante el Tifloencuentro se desarrollan giras a los lugares m\u00e1s interesantes de Panam\u00e1 como Boquete, El Valle de Ant\u00f3n, las playas, comunidades ind\u00edgenas, los senderos del Parque Nacional Camino de Cruces y sitios de inter\u00e9s hist\u00f3rico, as\u00ed como a centros comerciales en la Ciudad de Panam\u00e1, donde las personas participantes disfrutar\u00e1n de una semana de turismo sensorial. Para lo cual, se capacit\u00f3 en la Ciudad del Saber a los proveedores de servicios sobre las mejores pr\u00e1cticas, en atenci\u00f3n a turistas con discapacidad visual. En este sentido, Lindsay agreg\u00f3 que en Panam\u00e1 uno de los aspectos que hace falta son los datos sobre los turistas con discapacidad, ya que con esa informaci\u00f3n los operadores de turismo podr\u00edan prepararse y dise\u00f1ar mejor sus servicios.<\/p>\n\n\n\n<figure class=\"wp-block-image size-full\"><img decoding=\"async\" loading=\"lazy\" width=\"1600\" height=\"900\" src=\"https:\/\/www.thevisitorpanama.info\/esp\/wp-content\/uploads\/2025\/02\/WhatsApp-Image-2025-02-14-at-1.50.47-PM.jpeg\" alt=\"\" class=\"wp-image-17767\" srcset=\"https:\/\/www.thevisitorpanama.info\/esp\/wp-content\/uploads\/2025\/02\/WhatsApp-Image-2025-02-14-at-1.50.47-PM.jpeg 1600w, https:\/\/www.thevisitorpanama.info\/esp\/wp-content\/uploads\/2025\/02\/WhatsApp-Image-2025-02-14-at-1.50.47-PM-768x432.jpeg 768w, https:\/\/www.thevisitorpanama.info\/esp\/wp-content\/uploads\/2025\/02\/WhatsApp-Image-2025-02-14-at-1.50.47-PM-1536x864.jpeg 1536w\" sizes=\"(max-width: 1600px) 100vw, 1600px\" \/><\/figure>\n\n\n\n<p>Cabe subrayar que los \u00faltimos encuentros se celebraron en Argentina, Colombia y M\u00e9xico, convocados por la fundaci\u00f3n internacional Tiflonexos y para esta versi\u00f3n, la empresa Panam\u00e1 Accesible postul\u00f3 a la Rep\u00fablica de Panam\u00e1 como sede del Tifloencuentro 2025, con el apoyo de la operadora de turismo local Q-tarras tours. Al respecto, Pablo Lecuona de Tiflonexos, indic\u00f3 que lo m\u00e1s importante es el encuentro y la convivencia de las personas con discapacidad visual, porque potencian sus capacidades y establecen v\u00ednculos internacionales, que generan relaciones de compa\u00f1erismo y liderazgo a favor de sus derechos.<\/p>\n\n\n\n<figure class=\"wp-block-image size-full\"><img decoding=\"async\" loading=\"lazy\" width=\"1600\" height=\"900\" src=\"https:\/\/www.thevisitorpanama.info\/esp\/wp-content\/uploads\/2025\/02\/WhatsApp-Image-2025-02-14-at-1.50.39-PM.jpeg\" alt=\"\" class=\"wp-image-17768\" srcset=\"https:\/\/www.thevisitorpanama.info\/esp\/wp-content\/uploads\/2025\/02\/WhatsApp-Image-2025-02-14-at-1.50.39-PM.jpeg 1600w, https:\/\/www.thevisitorpanama.info\/esp\/wp-content\/uploads\/2025\/02\/WhatsApp-Image-2025-02-14-at-1.50.39-PM-768x432.jpeg 768w, https:\/\/www.thevisitorpanama.info\/esp\/wp-content\/uploads\/2025\/02\/WhatsApp-Image-2025-02-14-at-1.50.39-PM-1536x864.jpeg 1536w\" sizes=\"(max-width: 1600px) 100vw, 1600px\" \/><\/figure>\n\n\n\n<p>Adem\u00e1s, es importante destacar que con la preparaci\u00f3n del Tifloencuentro 2025, Panam\u00e1 fortaleci\u00f3 sus capacidades de atenci\u00f3n, productos y servicios para turistas con discapacidad visual y mejor\u00f3 sus competencias como destino tur\u00edstico inclusivo en la regi\u00f3n latinoamericana. Es as\u00ed, como el d\u00e9cimo Tifloencuentro, moviliza a personas l\u00edderes con discapacidad visual, empresas promotoras del turismo accesible y a representantes de diversas organizaciones civiles.<\/p>\n\n\n\n<figure class=\"wp-block-image size-full\"><img decoding=\"async\" loading=\"lazy\" width=\"1600\" height=\"900\" src=\"https:\/\/www.thevisitorpanama.info\/esp\/wp-content\/uploads\/2025\/02\/WhatsApp-Image-2025-02-14-at-1.50.41-PM.jpeg\" alt=\"\" class=\"wp-image-17769\" srcset=\"https:\/\/www.thevisitorpanama.info\/esp\/wp-content\/uploads\/2025\/02\/WhatsApp-Image-2025-02-14-at-1.50.41-PM.jpeg 1600w, https:\/\/www.thevisitorpanama.info\/esp\/wp-content\/uploads\/2025\/02\/WhatsApp-Image-2025-02-14-at-1.50.41-PM-768x432.jpeg 768w, https:\/\/www.thevisitorpanama.info\/esp\/wp-content\/uploads\/2025\/02\/WhatsApp-Image-2025-02-14-at-1.50.41-PM-1536x864.jpeg 1536w\" sizes=\"(max-width: 1600px) 100vw, 1600px\" \/><\/figure>\n\n\n\n<p>Foto. Mesa principal de derecha a izquierda: Daysi Trujillo de la Autoridad de Turismo, Ana Mar\u00eda de Lindsay de Panam\u00e1 Accesible, Pablo Lecuona de Tiflonexos, Mirleydis Mu\u00f1oz de Q-tarras tours y Ada Rodr\u00edguez de PROMTUR.<\/p>\n","protected":false},"excerpt":{"rendered":"<p>A partir de este s\u00e1bado 15 de febrero y hasta el pr\u00f3ximo s\u00e1bado 22, se re\u00fanen en Panam\u00e1 m\u00e1s de 70 personas con discapacidad visual, para desarrollar la d\u00e9cima edici\u00f3n del Tifloencuentro Panam\u00e1 2025. Este evento internacional, que se realiza cada dos a\u00f1os en diferentes pa\u00edses, busca promover el di\u00e1logo entre las personas ciegas y [&hellip;]<\/p>\n","protected":false},"author":1,"featured_media":17764,"comment_status":"open","ping_status":"open","sticky":false,"template":"","format":"standard","meta":[],"categories":[44],"tags":[],"_links":{"self":[{"href":"https:\/\/www.thevisitorpanama.info\/esp\/wp-json\/wp\/v2\/posts\/17762"}],"collection":[{"href":"https:\/\/www.thevisitorpanama.info\/esp\/wp-json\/wp\/v2\/posts"}],"about":[{"href":"https:\/\/www.thevisitorpanama.info\/esp\/wp-json\/wp\/v2\/types\/post"}],"author":[{"embeddable":true,"href":"https:\/\/www.thevisitorpanama.info\/esp\/wp-json\/wp\/v2\/users\/1"}],"replies":[{"embeddable":true,"href":"https:\/\/www.thevisitorpanama.info\/esp\/wp-json\/wp\/v2\/comments?post=17762"}],"version-history":[{"count":3,"href":"https:\/\/www.thevisitorpanama.info\/esp\/wp-json\/wp\/v2\/posts\/17762\/revisions"}],"predecessor-version":[{"id":17775,"href":"https:\/\/www.thevisitorpanama.info\/esp\/wp-json\/wp\/v2\/posts\/17762\/revisions\/17775"}],"wp:featuredmedia":[{"embeddable":true,"href":"https:\/\/www.thevisitorpanama.info\/esp\/wp-json\/wp\/v2\/media\/17764"}],"wp:attachment":[{"href":"https:\/\/www.thevisitorpanama.info\/esp\/wp-json\/wp\/v2\/media?parent=17762"}],"wp:term":[{"taxonomy":"category","embeddable":true,"href":"https:\/\/www.thevisitorpanama.info\/esp\/wp-json\/wp\/v2\/categories?post=17762"},{"taxonomy":"post_tag","embeddable":true,"href":"https:\/\/www.thevisitorpanama.info\/esp\/wp-json\/wp\/v2\/tags?post=17762"}],"curies":[{"name":"wp","href":"https:\/\/api.w.org\/{rel}","templated":true}]}}