{"id":17744,"date":"2025-02-11T19:47:13","date_gmt":"2025-02-12T00:47:13","guid":{"rendered":"https:\/\/www.thevisitorpanama.info\/esp\/?p=17744"},"modified":"2025-02-11T20:03:53","modified_gmt":"2025-02-12T01:03:53","slug":"la-feria-agricola-y-artesanal-de-el-cope-en-la-providencia-de-coco-se-realizara-del-13-al-17-de-febrero","status":"publish","type":"post","link":"https:\/\/www.thevisitorpanama.info\/esp\/2025\/02\/11\/la-feria-agricola-y-artesanal-de-el-cope-en-la-providencia-de-coco-se-realizara-del-13-al-17-de-febrero\/","title":{"rendered":"La Feria Agricola y Artesanal de El Cop\u00e9 en la Provincia de Cocl\u00e9 se Realizar\u00e1 del 13 al 17 de Febrero"},"content":{"rendered":"\n<p>Del 13 al 17 de febrero se realizar\u00e1 la Feria Agr\u00edcola y Artesanal de El Cop\u00e9, en la provincia de Cocl\u00e9. El evento contar\u00e1 con m\u00faltiples actividades folcl\u00f3ricas, la coronaci\u00f3n de la reina, tamborito, guacho en totuma, junta de embarre, concursos y mucho m\u00e1s<\/p>\n\n\n\n<p>La Feria de El Cop\u00e9 destaca por sus eventos tur\u00edsticos vibrantes que incluyen desfiles coloridos, actividades culturales y tradicionales, ofreciendo a los visitantes una experiencia \u00fanica para explorar la rica herencia y tradiciones de la regi\u00f3n.<\/p>\n\n\n\n<figure class=\"wp-block-image size-full\"><img decoding=\"async\" loading=\"lazy\" width=\"1080\" height=\"1080\" src=\"https:\/\/www.thevisitorpanama.info\/esp\/wp-content\/uploads\/2025\/02\/Snapinst.app_431256901_1612158962870126_1142847766153338949_n_1080.jpg\" alt=\"\" class=\"wp-image-17748\" srcset=\"https:\/\/www.thevisitorpanama.info\/esp\/wp-content\/uploads\/2025\/02\/Snapinst.app_431256901_1612158962870126_1142847766153338949_n_1080.jpg 1080w, https:\/\/www.thevisitorpanama.info\/esp\/wp-content\/uploads\/2025\/02\/Snapinst.app_431256901_1612158962870126_1142847766153338949_n_1080-150x150.jpg 150w, https:\/\/www.thevisitorpanama.info\/esp\/wp-content\/uploads\/2025\/02\/Snapinst.app_431256901_1612158962870126_1142847766153338949_n_1080-768x768.jpg 768w\" sizes=\"(max-width: 1080px) 100vw, 1080px\" \/><\/figure>\n\n\n\n<p>La caracter\u00edstica principal es enfatizar las costumbres y actividades que se realizan en esta regi\u00f3n de clima agradable. Distintos stands y ranchos destacan en este evento, entre ellos, los de sombreros, c\u00edtricos, frutas, legumbres, artesan\u00edas de barro, madera y de bellotas.<\/p>\n\n\n\n<p>En esta feria disfrutar\u00e1s de:<\/p>\n\n\n\n<p>Desfiles coloridos:&nbsp;Disfruta de la alegr\u00eda y el ritmo de los coloridos desfiles que recorren las calles de El Cop\u00e9.<\/p>\n\n\n\n<p>Actividades culturales:&nbsp;Participa en talleres, presentaciones folcl\u00f3ricas, bailes tradicionales y mucho m\u00e1s.<\/p>\n\n\n\n<p>Tradiciones ancestrales:&nbsp;Conoce y aprende sobre las tradiciones y costumbres que hacen \u00fanico al pueblo de El Cop\u00e9.<\/p>\n\n\n\n<p>Sabores aut\u00e9nticos:&nbsp;Degusta una deliciosa variedad de platos t\u00edpicos elaborados con ingredientes frescos y recetas tradicionales.<\/p>\n\n\n\n<p>Un encuentro con la esencia de Panam\u00e1:<\/p>\n\n\n\n<p>Artesan\u00edas:&nbsp;Admira y adquiere hermosas artesan\u00edas elaboradas por manos locales, con t\u00e9cnicas y materiales propios de la regi\u00f3n.<\/p>\n\n\n\n<p>M\u00fasica y bailes:&nbsp;D\u00e9jate llevar por el ritmo contagioso de la m\u00fasica folcl\u00f3rica y los bailes tradicionales.<\/p>\n\n\n\n<p>Gente amable:&nbsp;Disfruta de la hospitalidad y el calor humano del pueblo de El Cop\u00e9.<\/p>\n","protected":false},"excerpt":{"rendered":"<p>Del 13 al 17 de febrero se realizar\u00e1 la Feria Agr\u00edcola y Artesanal de El Cop\u00e9, en la provincia de Cocl\u00e9. El evento contar\u00e1 con m\u00faltiples actividades folcl\u00f3ricas, la coronaci\u00f3n de la reina, tamborito, guacho en totuma, junta de embarre, concursos y mucho m\u00e1s La Feria de El Cop\u00e9 destaca por sus eventos tur\u00edsticos vibrantes [&hellip;]<\/p>\n","protected":false},"author":1,"featured_media":17750,"comment_status":"open","ping_status":"open","sticky":false,"template":"","format":"standard","meta":[],"categories":[69],"tags":[],"_links":{"self":[{"href":"https:\/\/www.thevisitorpanama.info\/esp\/wp-json\/wp\/v2\/posts\/17744"}],"collection":[{"href":"https:\/\/www.thevisitorpanama.info\/esp\/wp-json\/wp\/v2\/posts"}],"about":[{"href":"https:\/\/www.thevisitorpanama.info\/esp\/wp-json\/wp\/v2\/types\/post"}],"author":[{"embeddable":true,"href":"https:\/\/www.thevisitorpanama.info\/esp\/wp-json\/wp\/v2\/users\/1"}],"replies":[{"embeddable":true,"href":"https:\/\/www.thevisitorpanama.info\/esp\/wp-json\/wp\/v2\/comments?post=17744"}],"version-history":[{"count":4,"href":"https:\/\/www.thevisitorpanama.info\/esp\/wp-json\/wp\/v2\/posts\/17744\/revisions"}],"predecessor-version":[{"id":17753,"href":"https:\/\/www.thevisitorpanama.info\/esp\/wp-json\/wp\/v2\/posts\/17744\/revisions\/17753"}],"wp:featuredmedia":[{"embeddable":true,"href":"https:\/\/www.thevisitorpanama.info\/esp\/wp-json\/wp\/v2\/media\/17750"}],"wp:attachment":[{"href":"https:\/\/www.thevisitorpanama.info\/esp\/wp-json\/wp\/v2\/media?parent=17744"}],"wp:term":[{"taxonomy":"category","embeddable":true,"href":"https:\/\/www.thevisitorpanama.info\/esp\/wp-json\/wp\/v2\/categories?post=17744"},{"taxonomy":"post_tag","embeddable":true,"href":"https:\/\/www.thevisitorpanama.info\/esp\/wp-json\/wp\/v2\/tags?post=17744"}],"curies":[{"name":"wp","href":"https:\/\/api.w.org\/{rel}","templated":true}]}}