{"id":17680,"date":"2025-01-29T21:06:59","date_gmt":"2025-01-30T02:06:59","guid":{"rendered":"https:\/\/www.thevisitorpanama.info\/esp\/?p=17680"},"modified":"2025-01-29T21:29:08","modified_gmt":"2025-01-30T02:29:08","slug":"toma-posesion-la-nueva-junta-directiva-2025-de-skal-internacional-panama","status":"publish","type":"post","link":"https:\/\/www.thevisitorpanama.info\/esp\/2025\/01\/29\/toma-posesion-la-nueva-junta-directiva-2025-de-skal-internacional-panama\/","title":{"rendered":"Toma Posesi\u00f3n la Nueva Junta Directiva 2025 de Skal Internacional Panam\u00e1"},"content":{"rendered":"\n<p>La Sra. Yvonne C. Lohrer asumi\u00f3 la presidencia de Skal Internacional de Panam\u00e1 el pasado martes 28 de enero en una ceremonia oficial que cont\u00f3 con la presencia de miembros y representantes de diversos gremios tur\u00edsticos de nuestro pa\u00eds.<\/p>\n\n\n\n<figure class=\"wp-block-image size-full\"><img decoding=\"async\" loading=\"lazy\" width=\"1500\" height=\"1000\" src=\"https:\/\/www.thevisitorpanama.info\/esp\/wp-content\/uploads\/2025\/01\/IMG-20250129-WA0052.jpg\" alt=\"\" class=\"wp-image-17684\" srcset=\"https:\/\/www.thevisitorpanama.info\/esp\/wp-content\/uploads\/2025\/01\/IMG-20250129-WA0052.jpg 1500w, https:\/\/www.thevisitorpanama.info\/esp\/wp-content\/uploads\/2025\/01\/IMG-20250129-WA0052-768x512.jpg 768w\" sizes=\"(max-width: 1500px) 100vw, 1500px\" \/><\/figure>\n\n\n\n<p>Durante la ceremonia se procedi\u00f3 a la entrega de un reconocimiento al Presidente saliente Demetrio Maduro quien por 3 a\u00f1os consecutivos lider\u00f3 el Club, y tambi\u00e9n para Annette C\u00e1rdenas quien represent\u00f3 a esta organizaci\u00f3n en el 2024 como Presidente Mundial Skal Internacional de Panam\u00e1.<\/p>\n\n\n\n<figure class=\"wp-block-image size-full\"><img decoding=\"async\" loading=\"lazy\" width=\"1500\" height=\"1000\" src=\"https:\/\/www.thevisitorpanama.info\/esp\/wp-content\/uploads\/2025\/01\/IMG-20250129-WA0046.jpg\" alt=\"\" class=\"wp-image-17685\" srcset=\"https:\/\/www.thevisitorpanama.info\/esp\/wp-content\/uploads\/2025\/01\/IMG-20250129-WA0046.jpg 1500w, https:\/\/www.thevisitorpanama.info\/esp\/wp-content\/uploads\/2025\/01\/IMG-20250129-WA0046-768x512.jpg 768w\" sizes=\"(max-width: 1500px) 100vw, 1500px\" \/><\/figure>\n\n\n\n<p>El evento inici\u00f3 a las 7:00 p.m. en el Hotel InterContinental Miramar donde se llev\u00f3 a cabo la juramentaci\u00f3n de la Presidente electa, seguida por su Junta Directiva.<\/p>\n\n\n\n<p>Con la nueva Junta Directiva de Yvonne C. Lohrer, Skal Internacional de Panam\u00e1 empez\u00f3 un nuevo capitulo en su trayectoria tur\u00edstica, lleno de retos, proyectos y objetivos por alcanzar.<\/p>\n\n\n\n<figure class=\"wp-block-image size-full\"><img decoding=\"async\" loading=\"lazy\" width=\"1500\" height=\"1000\" src=\"https:\/\/www.thevisitorpanama.info\/esp\/wp-content\/uploads\/2025\/01\/IMG-20250129-WA0047.jpg\" alt=\"\" class=\"wp-image-17686\" srcset=\"https:\/\/www.thevisitorpanama.info\/esp\/wp-content\/uploads\/2025\/01\/IMG-20250129-WA0047.jpg 1500w, https:\/\/www.thevisitorpanama.info\/esp\/wp-content\/uploads\/2025\/01\/IMG-20250129-WA0047-768x512.jpg 768w\" sizes=\"(max-width: 1500px) 100vw, 1500px\" \/><\/figure>\n\n\n\n<p>Junta Directiva Skal Internacional de Panam\u00e1 2025:<\/p>\n\n\n\n<p>Presidente: Yvonne C. Lohrer<\/p>\n\n\n\n<p>1er Vicepresidente: Ernesto Reina<\/p>\n\n\n\n<p>2do Vicepresidente: Magali Griffith<\/p>\n\n\n\n<p>Tesorero: Erick Goldoni<\/p>\n\n\n\n<p>Secretaria: Veroushka Badillo<\/p>\n\n\n\n<p>Vocal de Desarrollo: Jaime Pons<\/p>\n\n\n\n<p>Vocal de Comunicaci\u00f3n: Melva Quintero<\/p>\n\n\n\n<p>Vocal de Programas y Acontecimientos: Berta Lange<\/p>\n\n\n\n<p>Vocal de Publicidad y Patrocinio: Digna Leblanc<\/p>\n\n\n\n<p>Auditor: Liliana Motta<\/p>\n\n\n\n<figure class=\"wp-block-image size-full\"><img decoding=\"async\" loading=\"lazy\" width=\"1500\" height=\"1000\" src=\"https:\/\/www.thevisitorpanama.info\/esp\/wp-content\/uploads\/2025\/01\/IMG-20250129-WA0053.jpg\" alt=\"\" class=\"wp-image-17687\" srcset=\"https:\/\/www.thevisitorpanama.info\/esp\/wp-content\/uploads\/2025\/01\/IMG-20250129-WA0053.jpg 1500w, https:\/\/www.thevisitorpanama.info\/esp\/wp-content\/uploads\/2025\/01\/IMG-20250129-WA0053-768x512.jpg 768w\" sizes=\"(max-width: 1500px) 100vw, 1500px\" \/><\/figure>\n","protected":false},"excerpt":{"rendered":"<p>La Sra. Yvonne C. Lohrer asumi\u00f3 la presidencia de Skal Internacional de Panam\u00e1 el pasado martes 28 de enero en una ceremonia oficial que cont\u00f3 con la presencia de miembros y representantes de diversos gremios tur\u00edsticos de nuestro pa\u00eds. Durante la ceremonia se procedi\u00f3 a la entrega de un reconocimiento al Presidente saliente Demetrio Maduro [&hellip;]<\/p>\n","protected":false},"author":1,"featured_media":17682,"comment_status":"open","ping_status":"open","sticky":false,"template":"","format":"standard","meta":[],"categories":[44],"tags":[],"_links":{"self":[{"href":"https:\/\/www.thevisitorpanama.info\/esp\/wp-json\/wp\/v2\/posts\/17680"}],"collection":[{"href":"https:\/\/www.thevisitorpanama.info\/esp\/wp-json\/wp\/v2\/posts"}],"about":[{"href":"https:\/\/www.thevisitorpanama.info\/esp\/wp-json\/wp\/v2\/types\/post"}],"author":[{"embeddable":true,"href":"https:\/\/www.thevisitorpanama.info\/esp\/wp-json\/wp\/v2\/users\/1"}],"replies":[{"embeddable":true,"href":"https:\/\/www.thevisitorpanama.info\/esp\/wp-json\/wp\/v2\/comments?post=17680"}],"version-history":[{"count":3,"href":"https:\/\/www.thevisitorpanama.info\/esp\/wp-json\/wp\/v2\/posts\/17680\/revisions"}],"predecessor-version":[{"id":17690,"href":"https:\/\/www.thevisitorpanama.info\/esp\/wp-json\/wp\/v2\/posts\/17680\/revisions\/17690"}],"wp:featuredmedia":[{"embeddable":true,"href":"https:\/\/www.thevisitorpanama.info\/esp\/wp-json\/wp\/v2\/media\/17682"}],"wp:attachment":[{"href":"https:\/\/www.thevisitorpanama.info\/esp\/wp-json\/wp\/v2\/media?parent=17680"}],"wp:term":[{"taxonomy":"category","embeddable":true,"href":"https:\/\/www.thevisitorpanama.info\/esp\/wp-json\/wp\/v2\/categories?post=17680"},{"taxonomy":"post_tag","embeddable":true,"href":"https:\/\/www.thevisitorpanama.info\/esp\/wp-json\/wp\/v2\/tags?post=17680"}],"curies":[{"name":"wp","href":"https:\/\/api.w.org\/{rel}","templated":true}]}}