{"id":17673,"date":"2025-01-27T20:45:51","date_gmt":"2025-01-28T01:45:51","guid":{"rendered":"https:\/\/www.thevisitorpanama.info\/esp\/?p=17673"},"modified":"2025-01-27T20:49:18","modified_gmt":"2025-01-28T01:49:18","slug":"world-of-coffee-panama-2026-se-desarrollara-del-23-al-25-de-octubre-en-el-panama-convention-center","status":"publish","type":"post","link":"https:\/\/www.thevisitorpanama.info\/esp\/2025\/01\/27\/world-of-coffee-panama-2026-se-desarrollara-del-23-al-25-de-octubre-en-el-panama-convention-center\/","title":{"rendered":"World of Coffee Panam\u00e1 2026, se Desarrollar\u00e1 del 23 al 25 de Octubre en el Panama Convention Center"},"content":{"rendered":"\n<p>La C\u00e1mara de Comercio, Industrias y Agricultura de Panam\u00e1 (CCIAP) y la Asociaci\u00f3n de Caf\u00e9s Especiales de Panam\u00e1 (SCAP), firmaron un convenio de cooperaci\u00f3n donde se concretiza la organizaci\u00f3n del World of Coffee, Panama 2026,Expo Comercial de caf\u00e9 que por primera vez se llevar\u00e1 a cabo en Am\u00e9rica Latina del 23 al 25 de octubre de 2026, en el Panama Convention Center. \u00a0<\/p>\n\n\n\n<p>El objetivo es posicionar a Panam\u00e1 y el sector Caficultor como un referente de Calidad de Caf\u00e9 ante toda la industria del mundo que se re\u00fanen a ver las ultimas tendencia, en educaci\u00f3n, innovaci\u00f3n, sostenibilidad y tecnolog\u00eda y a promocionar y comercializar las diversas variedades de caf\u00e9 y los productos derivados, ante compradores globales que se dan cita para fortalecer sus relaciones comerciales.<\/p>\n\n\n\n<figure class=\"wp-block-image size-full\"><img decoding=\"async\" loading=\"lazy\" width=\"1500\" height=\"842\" src=\"https:\/\/www.thevisitorpanama.info\/esp\/wp-content\/uploads\/2025\/01\/IMG_1089.jpg\" alt=\"\" class=\"wp-image-17677\" srcset=\"https:\/\/www.thevisitorpanama.info\/esp\/wp-content\/uploads\/2025\/01\/IMG_1089.jpg 1500w, https:\/\/www.thevisitorpanama.info\/esp\/wp-content\/uploads\/2025\/01\/IMG_1089-768x431.jpg 768w\" sizes=\"(max-width: 1500px) 100vw, 1500px\" \/><\/figure>\n\n\n\n<p>Este acuerdo fue firmado por Juan Arias, presidente de la CCIAP y Ricardo Koyner, presidente de la SCAP, el cual es prorrogable por igual t\u00e9rmino de 2 a\u00f1os.<\/p>\n\n\n\n<p>Juan Arias, presidente de la CCIAP, se\u00f1al\u00f3 \u201cesta es una excelente oportunidad, que Panam\u00e1 haya sido seleccionado para la primera edici\u00f3n del World Of Coffee en Centroam\u00e9rica y Am\u00e9rica Latina, donde los paname\u00f1os podremos mostrar al mundo el gran potencial de la oferta exportable que tenemos y promover&nbsp;nuestro caf\u00e9 de altura, el cual es motivo de orgullo, particularmente en los \u00faltimos a\u00f1os, en que ha tenido comportamiento positivo con el especializado geisha\u201d, agreg\u00f3.<\/p>\n\n\n\n<p>Adem\u00e1s, dijo por primera vez en Latinoam\u00e9rica, este encuentro reunir\u00e1 a los mejores productores, compradores y amantes del caf\u00e9, consolidando a Panam\u00e1 no solo como un l\u00edder en calidad cafetera, sino tambi\u00e9n como un punto de encuentro para los negocios y la cultura del caf\u00e9.<\/p>\n\n\n\n<p>De igual forma, agradeci\u00f3 a la Asociaci\u00f3n de Caf\u00e9 Especial de Panam\u00e1 por la confianza depositada en la C\u00e1mara de Comercio que por 40 a\u00f1os organiza eventos de tal magnitud como lo son las insignes ferias EXPOCOMER, EXPO LOG\u00cdSTICA PANAM\u00c1, EXPO TURISMO INTERNACIONAL, EXPO TECH y EXPO EL\u00c9CTRICA INTERNACIONAL-Panam\u00e1 que se llevar\u00e1n a cabo en paralelo del 25 al 27 de marzo pr\u00f3ximo. &nbsp;<\/p>\n\n\n\n<p>Por su parte Ricardo Koyner, presidente de la Asociaci\u00f3n de Caf\u00e9 Especial de Panam\u00e1 expres\u00f3 \u201cEn SCAP estamos muy orgullosos de que la Specialty Coffee Association haya elegido a nuestro pa\u00eds para el primer World of Coffee en Latinoam\u00e9rica. Lo vemos como un reconocimiento al arduo trabajo que ha realizado Panam\u00e1 posicionando nuestros caf\u00e9s como uno de los mejores del mundo como la mejor expresi\u00f3n del &#8220;Specialty Coffee&#8221;. El World of Coffee Panama tendr\u00e1 un gran impacto en muchas industrias de nuestro pa\u00eds, el turismo, el comercio y el sector de servicios se ver\u00e1n enormemente beneficiados. Nuestra alianza con la C\u00e1mara de Comercio, Industrias y Agricultura de Panam\u00e1 fortalecer\u00e1 nuestra Asociaci\u00f3n y asegura el \u00e9xito de este proyecto\u201d.<\/p>\n\n\n\n<figure class=\"wp-block-image size-full\"><img decoding=\"async\" loading=\"lazy\" width=\"1217\" height=\"842\" src=\"https:\/\/www.thevisitorpanama.info\/esp\/wp-content\/uploads\/2025\/01\/IMG_1081.jpg\" alt=\"\" class=\"wp-image-17678\" srcset=\"https:\/\/www.thevisitorpanama.info\/esp\/wp-content\/uploads\/2025\/01\/IMG_1081.jpg 1217w, https:\/\/www.thevisitorpanama.info\/esp\/wp-content\/uploads\/2025\/01\/IMG_1081-768x531.jpg 768w\" sizes=\"(max-width: 1217px) 100vw, 1217px\" \/><\/figure>\n\n\n\n<p><strong>Datos de la vitrina comercial del caf\u00e9<\/strong><\/p>\n\n\n\n<p>El&nbsp;World of Coffee, Panama,tendr\u00e1 como escenario el Panama Convention Center, ubicado estrat\u00e9gicamente en la ribera del Canal de Panam\u00e1, en la Calzada de Amador. Esta exposici\u00f3n comercial de caf\u00e9 contempla un \u00e1rea para rueda de negocios, sesiones de capacitaci\u00f3n donde se desarrollar\u00e1n conferencias especializadas en diversos temas, como tendencias en la industria, m\u00e9todos de preparaci\u00f3n, sostenibilidad, innovaci\u00f3n y m\u00e1s.<\/p>\n\n\n\n<p>Tambi\u00e9n, se desarrollar\u00e1 la competencia internacional de baristas, donde participar\u00e1n profesionales del caf\u00e9 de todo el mundo que compiten por los t\u00edtulos.<\/p>\n\n\n\n<p>En la sala de exhibici\u00f3n, compradores y proveedores del sector podr\u00e1n participar mostrando sus productos, equipos y servicios relacionados con el caf\u00e9 posicionando a Panam\u00e1 como el principal hub de negocios de Am\u00e9rica Latina, por su privilegiada posici\u00f3n geogr\u00e1fica y el conglomerado desarrollado en torno a este.<\/p>\n\n\n\n<p>En esta vitrina, el mundo conocer\u00e1 m\u00e1s sobre este producto paname\u00f1o de calidad, as\u00ed como las principales empresas caficultoras con miras a lograr y establecer conexiones con potenciales compradores de otros mercados.<\/p>\n\n\n\n<p>World of Coffee es el encuentro de caf\u00e9 l\u00edder en Europa y uno de los eventos de caf\u00e9 preeminentes del mundo, que re\u00fane a miles de profesionales del caf\u00e9 y entusiastas durante tres d\u00edas para una celebraci\u00f3n del caf\u00e9 especializado. La feria est\u00e1 organizada por la Speciality Coffee Association.<\/p>\n\n\n\n<p><strong>Detalles de la producci\u00f3n de este rubro<\/strong><\/p>\n\n\n\n<p>El caf\u00e9 representa el 0,4 % del Producto Interno Bruto (PIB) de Panam\u00e1, pero gracias a la producci\u00f3n de caf\u00e9s especiales, que en el 2024 se cotiz\u00f3 al precio r\u00e9cord US$13,518 d\u00f3lares por kilogramo en una subasta electr\u00f3nica posicionando el pa\u00eds en el mercado de lujo cafetero.<\/p>\n\n\n\n<p>En Panam\u00e1, la principal provincia productora es Chiriqu\u00ed, con 6.434,99 hect\u00e1reas cultivadas y 1,154 productores. Seguida de la provincia de Cocl\u00e9, con 4.715 hect\u00e1reas cultivadas por 2.210 productores. Sumando a Panam\u00e1 Oeste con 2.300 hect\u00e1reas cultivadas y 1.000 productores; as\u00ed como, Col\u00f3n donde se cultivan 1.801 hect\u00e1reas y se registran 1.601 productores.<\/p>\n\n\n\n<p>El caf\u00e9 de Panam\u00e1 es conocido&nbsp;&nbsp; nivel mundial por su calidad y variedad, tal es el caf\u00e9 Geisha, que se cotiza con los m\u00e1s altos precios en el mundo. Pero de igual forma se cultivan otras variedades como el Ar\u00e1bica y Robusta.<\/p>\n\n\n\n<p>El Geisha es una variedad de caf\u00e9 de la especie ar\u00e1bica y es la m\u00e1s reconocida a nivel mundial. Su auge inici\u00f3 en 2004 cuando se present\u00f3 al concurso Best of Panam\u00e1 y ocup\u00f3 el primer lugar en varias categor\u00edas. Actualmente, sigue siendo uno de lo m\u00e1s usados por los baristas en las competencias de cata de los mejores caf\u00e9s del mundo.<\/p>\n\n\n\n<p>Sobre la C\u00e1mara de Comercio, Industrias y Agricultura de Panam\u00e1<\/p>\n\n\n\n<p>La C\u00e1mara de Comercio, Industrias y Agricultura de Panam\u00e1 (CCIAP), principal gremio del sector privado fue fundada el 17 de mayo de 1915 con el prop\u00f3sito de \u201cpromover, conectar y defender a la empresa privada\u201d. Actualmente, est\u00e1 conformada por unas 1,600 empresas, clasificadas en 15 sectores de la econom\u00eda nacional, y trabaja para procurar el crecimiento de la actividad comercial, industrial, agr\u00edcola y de servicios, y cooperar en el estudio de los problemas econ\u00f3micos y sociales de la econom\u00eda del pa\u00eds.<\/p>\n\n\n\n<p><strong>Detalles sobre la Asociaci\u00f3n de Caf\u00e9s Especiales de Panam\u00e1 (SCAP)<\/strong><\/p>\n\n\n\n<p>SCAP, en 1996, durante la crisis de los bajos precios internacionales del caf\u00e9 y el comienzo de la categor\u00eda Caf\u00e9s Especiales, un grupo de 7 productores de caf\u00e9 de las \u00e1reas de Boquete y Volc\u00e1n -Candela se juntaron con la idea de dar a conocer sus caf\u00e9s.<\/p>\n\n\n\n<p>Sabiendo que sus Caf\u00e9s eran de excelente calidad, que el caf\u00e9 era el producto agr\u00edcola m\u00e1s importante de las tierras altas paname\u00f1as, y que estaba presente una creciente demanda global, naci\u00f3 la Asociaci\u00f3n Paname\u00f1a de Caf\u00e9s Especiales de Panam\u00e1 (SCAP). Hoy, SCAP cuenta con m\u00e1s de 90 socios que exportan sus variedades de Caf\u00e9s Especiales en todo el mundo y ganadores de premios y reconocimientos en concursos internacionales de sabores.<\/p>\n","protected":false},"excerpt":{"rendered":"<p>La C\u00e1mara de Comercio, Industrias y Agricultura de Panam\u00e1 (CCIAP) y la Asociaci\u00f3n de Caf\u00e9s Especiales de Panam\u00e1 (SCAP), firmaron un convenio de cooperaci\u00f3n donde se concretiza la organizaci\u00f3n del World of Coffee, Panama 2026,Expo Comercial de caf\u00e9 que por primera vez se llevar\u00e1 a cabo en Am\u00e9rica Latina del 23 al 25 de octubre [&hellip;]<\/p>\n","protected":false},"author":1,"featured_media":17675,"comment_status":"open","ping_status":"open","sticky":false,"template":"","format":"standard","meta":[],"categories":[44],"tags":[],"_links":{"self":[{"href":"https:\/\/www.thevisitorpanama.info\/esp\/wp-json\/wp\/v2\/posts\/17673"}],"collection":[{"href":"https:\/\/www.thevisitorpanama.info\/esp\/wp-json\/wp\/v2\/posts"}],"about":[{"href":"https:\/\/www.thevisitorpanama.info\/esp\/wp-json\/wp\/v2\/types\/post"}],"author":[{"embeddable":true,"href":"https:\/\/www.thevisitorpanama.info\/esp\/wp-json\/wp\/v2\/users\/1"}],"replies":[{"embeddable":true,"href":"https:\/\/www.thevisitorpanama.info\/esp\/wp-json\/wp\/v2\/comments?post=17673"}],"version-history":[{"count":2,"href":"https:\/\/www.thevisitorpanama.info\/esp\/wp-json\/wp\/v2\/posts\/17673\/revisions"}],"predecessor-version":[{"id":17679,"href":"https:\/\/www.thevisitorpanama.info\/esp\/wp-json\/wp\/v2\/posts\/17673\/revisions\/17679"}],"wp:featuredmedia":[{"embeddable":true,"href":"https:\/\/www.thevisitorpanama.info\/esp\/wp-json\/wp\/v2\/media\/17675"}],"wp:attachment":[{"href":"https:\/\/www.thevisitorpanama.info\/esp\/wp-json\/wp\/v2\/media?parent=17673"}],"wp:term":[{"taxonomy":"category","embeddable":true,"href":"https:\/\/www.thevisitorpanama.info\/esp\/wp-json\/wp\/v2\/categories?post=17673"},{"taxonomy":"post_tag","embeddable":true,"href":"https:\/\/www.thevisitorpanama.info\/esp\/wp-json\/wp\/v2\/tags?post=17673"}],"curies":[{"name":"wp","href":"https:\/\/api.w.org\/{rel}","templated":true}]}}