{"id":17538,"date":"2025-01-17T19:43:16","date_gmt":"2025-01-18T00:43:16","guid":{"rendered":"https:\/\/www.thevisitorpanama.info\/esp\/?p=17538"},"modified":"2025-01-17T19:50:49","modified_gmt":"2025-01-18T00:50:49","slug":"nueva-presidenta-de-apatel-destaca-la-necesidad-de-posicionar-a-panama-como-un-destino-turistico-de-clase-mundial","status":"publish","type":"post","link":"https:\/\/www.thevisitorpanama.info\/esp\/2025\/01\/17\/nueva-presidenta-de-apatel-destaca-la-necesidad-de-posicionar-a-panama-como-un-destino-turistico-de-clase-mundial\/","title":{"rendered":"Nueva Presidenta de APATEL Destaca la Necesidad de Posicionar a Panam\u00e1 Como un Destino Tur\u00edstico de Clase Mundial"},"content":{"rendered":"\n<p>Panam\u00e1 (16 enero 2025) &#8211;La reci\u00e9n electa presidenta de la Asociaci\u00f3n Paname\u00f1a de Hoteles (APATEL), Yovana Segarra, destac\u00f3 este jueves la necesidad de fortalecer la conectividad a\u00e9rea y terrestre de Panam\u00e1 como parte de un plan integral para posicionar al pa\u00eds como un destino tur\u00edstico de clase mundial.<\/p>\n\n\n\n<figure class=\"wp-block-image size-full\"><img decoding=\"async\" loading=\"lazy\" width=\"1920\" height=\"2560\" src=\"https:\/\/www.thevisitorpanama.info\/esp\/wp-content\/uploads\/2025\/01\/IMG-20250116-WA0038-scaled.jpg\" alt=\"\" class=\"wp-image-17541\" srcset=\"https:\/\/www.thevisitorpanama.info\/esp\/wp-content\/uploads\/2025\/01\/IMG-20250116-WA0038-scaled.jpg 1920w, https:\/\/www.thevisitorpanama.info\/esp\/wp-content\/uploads\/2025\/01\/IMG-20250116-WA0038-768x1024.jpg 768w, https:\/\/www.thevisitorpanama.info\/esp\/wp-content\/uploads\/2025\/01\/IMG-20250116-WA0038-1152x1536.jpg 1152w, https:\/\/www.thevisitorpanama.info\/esp\/wp-content\/uploads\/2025\/01\/IMG-20250116-WA0038-1536x2048.jpg 1536w\" sizes=\"(max-width: 1920px) 100vw, 1920px\" \/><\/figure>\n\n\n\n<p>Durante su discurso de toma de posesi\u00f3n, Segarra subray\u00f3 el potencial \u00fanico de Panam\u00e1, basado en su ubicaci\u00f3n estrat\u00e9gica, biodiversidad, riqueza cultural e infraestructura. Sin embargo, advirti\u00f3 sobre la falta de planificaci\u00f3n, inversi\u00f3n estrat\u00e9gica y coordinaci\u00f3n institucional que han limitado el desarrollo del sector.<\/p>\n\n\n\n<p>Tenemos un potencial tur\u00edstico inmenso que ha sido subestimado por a\u00f1os debido a debilidades institucionales y falta de enfoque. Es hora de corregir el rumbo y trabajar unidos para garantizar un turismo sostenible y competitivo, expres\u00f3 Segarra.<\/p>\n\n\n\n<figure class=\"wp-block-image size-full\"><img decoding=\"async\" loading=\"lazy\" width=\"2560\" height=\"1920\" src=\"https:\/\/www.thevisitorpanama.info\/esp\/wp-content\/uploads\/2025\/01\/IMG-20250116-WA0039-scaled.jpg\" alt=\"\" class=\"wp-image-17543\" srcset=\"https:\/\/www.thevisitorpanama.info\/esp\/wp-content\/uploads\/2025\/01\/IMG-20250116-WA0039-scaled.jpg 2560w, https:\/\/www.thevisitorpanama.info\/esp\/wp-content\/uploads\/2025\/01\/IMG-20250116-WA0039-768x576.jpg 768w, https:\/\/www.thevisitorpanama.info\/esp\/wp-content\/uploads\/2025\/01\/IMG-20250116-WA0039-1536x1152.jpg 1536w, https:\/\/www.thevisitorpanama.info\/esp\/wp-content\/uploads\/2025\/01\/IMG-20250116-WA0039-2048x1536.jpg 2048w, https:\/\/www.thevisitorpanama.info\/esp\/wp-content\/uploads\/2025\/01\/IMG-20250116-WA0039-80x60.jpg 80w, https:\/\/www.thevisitorpanama.info\/esp\/wp-content\/uploads\/2025\/01\/IMG-20250116-WA0039-100x75.jpg 100w, https:\/\/www.thevisitorpanama.info\/esp\/wp-content\/uploads\/2025\/01\/IMG-20250116-WA0039-180x135.jpg 180w, https:\/\/www.thevisitorpanama.info\/esp\/wp-content\/uploads\/2025\/01\/IMG-20250116-WA0039-238x178.jpg 238w\" sizes=\"(max-width: 2560px) 100vw, 2560px\" \/><\/figure>\n\n\n\n<p>Entre las propuestas presentadas por la nueva presidenta, destaca el incremento progresivo del presupuesto del Fondo de Promoci\u00f3n Tur\u00edstica, ajustado anualmente seg\u00fan el crecimiento en la llegada de visitantes. Tambi\u00e9n abog\u00f3 por una mayor participaci\u00f3n de los gremios tur\u00edsticos en la planificaci\u00f3n estrat\u00e9gica del sector.<\/p>\n\n\n\n<p>Segarra tambi\u00e9n rechaz\u00f3 la implementaci\u00f3n de nuevos impuestos municipales a empresas registradas en el sector tur\u00edstico, subrayando que estas decisiones deben coordinarse exclusivamente con la Autoridad de Turismo de Panam\u00e1 y el Ministerio de Econom\u00eda y Finanzas.<\/p>\n\n\n\n<figure class=\"wp-block-image size-full\"><img decoding=\"async\" loading=\"lazy\" width=\"1920\" height=\"2560\" src=\"https:\/\/www.thevisitorpanama.info\/esp\/wp-content\/uploads\/2025\/01\/IMG-20250116-WA0037-scaled.jpg\" alt=\"\" class=\"wp-image-17544\" srcset=\"https:\/\/www.thevisitorpanama.info\/esp\/wp-content\/uploads\/2025\/01\/IMG-20250116-WA0037-scaled.jpg 1920w, https:\/\/www.thevisitorpanama.info\/esp\/wp-content\/uploads\/2025\/01\/IMG-20250116-WA0037-768x1024.jpg 768w, https:\/\/www.thevisitorpanama.info\/esp\/wp-content\/uploads\/2025\/01\/IMG-20250116-WA0037-1152x1536.jpg 1152w, https:\/\/www.thevisitorpanama.info\/esp\/wp-content\/uploads\/2025\/01\/IMG-20250116-WA0037-1536x2048.jpg 1536w\" sizes=\"(max-width: 1920px) 100vw, 1920px\" \/><\/figure>\n\n\n\n<p>Estas estrategias no pueden esperar m\u00e1s. Es imperativo avanzar para superar el estancamiento que arrastramos desde 2015 y recuperar el ritmo tras la crisis provocada por la pandemia, afirm\u00f3.<\/p>\n\n\n\n<p>Segarra se\u00f1al\u00f3 que, aunque la ocupaci\u00f3n hotelera en Panam\u00e1 alcanz\u00f3 un promedio del 57% hasta noviembre de 2024, con un aumento del 7.8% en el Ingreso por Habitaci\u00f3n Disponible (RevPAR) respecto al mismo per\u00edodo del a\u00f1o anterior, el sector a\u00fan enfrenta importantes desaf\u00edos para consolidar su recuperaci\u00f3n.<\/p>\n\n\n\n<figure class=\"wp-block-image size-full\"><img decoding=\"async\" loading=\"lazy\" width=\"2560\" height=\"1920\" src=\"https:\/\/www.thevisitorpanama.info\/esp\/wp-content\/uploads\/2025\/01\/IMG-20250116-WA0032-scaled.jpg\" alt=\"\" class=\"wp-image-17545\" srcset=\"https:\/\/www.thevisitorpanama.info\/esp\/wp-content\/uploads\/2025\/01\/IMG-20250116-WA0032-scaled.jpg 2560w, https:\/\/www.thevisitorpanama.info\/esp\/wp-content\/uploads\/2025\/01\/IMG-20250116-WA0032-768x576.jpg 768w, https:\/\/www.thevisitorpanama.info\/esp\/wp-content\/uploads\/2025\/01\/IMG-20250116-WA0032-1536x1152.jpg 1536w, https:\/\/www.thevisitorpanama.info\/esp\/wp-content\/uploads\/2025\/01\/IMG-20250116-WA0032-2048x1536.jpg 2048w, https:\/\/www.thevisitorpanama.info\/esp\/wp-content\/uploads\/2025\/01\/IMG-20250116-WA0032-80x60.jpg 80w, https:\/\/www.thevisitorpanama.info\/esp\/wp-content\/uploads\/2025\/01\/IMG-20250116-WA0032-100x75.jpg 100w, https:\/\/www.thevisitorpanama.info\/esp\/wp-content\/uploads\/2025\/01\/IMG-20250116-WA0032-180x135.jpg 180w, https:\/\/www.thevisitorpanama.info\/esp\/wp-content\/uploads\/2025\/01\/IMG-20250116-WA0032-238x178.jpg 238w\" sizes=\"(max-width: 2560px) 100vw, 2560px\" \/><\/figure>\n\n\n\n<p>Estos indicadores, aunque positivos, sit\u00faan a Panam\u00e1 en la&nbsp; onceava posici\u00f3n de un total de 12 principales destinos de la regi\u00f3n en cuanto a ocupaci\u00f3n hotelera se refiere.<\/p>\n\n\n\n<p>La presidenta de APATEL hizo un en\u00e9rgico llamado a las autoridades para priorizar las inversiones en turismo, desde la mejora de infraestructuras hasta incentivos fiscales que favorezcan al sector. Adem\u00e1s, inst\u00f3 a los gremios empresariales a trabajar en conjunto para promover y garantizar la calidad de los servicios tur\u00edsticos.<\/p>\n\n\n\n<p>En APATEL estamos comprometidos con transformar el turismo en el pilar m\u00e1s s\u00f3lido de nuestra econom\u00eda. Juntos, podemos convertir a Panam\u00e1 en un referente global, concluy\u00f3 Segarra.<\/p>\n\n\n\n<figure class=\"wp-block-image size-full\"><img decoding=\"async\" loading=\"lazy\" width=\"1280\" height=\"960\" src=\"https:\/\/www.thevisitorpanama.info\/esp\/wp-content\/uploads\/2025\/01\/IMG-20250116-WA0028.jpg\" alt=\"\" class=\"wp-image-17546\" srcset=\"https:\/\/www.thevisitorpanama.info\/esp\/wp-content\/uploads\/2025\/01\/IMG-20250116-WA0028.jpg 1280w, https:\/\/www.thevisitorpanama.info\/esp\/wp-content\/uploads\/2025\/01\/IMG-20250116-WA0028-768x576.jpg 768w, https:\/\/www.thevisitorpanama.info\/esp\/wp-content\/uploads\/2025\/01\/IMG-20250116-WA0028-80x60.jpg 80w, https:\/\/www.thevisitorpanama.info\/esp\/wp-content\/uploads\/2025\/01\/IMG-20250116-WA0028-100x75.jpg 100w, https:\/\/www.thevisitorpanama.info\/esp\/wp-content\/uploads\/2025\/01\/IMG-20250116-WA0028-180x135.jpg 180w, https:\/\/www.thevisitorpanama.info\/esp\/wp-content\/uploads\/2025\/01\/IMG-20250116-WA0028-238x178.jpg 238w\" sizes=\"(max-width: 1280px) 100vw, 1280px\" \/><\/figure>\n","protected":false},"excerpt":{"rendered":"<p>Panam\u00e1 (16 enero 2025) &#8211;La reci\u00e9n electa presidenta de la Asociaci\u00f3n Paname\u00f1a de Hoteles (APATEL), Yovana Segarra, destac\u00f3 este jueves la necesidad de fortalecer la conectividad a\u00e9rea y terrestre de Panam\u00e1 como parte de un plan integral para posicionar al pa\u00eds como un destino tur\u00edstico de clase mundial. Durante su discurso de toma de posesi\u00f3n, [&hellip;]<\/p>\n","protected":false},"author":1,"featured_media":17540,"comment_status":"open","ping_status":"open","sticky":false,"template":"","format":"standard","meta":[],"categories":[44],"tags":[],"_links":{"self":[{"href":"https:\/\/www.thevisitorpanama.info\/esp\/wp-json\/wp\/v2\/posts\/17538"}],"collection":[{"href":"https:\/\/www.thevisitorpanama.info\/esp\/wp-json\/wp\/v2\/posts"}],"about":[{"href":"https:\/\/www.thevisitorpanama.info\/esp\/wp-json\/wp\/v2\/types\/post"}],"author":[{"embeddable":true,"href":"https:\/\/www.thevisitorpanama.info\/esp\/wp-json\/wp\/v2\/users\/1"}],"replies":[{"embeddable":true,"href":"https:\/\/www.thevisitorpanama.info\/esp\/wp-json\/wp\/v2\/comments?post=17538"}],"version-history":[{"count":2,"href":"https:\/\/www.thevisitorpanama.info\/esp\/wp-json\/wp\/v2\/posts\/17538\/revisions"}],"predecessor-version":[{"id":17547,"href":"https:\/\/www.thevisitorpanama.info\/esp\/wp-json\/wp\/v2\/posts\/17538\/revisions\/17547"}],"wp:featuredmedia":[{"embeddable":true,"href":"https:\/\/www.thevisitorpanama.info\/esp\/wp-json\/wp\/v2\/media\/17540"}],"wp:attachment":[{"href":"https:\/\/www.thevisitorpanama.info\/esp\/wp-json\/wp\/v2\/media?parent=17538"}],"wp:term":[{"taxonomy":"category","embeddable":true,"href":"https:\/\/www.thevisitorpanama.info\/esp\/wp-json\/wp\/v2\/categories?post=17538"},{"taxonomy":"post_tag","embeddable":true,"href":"https:\/\/www.thevisitorpanama.info\/esp\/wp-json\/wp\/v2\/tags?post=17538"}],"curies":[{"name":"wp","href":"https:\/\/api.w.org\/{rel}","templated":true}]}}