{"id":17497,"date":"2025-01-12T21:07:02","date_gmt":"2025-01-13T02:07:02","guid":{"rendered":"https:\/\/www.thevisitorpanama.info\/esp\/?p=17497"},"modified":"2025-01-12T21:13:29","modified_gmt":"2025-01-13T02:13:29","slug":"la-feria-de-la-chorrera-se-realizara-del-22-de-enero-al-2-de-febrero-y-generara-un-impacto-economico-de-10-millones","status":"publish","type":"post","link":"https:\/\/www.thevisitorpanama.info\/esp\/2025\/01\/12\/la-feria-de-la-chorrera-se-realizara-del-22-de-enero-al-2-de-febrero-y-generara-un-impacto-economico-de-10-millones\/","title":{"rendered":"Feria de la Chorrera se Realizar\u00e1 del 22 de Enero al 2 de Febrero y Generar\u00e1 un Impacto Econ\u00f3mico de $10 Millones"},"content":{"rendered":"\n<p>La Feria de La Chorrera, que inicia el pr\u00f3ximo 22 de enero y culmina el 2 de febrero, generar\u00e1 un impacto comercial estimado en B\/.10 millones, as\u00ed lo dieron a conocer los organizadores.<\/p>\n\n\n\n<p>Seg\u00fan el reporte oficial, la celebraci\u00f3n impulsar\u00e1 a emprendedores, artesanos y a la comunidad local, adem\u00e1s de ofrecer mejoras significativas para garantizar una experiencia segura y c\u00f3moda para los visitantes.<\/p>\n\n\n\n<p>Con alrededor de 20 renovaciones, la feria incluye la instalaci\u00f3n de 64 c\u00e1maras de videovigilancia, reparaci\u00f3n de establos ganaderos, construcci\u00f3n de un pozo para asegurar el suministro de agua, y la edificaci\u00f3n de los anfiteatros \u201c\u00d1ato Califa\u201d y Mami Chac\u00f3n.<\/p>\n\n\n\n<p>Se detall\u00f3 que m\u00e1s de 400 contratos entre emprendedores y artesanos se han concretado para este a\u00f1o, generando empleo directo para m\u00e1s de 3,000 personas.<\/p>\n","protected":false},"excerpt":{"rendered":"<p>La Feria de La Chorrera, que inicia el pr\u00f3ximo 22 de enero y culmina el 2 de febrero, generar\u00e1 un impacto comercial estimado en B\/.10 millones, as\u00ed lo dieron a conocer los organizadores. Seg\u00fan el reporte oficial, la celebraci\u00f3n impulsar\u00e1 a emprendedores, artesanos y a la comunidad local, adem\u00e1s de ofrecer mejoras significativas para garantizar [&hellip;]<\/p>\n","protected":false},"author":1,"featured_media":17499,"comment_status":"open","ping_status":"open","sticky":false,"template":"","format":"standard","meta":[],"categories":[69],"tags":[],"_links":{"self":[{"href":"https:\/\/www.thevisitorpanama.info\/esp\/wp-json\/wp\/v2\/posts\/17497"}],"collection":[{"href":"https:\/\/www.thevisitorpanama.info\/esp\/wp-json\/wp\/v2\/posts"}],"about":[{"href":"https:\/\/www.thevisitorpanama.info\/esp\/wp-json\/wp\/v2\/types\/post"}],"author":[{"embeddable":true,"href":"https:\/\/www.thevisitorpanama.info\/esp\/wp-json\/wp\/v2\/users\/1"}],"replies":[{"embeddable":true,"href":"https:\/\/www.thevisitorpanama.info\/esp\/wp-json\/wp\/v2\/comments?post=17497"}],"version-history":[{"count":2,"href":"https:\/\/www.thevisitorpanama.info\/esp\/wp-json\/wp\/v2\/posts\/17497\/revisions"}],"predecessor-version":[{"id":17500,"href":"https:\/\/www.thevisitorpanama.info\/esp\/wp-json\/wp\/v2\/posts\/17497\/revisions\/17500"}],"wp:featuredmedia":[{"embeddable":true,"href":"https:\/\/www.thevisitorpanama.info\/esp\/wp-json\/wp\/v2\/media\/17499"}],"wp:attachment":[{"href":"https:\/\/www.thevisitorpanama.info\/esp\/wp-json\/wp\/v2\/media?parent=17497"}],"wp:term":[{"taxonomy":"category","embeddable":true,"href":"https:\/\/www.thevisitorpanama.info\/esp\/wp-json\/wp\/v2\/categories?post=17497"},{"taxonomy":"post_tag","embeddable":true,"href":"https:\/\/www.thevisitorpanama.info\/esp\/wp-json\/wp\/v2\/tags?post=17497"}],"curies":[{"name":"wp","href":"https:\/\/api.w.org\/{rel}","templated":true}]}}