{"id":17494,"date":"2025-01-11T20:41:48","date_gmt":"2025-01-12T01:41:48","guid":{"rendered":"https:\/\/www.thevisitorpanama.info\/esp\/?p=17494"},"modified":"2025-01-11T20:48:34","modified_gmt":"2025-01-12T01:48:34","slug":"entre-la-feria-de-las-flores-y-el-desfile-de-las-mil-polleras-aspiran-recibir-a-440000-visitantes","status":"publish","type":"post","link":"https:\/\/www.thevisitorpanama.info\/esp\/2025\/01\/11\/entre-la-feria-de-las-flores-y-el-desfile-de-las-mil-polleras-aspiran-recibir-a-440000-visitantes\/","title":{"rendered":"Entre la Feria de las Flores y el Desfile de Las Mil Polleras Aspiran Recibir a 440,000 Visitantes"},"content":{"rendered":"\n<p>La Feria de las Flores y el Caf\u00e9 de Chiriqu\u00ed y el Desfile de Las Mil Polleras, en Los Santos, aspiran generar una ganancia que supere los $60 millones, entre los 440.000 visitantes que esperan recibir.<\/p>\n\n\n\n<p>La directora de la Autoridad de Turismo de Panam\u00e1 (ATP), Gloria De Le\u00f3n, dijo a este medio que solo el desfile apunta a congregar a unas 250.000 personas, lo que representar\u00eda una derrama econ\u00f3mica de $60 millones.<\/p>\n\n\n\n<p>El evento, que encuentra su respaldo legal en la Ley No. 116 del 10 de diciembre de 2013, contar\u00e1 este a\u00f1o con unas 105 delegaciones y cerca de 10.000 polleras.<\/p>\n\n\n\n<p>La funcionaria asegur\u00f3 que este beneficio no solo impacta a la ciudad de Las Tablas, sino que se extiende a provincias como Herrera, Cocl\u00e9 y Veraguas. Se espera que la ocupaci\u00f3n hotelera llegue a su m\u00e1xima capacidad este fin de semana en la pen\u00ednsula de Azuero.<\/p>\n\n\n\n<p>Esta semana comenz\u00f3 la Feria de las Flores y el Caf\u00e9, que se desarrolla en Boquete desde el 8 hasta el 19 de enero y que, seg\u00fan Tom\u00e1s Ruiz, presidente del patronato de la feria, contar\u00e1 con 190.000 asistentes, lo que supone ingresos que sobrepasen el medio mill\u00f3n de d\u00f3lares, solo en entradas.<\/p>\n\n\n\n<p>Hasta el momento [viernes] hemos registrado 17.000 visitantes, lo que supone una reactivaci\u00f3n econ\u00f3mica muy importante para nuestra provincia\u201d, expres\u00f3 a este medio.<\/p>\n\n\n\n<p>Ruiz detall\u00f3 que, para la realizaci\u00f3n de este evento, se invirtieron cerca de $200.000. \u201cTenemos una ocupaci\u00f3n hotelera, en el distrito, del 100 %, ac\u00e1 estamos repletos, lo que es un gran impulso para la econom\u00eda\u201d, valor\u00f3.<\/p>\n\n\n\n<p>La feria, que se encuentra en su versi\u00f3n N\u00b052, alcanz\u00f3 este a\u00f1o, por primera vez, el estatus de internacional. \u201cRemodelamos completamente la entrada principal e invertimos fuertemente para mejorar la experiencia de los turistas\u201d, resalt\u00f3.<\/p>\n\n\n\n<p>El l\u00edder del patronato mencion\u00f3 que este es el a\u00f1o en el que m\u00e1s se ha invertido en infraestructura y que, en materia de artesanos, este a\u00f1o se cuenta con 300 personas, entre nacionales y extranjeras. A su vez, hay m\u00e1s de 25 puestos para la venta de flores.<\/p>\n","protected":false},"excerpt":{"rendered":"<p>La Feria de las Flores y el Caf\u00e9 de Chiriqu\u00ed y el Desfile de Las Mil Polleras, en Los Santos, aspiran generar una ganancia que supere los $60 millones, entre los 440.000 visitantes que esperan recibir. La directora de la Autoridad de Turismo de Panam\u00e1 (ATP), Gloria De Le\u00f3n, dijo a este medio que solo [&hellip;]<\/p>\n","protected":false},"author":1,"featured_media":17496,"comment_status":"open","ping_status":"open","sticky":false,"template":"","format":"standard","meta":[],"categories":[44],"tags":[],"_links":{"self":[{"href":"https:\/\/www.thevisitorpanama.info\/esp\/wp-json\/wp\/v2\/posts\/17494"}],"collection":[{"href":"https:\/\/www.thevisitorpanama.info\/esp\/wp-json\/wp\/v2\/posts"}],"about":[{"href":"https:\/\/www.thevisitorpanama.info\/esp\/wp-json\/wp\/v2\/types\/post"}],"author":[{"embeddable":true,"href":"https:\/\/www.thevisitorpanama.info\/esp\/wp-json\/wp\/v2\/users\/1"}],"replies":[{"embeddable":true,"href":"https:\/\/www.thevisitorpanama.info\/esp\/wp-json\/wp\/v2\/comments?post=17494"}],"version-history":[{"count":1,"href":"https:\/\/www.thevisitorpanama.info\/esp\/wp-json\/wp\/v2\/posts\/17494\/revisions"}],"predecessor-version":[{"id":17495,"href":"https:\/\/www.thevisitorpanama.info\/esp\/wp-json\/wp\/v2\/posts\/17494\/revisions\/17495"}],"wp:featuredmedia":[{"embeddable":true,"href":"https:\/\/www.thevisitorpanama.info\/esp\/wp-json\/wp\/v2\/media\/17496"}],"wp:attachment":[{"href":"https:\/\/www.thevisitorpanama.info\/esp\/wp-json\/wp\/v2\/media?parent=17494"}],"wp:term":[{"taxonomy":"category","embeddable":true,"href":"https:\/\/www.thevisitorpanama.info\/esp\/wp-json\/wp\/v2\/categories?post=17494"},{"taxonomy":"post_tag","embeddable":true,"href":"https:\/\/www.thevisitorpanama.info\/esp\/wp-json\/wp\/v2\/tags?post=17494"}],"curies":[{"name":"wp","href":"https:\/\/api.w.org\/{rel}","templated":true}]}}