{"id":17172,"date":"2024-11-20T23:58:18","date_gmt":"2024-11-21T04:58:18","guid":{"rendered":"https:\/\/www.thevisitorpanama.info\/esp\/?p=17172"},"modified":"2024-11-20T23:59:17","modified_gmt":"2024-11-21T04:59:17","slug":"abren-incripciones-para-el-desfile-de-las-mil-polleras-2025-a-realizarse-en-enero-en-las-tablas","status":"publish","type":"post","link":"https:\/\/www.thevisitorpanama.info\/esp\/2024\/11\/20\/abren-incripciones-para-el-desfile-de-las-mil-polleras-2025-a-realizarse-en-enero-en-las-tablas\/","title":{"rendered":"Abren Incripciones para el Desfile de las Mil Polleras 2025 a Realizarse en Enero en Las Tablas"},"content":{"rendered":"\n<p>Est\u00e1 a la vuelta de la esquina uno de los eventos m\u00e1s esperado del a\u00f1o, el Desfile de Las Mil Polleras qu\u00e9 todos los a\u00f1os se celebrar\u00e1 en el hist\u00f3rico pueblo de Las Tablas en la provincia de Los Santos en el mes de enero de 2025.\u00a0<\/p>\n\n\n\n<p><strong>Inscripciones hasta el 15 de Diciembre<\/strong><\/p>\n\n\n\n<p>Por esta raz\u00f3n que la Autoridad de Turismo de Panam\u00e1 (ATP) ha abierto las inscripciones para que las delegaciones y la prensa se inscriban. Los interesados a inscribirse tienen hasta el pr\u00f3ximo 15 de diciembre a trav\u00e9s de la p\u00e1gina web: atp.gob.pa.<\/p>\n\n\n\n<figure class=\"wp-block-image size-full\"><img decoding=\"async\" loading=\"lazy\" width=\"1080\" height=\"720\" src=\"https:\/\/www.thevisitorpanama.info\/esp\/wp-content\/uploads\/2024\/11\/U0A6738_030852.jpg\" alt=\"\" class=\"wp-image-17176\" srcset=\"https:\/\/www.thevisitorpanama.info\/esp\/wp-content\/uploads\/2024\/11\/U0A6738_030852.jpg 1080w, https:\/\/www.thevisitorpanama.info\/esp\/wp-content\/uploads\/2024\/11\/U0A6738_030852-768x512.jpg 768w\" sizes=\"(max-width: 1080px) 100vw, 1080px\" \/><\/figure>\n\n\n\n<p><strong>Desfile que Exalta a la Mujer Paname\u00f1a<\/strong><\/p>\n\n\n\n<p>Esta actividad busca exaltar la pollera en sus diferentes modalidades, que el p\u00fablico se deleite y que la mujer paname\u00f1a se sienta orgullosa de lucir uno de los vestidos t\u00edpicos m\u00e1s hermosos del mundo.<\/p>\n\n\n\n<p>Como todos los a\u00f1os se espera entre 250 mil a 300 mil visitantes, lo que representa una importante inyecci\u00f3n econ\u00f3mica para la regi\u00f3n de Azuero.<\/p>\n\n\n\n<p><strong>Evento que Honra a los Artesanos\u00a0<\/strong><\/p>\n\n\n\n<p>El Desfile de Las Mil Polleras, busca tambi\u00e9n honrar la labor de los artesanos paname\u00f1os, quienes se dedican a la confecci\u00f3n del traje t\u00edpico nacional (la pollera), considerado uno de las m\u00e1s hermosos del planeta.<\/p>\n\n\n\n<figure class=\"wp-block-image size-full\"><img decoding=\"async\" loading=\"lazy\" width=\"1600\" height=\"1600\" src=\"https:\/\/www.thevisitorpanama.info\/esp\/wp-content\/uploads\/2024\/11\/20241110_201722.jpg\" alt=\"\" class=\"wp-image-17177\" srcset=\"https:\/\/www.thevisitorpanama.info\/esp\/wp-content\/uploads\/2024\/11\/20241110_201722.jpg 1600w, https:\/\/www.thevisitorpanama.info\/esp\/wp-content\/uploads\/2024\/11\/20241110_201722-150x150.jpg 150w, https:\/\/www.thevisitorpanama.info\/esp\/wp-content\/uploads\/2024\/11\/20241110_201722-768x768.jpg 768w, https:\/\/www.thevisitorpanama.info\/esp\/wp-content\/uploads\/2024\/11\/20241110_201722-1536x1536.jpg 1536w\" sizes=\"(max-width: 1600px) 100vw, 1600px\" \/><\/figure>\n","protected":false},"excerpt":{"rendered":"<p>Est\u00e1 a la vuelta de la esquina uno de los eventos m\u00e1s esperado del a\u00f1o, el Desfile de Las Mil Polleras qu\u00e9 todos los a\u00f1os se celebrar\u00e1 en el hist\u00f3rico pueblo de Las Tablas en la provincia de Los Santos en el mes de enero de 2025.\u00a0 Inscripciones hasta el 15 de Diciembre Por esta [&hellip;]<\/p>\n","protected":false},"author":1,"featured_media":17173,"comment_status":"open","ping_status":"open","sticky":false,"template":"","format":"standard","meta":[],"categories":[42],"tags":[],"_links":{"self":[{"href":"https:\/\/www.thevisitorpanama.info\/esp\/wp-json\/wp\/v2\/posts\/17172"}],"collection":[{"href":"https:\/\/www.thevisitorpanama.info\/esp\/wp-json\/wp\/v2\/posts"}],"about":[{"href":"https:\/\/www.thevisitorpanama.info\/esp\/wp-json\/wp\/v2\/types\/post"}],"author":[{"embeddable":true,"href":"https:\/\/www.thevisitorpanama.info\/esp\/wp-json\/wp\/v2\/users\/1"}],"replies":[{"embeddable":true,"href":"https:\/\/www.thevisitorpanama.info\/esp\/wp-json\/wp\/v2\/comments?post=17172"}],"version-history":[{"count":2,"href":"https:\/\/www.thevisitorpanama.info\/esp\/wp-json\/wp\/v2\/posts\/17172\/revisions"}],"predecessor-version":[{"id":17178,"href":"https:\/\/www.thevisitorpanama.info\/esp\/wp-json\/wp\/v2\/posts\/17172\/revisions\/17178"}],"wp:featuredmedia":[{"embeddable":true,"href":"https:\/\/www.thevisitorpanama.info\/esp\/wp-json\/wp\/v2\/media\/17173"}],"wp:attachment":[{"href":"https:\/\/www.thevisitorpanama.info\/esp\/wp-json\/wp\/v2\/media?parent=17172"}],"wp:term":[{"taxonomy":"category","embeddable":true,"href":"https:\/\/www.thevisitorpanama.info\/esp\/wp-json\/wp\/v2\/categories?post=17172"},{"taxonomy":"post_tag","embeddable":true,"href":"https:\/\/www.thevisitorpanama.info\/esp\/wp-json\/wp\/v2\/tags?post=17172"}],"curies":[{"name":"wp","href":"https:\/\/api.w.org\/{rel}","templated":true}]}}