{"id":17139,"date":"2024-11-20T22:39:25","date_gmt":"2024-11-21T03:39:25","guid":{"rendered":"https:\/\/www.thevisitorpanama.info\/esp\/?p=17139"},"modified":"2024-11-20T23:18:45","modified_gmt":"2024-11-21T04:18:45","slug":"daniel-moreinis-pedasi-se-ha-vuelto-el-primer-destino-turistico-de-panama-es-hermoso-y-seguro-su-gente-es-trabajadora-y-con-mucha-educacion","status":"publish","type":"post","link":"https:\/\/www.thevisitorpanama.info\/esp\/2024\/11\/20\/daniel-moreinis-pedasi-se-ha-vuelto-el-primer-destino-turistico-de-panama-es-hermoso-y-seguro-su-gente-es-trabajadora-y-con-mucha-educacion\/","title":{"rendered":"Daniel Moreinis:  &#8220;Pedas\u00ed se ha vuelto el primer destino tur\u00edstico de Panam\u00e1: es hermoso y seguro, su gente es trabajadora y con mucha educaci\u00f3n&#8221;"},"content":{"rendered":"\n<p>El Distrito de Pedas\u00ed se ha convertido en uno de los destinos con mayor vocaci\u00f3n tur\u00edstica del pa\u00eds a lo largo de los \u00faltimos 15 a\u00f1os. Esto se debe al trabajo de muchas personas que con visi\u00f3n han hecho de esta regi\u00f3n un lugar con una oferta tur\u00edstica \u00fanica en el pa\u00eds. Por esta raz\u00f3n, nuestro invitado especial es el actual presidente de la C\u00e1mara de Turismo de Pedas\u00ed, un empresario paname\u00f1o, aunque nacido en Colombia, actualmente cuenta con la nacionalidad Paname\u00f1a y Espa\u00f1ola, que despu\u00e9s de estudiar en los Estados Unidos y trabajar en el extranjero, decidi\u00f3 volver con su familia a su tierra paname\u00f1a e invertir en el turismo de esta regi\u00f3n de Los Santos. En esta ocasi\u00f3n, Daniel Moreinis se sienta con The Visitor, El Visitante para hablar de su visi\u00f3n como l\u00edder tur\u00edstico de Pedas\u00ed.<\/p>\n\n\n\n<figure class=\"wp-block-image size-full\"><img decoding=\"async\" loading=\"lazy\" width=\"756\" height=\"1344\" src=\"https:\/\/www.thevisitorpanama.info\/esp\/wp-content\/uploads\/2024\/11\/Compress_20241120_200618_8617.jpg\" alt=\"\" class=\"wp-image-17145\"\/><\/figure>\n\n\n\n<p><strong>\u00bfQu\u00e9 lo llev\u00f3 a mudarse a Pedas\u00ed y qu\u00e9 vio de diferente al resto del pa\u00eds?<\/strong><\/p>\n\n\n\n<p>&#8220;En el a\u00f1o 2005-2006 conocimos el \u00e1rea de Los Santos y al llegar a Pedas\u00ed me enamor\u00e9 del \u00e1rea de una vez. Me impresion\u00f3 que tiene un gran parecido al \u00e1rea de Guanacaste en Costa Rica y en ese momento pensamos que seguramente tendr\u00eda un potencial importante para el desarrollo tur\u00edstico. Empezamos a invertir en el \u00e1rea en el 2006, lo cual me daba la excusa de viajar a este bello lugar tan m\u00e1gico y acogedor. Desde ese a\u00f1o considero el \u00e1rea de Pedas\u00ed como mi segundo hogar\u201d.<\/p>\n\n\n\n<p><strong>\u00bfQu\u00e9 lo impuls\u00f3 a involucrarse en la gesti\u00f3n tur\u00edstica del Distrito de Pedas\u00ed?&nbsp;<\/strong><\/p>\n\n\n\n<p>&#8220;Considero que Pedas\u00ed se ha vuelto el primer destino tur\u00edstico de Panam\u00e1 por tantas variables \u00fanicas. Es muy hermoso y seguro, su gente es trabajadora y encantadora, con un alto grado de educaci\u00f3n. Cuenta con una enorme diversidad de fauna y flora. Siempre digo que en cada curva de los 54 km de costa te encuentras con diversas joyas que acarician tus ojos y coraz\u00f3n. Ofrece una gran diversidad de playas, pesca de primer nivel mundial, surf, avistamiento de ballenas, tortugas, cultura, pueblitos, gastronom\u00eda y &#8220;wellness&#8221;, entre muchas otras cualidades \u00fanicas\u201d.<\/p>\n\n\n\n<figure class=\"wp-block-image size-full\"><img decoding=\"async\" loading=\"lazy\" width=\"960\" height=\"1280\" src=\"https:\/\/www.thevisitorpanama.info\/esp\/wp-content\/uploads\/2024\/11\/IMG-20241111-WA0010.jpg\" alt=\"\" class=\"wp-image-17147\" srcset=\"https:\/\/www.thevisitorpanama.info\/esp\/wp-content\/uploads\/2024\/11\/IMG-20241111-WA0010.jpg 960w, https:\/\/www.thevisitorpanama.info\/esp\/wp-content\/uploads\/2024\/11\/IMG-20241111-WA0010-768x1024.jpg 768w\" sizes=\"(max-width: 960px) 100vw, 960px\" \/><\/figure>\n\n\n\n<p><strong>\u00bfC\u00f3mo ve el turismo actualmente en el Distrito y cu\u00e1l es su visi\u00f3n hacia el futuro?<\/strong><\/p>\n\n\n\n<p>&#8220;Considero que hay enorme potencial tur\u00edstico, especialmente ya que Panam\u00e1 en estos momentos necesita una buena industria tur\u00edstica para fortalecer su econom\u00eda. A mi concepto, empezamos a enfocarnos en la industria tur\u00edstica desde el a\u00f1o 2006, lo que la hace una industria bastante nueva y por supuesto, existe una curva de aprendizaje. Tenemos much\u00edsimo trabajo por delante, pero si somos inteligentes podemos aprender de nuestros vecinos. Una industria tur\u00edstica robusta va a fortalecer el \u00e1rea y traer riqueza y oportunidad para la regi\u00f3n y el pa\u00eds\u201d.<\/p>\n\n\n\n<p><strong>\u00bfDe qu\u00e9 manera es posible crear un circuito de experiencias tur\u00edsticas a lo largo del Distrito y que se conecte con el resto de la provincia de Los Santos?<\/strong><\/p>\n\n\n\n<p>&#8220;He tenido la oportunidad y la bendici\u00f3n de poder viajar extensamente por el mundo y en mi opini\u00f3n, Pedas\u00ed ofrece una incre\u00edble variedad de productos y experiencias tur\u00edsticas en un \u00e1rea bastante accesible de 54 km2.&nbsp;<\/p>\n\n\n\n<p>Si hablamos del \u00e1rea de Pedas\u00ed y Ca\u00f1as, desde Purio hasta Ca\u00f1as, existe una enorme variedad y calidad de diferentes productos que se pueden ofrecer a paname\u00f1os y extranjeros. Cada lugar tiene su mercado y su nicho, ya que la variedad del producto y las experiencias son muy variadas. Considero esa es la fuerza del destino de Pedas\u00ed y por eso hay muchas razones para que sea el primer destino tur\u00edstico en Panam\u00e1. Desde Pedas\u00ed me pongo a la orden con las puertas abiertas para cualquiera con deseo de trabajar por el desarrollo de esta regi\u00f3n de Los Santos&#8221;.<\/p>\n\n\n\n<figure class=\"wp-block-image size-full\"><img decoding=\"async\" loading=\"lazy\" width=\"1071\" height=\"1428\" src=\"https:\/\/www.thevisitorpanama.info\/esp\/wp-content\/uploads\/2024\/11\/Compress_20241120_200617_7907.jpg\" alt=\"\" class=\"wp-image-17148\" srcset=\"https:\/\/www.thevisitorpanama.info\/esp\/wp-content\/uploads\/2024\/11\/Compress_20241120_200617_7907.jpg 1071w, https:\/\/www.thevisitorpanama.info\/esp\/wp-content\/uploads\/2024\/11\/Compress_20241120_200617_7907-768x1024.jpg 768w\" sizes=\"(max-width: 1071px) 100vw, 1071px\" \/><\/figure>\n","protected":false},"excerpt":{"rendered":"<p>El Distrito de Pedas\u00ed se ha convertido en uno de los destinos con mayor vocaci\u00f3n tur\u00edstica del pa\u00eds a lo largo de los \u00faltimos 15 a\u00f1os. Esto se debe al trabajo de muchas personas que con visi\u00f3n han hecho de esta regi\u00f3n un lugar con una oferta tur\u00edstica \u00fanica en el pa\u00eds. Por esta raz\u00f3n, [&hellip;]<\/p>\n","protected":false},"author":1,"featured_media":17143,"comment_status":"open","ping_status":"open","sticky":false,"template":"","format":"standard","meta":[],"categories":[1],"tags":[],"_links":{"self":[{"href":"https:\/\/www.thevisitorpanama.info\/esp\/wp-json\/wp\/v2\/posts\/17139"}],"collection":[{"href":"https:\/\/www.thevisitorpanama.info\/esp\/wp-json\/wp\/v2\/posts"}],"about":[{"href":"https:\/\/www.thevisitorpanama.info\/esp\/wp-json\/wp\/v2\/types\/post"}],"author":[{"embeddable":true,"href":"https:\/\/www.thevisitorpanama.info\/esp\/wp-json\/wp\/v2\/users\/1"}],"replies":[{"embeddable":true,"href":"https:\/\/www.thevisitorpanama.info\/esp\/wp-json\/wp\/v2\/comments?post=17139"}],"version-history":[{"count":4,"href":"https:\/\/www.thevisitorpanama.info\/esp\/wp-json\/wp\/v2\/posts\/17139\/revisions"}],"predecessor-version":[{"id":17149,"href":"https:\/\/www.thevisitorpanama.info\/esp\/wp-json\/wp\/v2\/posts\/17139\/revisions\/17149"}],"wp:featuredmedia":[{"embeddable":true,"href":"https:\/\/www.thevisitorpanama.info\/esp\/wp-json\/wp\/v2\/media\/17143"}],"wp:attachment":[{"href":"https:\/\/www.thevisitorpanama.info\/esp\/wp-json\/wp\/v2\/media?parent=17139"}],"wp:term":[{"taxonomy":"category","embeddable":true,"href":"https:\/\/www.thevisitorpanama.info\/esp\/wp-json\/wp\/v2\/categories?post=17139"},{"taxonomy":"post_tag","embeddable":true,"href":"https:\/\/www.thevisitorpanama.info\/esp\/wp-json\/wp\/v2\/tags?post=17139"}],"curies":[{"name":"wp","href":"https:\/\/api.w.org\/{rel}","templated":true}]}}