{"id":17126,"date":"2024-11-20T22:10:40","date_gmt":"2024-11-21T03:10:40","guid":{"rendered":"https:\/\/www.thevisitorpanama.info\/esp\/?p=17126"},"modified":"2024-11-20T22:37:10","modified_gmt":"2024-11-21T03:37:10","slug":"festival-del-tambor-y-la-pollera-de-san-jose-de-las-tablas-se-realizara-del-28-de-noviembre-al-1-de-diciembre","status":"publish","type":"post","link":"https:\/\/www.thevisitorpanama.info\/esp\/2024\/11\/20\/festival-del-tambor-y-la-pollera-de-san-jose-de-las-tablas-se-realizara-del-28-de-noviembre-al-1-de-diciembre\/","title":{"rendered":"Festival del Tambor y la Pollera de San Jos\u00e9 de Las Tablas se Realizar\u00e1 del 28 de Noviembre al 1 de Diciembre&nbsp;"},"content":{"rendered":"\n<p>Como todos los a\u00f1os, a finales de noviembre San Jos\u00e9 de Las Tablas se engalana para celebrar un festival que celebra la fundaci\u00f3n de este hist\u00f3rico pueblo de Los Santos, que cumple 115 a\u00f1os.&nbsp;<\/p>\n\n\n\n<p>El Festival del Tambor y la Pollera de San Jos\u00e9 en Las Tablas, se estar\u00e1 celebrando del 28 de noviembre al 1 de diciembre. Destacar\u00e1 el folklore local con concursos de tambor, desfiles de polleras y presentaciones art\u00edsticas tradicionales. Un evento que resalta al tambor como instrumento t\u00edpico y la pollera como traje nacional, con la participaci\u00f3n de delegaciones folkl\u00f3ricas y competiciones musicales.<\/p>\n\n\n\n<figure class=\"wp-block-image size-full\"><img decoding=\"async\" loading=\"lazy\" width=\"1406\" height=\"881\" src=\"https:\/\/www.thevisitorpanama.info\/esp\/wp-content\/uploads\/2024\/11\/IMG-20231020-WA0041.jpg\" alt=\"\" class=\"wp-image-17133\" srcset=\"https:\/\/www.thevisitorpanama.info\/esp\/wp-content\/uploads\/2024\/11\/IMG-20231020-WA0041.jpg 1406w, https:\/\/www.thevisitorpanama.info\/esp\/wp-content\/uploads\/2024\/11\/IMG-20231020-WA0041-768x481.jpg 768w\" sizes=\"(max-width: 1406px) 100vw, 1406px\" \/><\/figure>\n\n\n\n<p><strong>Despliegue de M\u00fasica y Tradiciones\u00a0<\/strong><\/p>\n\n\n\n<p>Dentro de este tan esperado festival se realizan varios cert\u00e1menes musicales y culturales, entre estos el Concurso de Viol\u00edn Don Abraham Vergara, Toque de Tambores Alejandro Cede\u00f1o, Concurso de Acorde\u00f3n Don Hern\u00e1n Vergara y el de Tunas Do\u00f1a Lastenia Vergara. Y el d\u00eda domingo 1 de diciembre a partir de las 2 p. m. se realizar\u00e1 el famoso desfile de polleras con la premiaci\u00f3n de las m\u00e1s hermosas.<\/p>\n\n\n\n<p><strong>Festival en Honor a la Pollera<\/strong><\/p>\n\n\n\n<p>Esta celebraci\u00f3n hace honor al que es considerado el m\u00e1s hermoso traje t\u00edpico del mundo, confeccionado de forma artesanal y con gran destreza por mujeres artesanas y hombres dise\u00f1adores de labores que apoyan la confecci\u00f3n final del traje que provienen de este pueblo. Este protagonismo se vive a lo largo de actividades y el gran desfile donde las mujeres muestran con orgullo su traje t\u00edpico junto con la reina del festival que este a\u00f1o es Su Majestad la Srta. Noris Elena Medina Pinto.<\/p>\n\n\n\n<figure class=\"wp-block-image size-full\"><img decoding=\"async\" loading=\"lazy\" width=\"1600\" height=\"963\" src=\"https:\/\/www.thevisitorpanama.info\/esp\/wp-content\/uploads\/2024\/11\/IMG-20231020-WA00391.jpg\" alt=\"\" class=\"wp-image-17134\" srcset=\"https:\/\/www.thevisitorpanama.info\/esp\/wp-content\/uploads\/2024\/11\/IMG-20231020-WA00391.jpg 1600w, https:\/\/www.thevisitorpanama.info\/esp\/wp-content\/uploads\/2024\/11\/IMG-20231020-WA00391-768x462.jpg 768w, https:\/\/www.thevisitorpanama.info\/esp\/wp-content\/uploads\/2024\/11\/IMG-20231020-WA00391-1536x924.jpg 1536w\" sizes=\"(max-width: 1600px) 100vw, 1600px\" \/><\/figure>\n\n\n\n<p><strong>El Tambor, Instrumento Musical de la Regi\u00f3n<\/strong><\/p>\n\n\n\n<p>Durante este festival tambi\u00e9n se le rinde tributo al tambor, ya que en este pueblo se confecciona este instrumento musical t\u00edpico paname\u00f1o. Generaciones de familias se han dedicado a la confecci\u00f3n del tambor, siempre compartiendo a los j\u00f3venes el conocimiento y entusiasmo por sus tradiciones.<\/p>\n\n\n\n<p><strong>Festival del Tambor y la Pollera de San Jos\u00e9 de Las Tablas se Realizar\u00e1 del 28 de Noviembre al 1 de Diciembre\u00a0<\/strong><\/p>\n\n\n\n<p>Como todos los a\u00f1os, a finales de noviembre San Jos\u00e9 de Las Tablas se engalana para celebrar un festival que celebra la fundaci\u00f3n de este hist\u00f3rico pueblo de Los Santos, que cumple 115 a\u00f1os.&nbsp;<\/p>\n\n\n\n<p>El Festival del Tambor y la Pollera de San Jos\u00e9 en Las Tablas, se estar\u00e1 celebrando del 28 de noviembre al 1 de diciembre. Destacar\u00e1 el folklore local con concursos de tambor, desfiles de polleras y presentaciones art\u00edsticas tradicionales. Un evento que resalta al tambor como instrumento t\u00edpico y la pollera como traje nacional, con la participaci\u00f3n de delegaciones folkl\u00f3ricas y competiciones musicales.<\/p>\n\n\n\n<figure class=\"wp-block-image size-full\"><img decoding=\"async\" loading=\"lazy\" width=\"1080\" height=\"648\" src=\"https:\/\/www.thevisitorpanama.info\/esp\/wp-content\/uploads\/2024\/11\/IMG-20231020-WA0067.jpg\" alt=\"\" class=\"wp-image-17135\" srcset=\"https:\/\/www.thevisitorpanama.info\/esp\/wp-content\/uploads\/2024\/11\/IMG-20231020-WA0067.jpg 1080w, https:\/\/www.thevisitorpanama.info\/esp\/wp-content\/uploads\/2024\/11\/IMG-20231020-WA0067-768x461.jpg 768w\" sizes=\"(max-width: 1080px) 100vw, 1080px\" \/><\/figure>\n\n\n\n<p><strong>Despliegue de M\u00fasica y Tradiciones\u00a0<\/strong><\/p>\n\n\n\n<p>Dentro de este tan esperado festival se realizan varios cert\u00e1menes musicales y culturales, entre estos el Concurso de Viol\u00edn Don Abraham Vergara, Toque de Tambores Alejandro Cede\u00f1o, Concurso de Acorde\u00f3n Don Hern\u00e1n Vergara y el de Tunas Do\u00f1a Lastenia Vergara. Y el d\u00eda domingo 1 de diciembre a partir de las 2 p. m. se realizar\u00e1 el famoso desfile de polleras con la premiaci\u00f3n de las m\u00e1s hermosas.<\/p>\n\n\n\n<p><strong>Festival en Honor a la Pollera<\/strong><\/p>\n\n\n\n<p>Esta celebraci\u00f3n hace honor al que es considerado el m\u00e1s hermoso traje t\u00edpico del mundo, confeccionado de forma artesanal y con gran destreza por mujeres artesanas y hombres dise\u00f1adores de labores que apoyan la confecci\u00f3n final del traje que provienen de este pueblo. Este protagonismo se vive a lo largo de actividades y el gran desfile donde las mujeres muestran con orgullo su traje t\u00edpico junto con la reina del festival que este a\u00f1o es Su Majestad la Srta. Noris Elena Medina Pinto.<\/p>\n\n\n\n<figure class=\"wp-block-image size-full\"><img decoding=\"async\" loading=\"lazy\" width=\"1080\" height=\"1350\" src=\"https:\/\/www.thevisitorpanama.info\/esp\/wp-content\/uploads\/2024\/11\/Snapinsta.app_464054957_1234393314472442_4522641237366096850_n_1080-1.jpg\" alt=\"\" class=\"wp-image-17137\" srcset=\"https:\/\/www.thevisitorpanama.info\/esp\/wp-content\/uploads\/2024\/11\/Snapinsta.app_464054957_1234393314472442_4522641237366096850_n_1080-1.jpg 1080w, https:\/\/www.thevisitorpanama.info\/esp\/wp-content\/uploads\/2024\/11\/Snapinsta.app_464054957_1234393314472442_4522641237366096850_n_1080-1-768x960.jpg 768w\" sizes=\"(max-width: 1080px) 100vw, 1080px\" \/><\/figure>\n\n\n\n<p><strong>El Tambor, Instrumento Musical de la Regi\u00f3n<\/strong><\/p>\n\n\n\n<p>Durante este festival tambi\u00e9n se le rinde tributo al tambor, ya que en este pueblo se confecciona este instrumento musical t\u00edpico paname\u00f1o. Generaciones de familias se han dedicado a la confecci\u00f3n del tambor, siempre compartiendo a los j\u00f3venes el conocimiento y entusiasmo por sus tradiciones.<\/p>\n","protected":false},"excerpt":{"rendered":"<p>Como todos los a\u00f1os, a finales de noviembre San Jos\u00e9 de Las Tablas se engalana para celebrar un festival que celebra la fundaci\u00f3n de este hist\u00f3rico pueblo de Los Santos, que cumple 115 a\u00f1os.&nbsp; El Festival del Tambor y la Pollera de San Jos\u00e9 en Las Tablas, se estar\u00e1 celebrando del 28 de noviembre al [&hellip;]<\/p>\n","protected":false},"author":1,"featured_media":17131,"comment_status":"open","ping_status":"open","sticky":false,"template":"","format":"standard","meta":[],"categories":[69],"tags":[],"_links":{"self":[{"href":"https:\/\/www.thevisitorpanama.info\/esp\/wp-json\/wp\/v2\/posts\/17126"}],"collection":[{"href":"https:\/\/www.thevisitorpanama.info\/esp\/wp-json\/wp\/v2\/posts"}],"about":[{"href":"https:\/\/www.thevisitorpanama.info\/esp\/wp-json\/wp\/v2\/types\/post"}],"author":[{"embeddable":true,"href":"https:\/\/www.thevisitorpanama.info\/esp\/wp-json\/wp\/v2\/users\/1"}],"replies":[{"embeddable":true,"href":"https:\/\/www.thevisitorpanama.info\/esp\/wp-json\/wp\/v2\/comments?post=17126"}],"version-history":[{"count":3,"href":"https:\/\/www.thevisitorpanama.info\/esp\/wp-json\/wp\/v2\/posts\/17126\/revisions"}],"predecessor-version":[{"id":17138,"href":"https:\/\/www.thevisitorpanama.info\/esp\/wp-json\/wp\/v2\/posts\/17126\/revisions\/17138"}],"wp:featuredmedia":[{"embeddable":true,"href":"https:\/\/www.thevisitorpanama.info\/esp\/wp-json\/wp\/v2\/media\/17131"}],"wp:attachment":[{"href":"https:\/\/www.thevisitorpanama.info\/esp\/wp-json\/wp\/v2\/media?parent=17126"}],"wp:term":[{"taxonomy":"category","embeddable":true,"href":"https:\/\/www.thevisitorpanama.info\/esp\/wp-json\/wp\/v2\/categories?post=17126"},{"taxonomy":"post_tag","embeddable":true,"href":"https:\/\/www.thevisitorpanama.info\/esp\/wp-json\/wp\/v2\/tags?post=17126"}],"curies":[{"name":"wp","href":"https:\/\/api.w.org\/{rel}","templated":true}]}}