{"id":16659,"date":"2024-09-17T19:35:49","date_gmt":"2024-09-18T00:35:49","guid":{"rendered":"https:\/\/www.thevisitorpanama.info\/esp\/?p=16659"},"modified":"2024-09-17T19:38:34","modified_gmt":"2024-09-18T00:38:34","slug":"la-comuna-13-un-barrio-que-paso-de-ser-el-mas-violento-al-mas-visitado-e-innovador-de-medellin","status":"publish","type":"post","link":"https:\/\/www.thevisitorpanama.info\/esp\/2024\/09\/17\/la-comuna-13-un-barrio-que-paso-de-ser-el-mas-violento-al-mas-visitado-e-innovador-de-medellin\/","title":{"rendered":"La Comuna 13, un Barrio que Pas\u00f3 de Ser el M\u00e1s Violento al M\u00e1s Visitado e Innovador de Medell\u00edn"},"content":{"rendered":"\n<p>Catalogada como un &#8220;must-see&#8221; al visitar Colombia por una gran cantidad de gu\u00edas de viajes. La Comuna 13 de Medell\u00edn sorprende por su historia de resiliencia y transformaci\u00f3n social al haber sido uno de los barrios m\u00e1s peligrosos del mundo en la d\u00e9cada de los 80&#8242; y convertirse en un sector de la ciudad lleno de desarrollo humano, social y econ\u00f3mico.<\/p>\n\n\n\n<figure class=\"wp-block-image size-full\"><img decoding=\"async\" loading=\"lazy\" width=\"1766\" height=\"2472\" src=\"https:\/\/www.thevisitorpanama.info\/esp\/wp-content\/uploads\/2024\/09\/Compress_20240916_122531_1694.jpg\" alt=\"\" class=\"wp-image-16663\" srcset=\"https:\/\/www.thevisitorpanama.info\/esp\/wp-content\/uploads\/2024\/09\/Compress_20240916_122531_1694.jpg 1766w, https:\/\/www.thevisitorpanama.info\/esp\/wp-content\/uploads\/2024\/09\/Compress_20240916_122531_1694-768x1075.jpg 768w, https:\/\/www.thevisitorpanama.info\/esp\/wp-content\/uploads\/2024\/09\/Compress_20240916_122531_1694-1097x1536.jpg 1097w, https:\/\/www.thevisitorpanama.info\/esp\/wp-content\/uploads\/2024\/09\/Compress_20240916_122531_1694-1463x2048.jpg 1463w\" sizes=\"(max-width: 1766px) 100vw, 1766px\" \/><\/figure>\n\n\n\n<p><br><strong>Un Barrio Genuino con Gente Amable<\/strong><br>El Visitante que llega a recorrer este barrio para conocer su historia puede disfrutar la vida de barrio tan genuina y la amabilidad de los habitantes locales. San Javier o La Comuna 13 es una de las diecis\u00e9is comunas de Medell\u00edn y se ubica al occidente de la ciudad. En sus 74 km\u00b2 acoge a m\u00e1s de dieciocho barrios.<br>Descubrir la historia de La Comuna 13 y su transformaci\u00f3n es realizar el Graffitour para dejarse envolver por los colores de los murales de artistas, en su mayor\u00eda locales, que han retratado su testimonio de resiliencia a trav\u00e9s del arte.<\/p>\n\n\n\n<figure class=\"wp-block-image size-full\"><img decoding=\"async\" loading=\"lazy\" width=\"1632\" height=\"1224\" src=\"https:\/\/www.thevisitorpanama.info\/esp\/wp-content\/uploads\/2024\/09\/Compress_20240916_122530_0894.jpg\" alt=\"\" class=\"wp-image-16664\" srcset=\"https:\/\/www.thevisitorpanama.info\/esp\/wp-content\/uploads\/2024\/09\/Compress_20240916_122530_0894.jpg 1632w, https:\/\/www.thevisitorpanama.info\/esp\/wp-content\/uploads\/2024\/09\/Compress_20240916_122530_0894-768x576.jpg 768w, https:\/\/www.thevisitorpanama.info\/esp\/wp-content\/uploads\/2024\/09\/Compress_20240916_122530_0894-1536x1152.jpg 1536w, https:\/\/www.thevisitorpanama.info\/esp\/wp-content\/uploads\/2024\/09\/Compress_20240916_122530_0894-80x60.jpg 80w, https:\/\/www.thevisitorpanama.info\/esp\/wp-content\/uploads\/2024\/09\/Compress_20240916_122530_0894-100x75.jpg 100w, https:\/\/www.thevisitorpanama.info\/esp\/wp-content\/uploads\/2024\/09\/Compress_20240916_122530_0894-180x135.jpg 180w, https:\/\/www.thevisitorpanama.info\/esp\/wp-content\/uploads\/2024\/09\/Compress_20240916_122530_0894-238x178.jpg 238w\" sizes=\"(max-width: 1632px) 100vw, 1632px\" \/><\/figure>\n\n\n\n<p><br><strong>Una Experiencia llena de Sensaciones Enriquecedoras<\/strong><br>A lo largo del recorrido, en este genuino barrio de Medell\u00edn se puede sentir el ritmo del &#8220;break dance&#8221; por medio de &#8220;shows&#8221; callejeros con artistas locales. Disfrutar las impresionantes vistas de la ciudad en los diferentes miradores, mezclarse con la gente del barrio en las escaleras el\u00e9ctricas p\u00fablicas que contrastan con los colores de las incontables casas que hacen parte del paisaje y que se funden con las imponentes monta\u00f1as de Medell\u00edn. Es un lugar donde se encuentran muchos &#8220;spots&#8221; para tomar fotos incre\u00edbles.<\/p>\n\n\n\n<figure class=\"wp-block-image size-full\"><img decoding=\"async\" loading=\"lazy\" width=\"854\" height=\"1368\" src=\"https:\/\/www.thevisitorpanama.info\/esp\/wp-content\/uploads\/2024\/09\/Compress_20240916_122532_2328.jpg\" alt=\"\" class=\"wp-image-16665\" srcset=\"https:\/\/www.thevisitorpanama.info\/esp\/wp-content\/uploads\/2024\/09\/Compress_20240916_122532_2328.jpg 854w, https:\/\/www.thevisitorpanama.info\/esp\/wp-content\/uploads\/2024\/09\/Compress_20240916_122532_2328-768x1230.jpg 768w\" sizes=\"(max-width: 854px) 100vw, 854px\" \/><\/figure>\n\n\n\n<p><br><strong>La Comuna 13 desde El Aire<\/strong><br>Al tomar el moderno sistema de metro se llega a la estaci\u00f3n San Javier. Se cuenta con la opci\u00f3n de tomar la L\u00ednea J del Metrocable de Medell\u00edn para contemplar la Comuna 13 de Medell\u00edn y toda la ciudad desde el aire. Una experiencia enriquecedora no solo por el paisaje, sino por la invitaci\u00f3n a ser consciente de los contrastes de esta metr\u00f3polis colombiana.<br>Una recomendaci\u00f3n es dejar este plan para el final antes de partir de La Comuna 13 y as\u00ed iniciar el recorrido en las escaleras el\u00e9ctricas, recorrer el barrio y disfrutar del Graffitour.<\/p>\n\n\n\n<figure class=\"wp-block-image size-full\"><img decoding=\"async\" loading=\"lazy\" width=\"1632\" height=\"976\" src=\"https:\/\/www.thevisitorpanama.info\/esp\/wp-content\/uploads\/2024\/09\/Compress_20240916_122530_0498.jpg\" alt=\"\" class=\"wp-image-16666\" srcset=\"https:\/\/www.thevisitorpanama.info\/esp\/wp-content\/uploads\/2024\/09\/Compress_20240916_122530_0498.jpg 1632w, https:\/\/www.thevisitorpanama.info\/esp\/wp-content\/uploads\/2024\/09\/Compress_20240916_122530_0498-768x459.jpg 768w, https:\/\/www.thevisitorpanama.info\/esp\/wp-content\/uploads\/2024\/09\/Compress_20240916_122530_0498-1536x919.jpg 1536w\" sizes=\"(max-width: 1632px) 100vw, 1632px\" \/><\/figure>\n","protected":false},"excerpt":{"rendered":"<p>Catalogada como un &#8220;must-see&#8221; al visitar Colombia por una gran cantidad de gu\u00edas de viajes. La Comuna 13 de Medell\u00edn sorprende por su historia de resiliencia y transformaci\u00f3n social al haber sido uno de los barrios m\u00e1s peligrosos del mundo en la d\u00e9cada de los 80&#8242; y convertirse en un sector de la ciudad lleno [&hellip;]<\/p>\n","protected":false},"author":1,"featured_media":16661,"comment_status":"open","ping_status":"open","sticky":false,"template":"","format":"standard","meta":[],"categories":[39],"tags":[],"_links":{"self":[{"href":"https:\/\/www.thevisitorpanama.info\/esp\/wp-json\/wp\/v2\/posts\/16659"}],"collection":[{"href":"https:\/\/www.thevisitorpanama.info\/esp\/wp-json\/wp\/v2\/posts"}],"about":[{"href":"https:\/\/www.thevisitorpanama.info\/esp\/wp-json\/wp\/v2\/types\/post"}],"author":[{"embeddable":true,"href":"https:\/\/www.thevisitorpanama.info\/esp\/wp-json\/wp\/v2\/users\/1"}],"replies":[{"embeddable":true,"href":"https:\/\/www.thevisitorpanama.info\/esp\/wp-json\/wp\/v2\/comments?post=16659"}],"version-history":[{"count":2,"href":"https:\/\/www.thevisitorpanama.info\/esp\/wp-json\/wp\/v2\/posts\/16659\/revisions"}],"predecessor-version":[{"id":16667,"href":"https:\/\/www.thevisitorpanama.info\/esp\/wp-json\/wp\/v2\/posts\/16659\/revisions\/16667"}],"wp:featuredmedia":[{"embeddable":true,"href":"https:\/\/www.thevisitorpanama.info\/esp\/wp-json\/wp\/v2\/media\/16661"}],"wp:attachment":[{"href":"https:\/\/www.thevisitorpanama.info\/esp\/wp-json\/wp\/v2\/media?parent=16659"}],"wp:term":[{"taxonomy":"category","embeddable":true,"href":"https:\/\/www.thevisitorpanama.info\/esp\/wp-json\/wp\/v2\/categories?post=16659"},{"taxonomy":"post_tag","embeddable":true,"href":"https:\/\/www.thevisitorpanama.info\/esp\/wp-json\/wp\/v2\/tags?post=16659"}],"curies":[{"name":"wp","href":"https:\/\/api.w.org\/{rel}","templated":true}]}}