{"id":16584,"date":"2024-09-03T20:59:15","date_gmt":"2024-09-04T01:59:15","guid":{"rendered":"https:\/\/www.thevisitorpanama.info\/esp\/?p=16584"},"modified":"2024-09-03T21:01:43","modified_gmt":"2024-09-04T02:01:43","slug":"panama-black-weekend-se-realizara-del-13-al-15-de-septiembre-y-atraera-a-compradores-tanto-nacionales-como-extranjeros","status":"publish","type":"post","link":"https:\/\/www.thevisitorpanama.info\/esp\/2024\/09\/03\/panama-black-weekend-se-realizara-del-13-al-15-de-septiembre-y-atraera-a-compradores-tanto-nacionales-como-extranjeros\/","title":{"rendered":"Panama Black Weekend se Realizar\u00e1 del 13 al 15 de Septiembre y Atraer\u00e1 a Compradores Tanto Nacionales  como Extranjeros"},"content":{"rendered":"\n<p>La Asociacion Panamena de Centros Comerciales (APACECOM) anunciaron a octava edicion del PANAMA BLACK WEEKEND, un evento que, desde 2017, se ha consolidado como una de las iniciativas mas importantes para impulsar el comercio en Panama y atraer tanto a compradores nacionales e internacionales durante el mes de septiembre.<\/p>\n\n\n\n<p>Este a\u00f1o, con el objetivo de maximizar los benefcios para comerciantes y clientes, APACECOM ha decidido concentrar el evento en un periodo de 3 dias: del 13 al 15 de septiembre de 2024. Este enfoque permitir\u00e1 ofrecer descuentos aun m\u00e1s atractivos y concentrar las promociones, lo que promete generar un impacto aun mayor en el comercio.<\/p>\n\n\n\n<figure class=\"wp-block-image size-full\"><img decoding=\"async\" loading=\"lazy\" width=\"790\" height=\"470\" src=\"https:\/\/www.thevisitorpanama.info\/esp\/wp-content\/uploads\/2024\/09\/panama-black-weekend2.jpg\" alt=\"\" class=\"wp-image-16588\" srcset=\"https:\/\/www.thevisitorpanama.info\/esp\/wp-content\/uploads\/2024\/09\/panama-black-weekend2.jpg 790w, https:\/\/www.thevisitorpanama.info\/esp\/wp-content\/uploads\/2024\/09\/panama-black-weekend2-768x457.jpg 768w\" sizes=\"(max-width: 790px) 100vw, 790px\" \/><\/figure>\n\n\n\n<p>Desde su inicio, el PANAMA BLACK WEEKEND ha crecido signifcativamente, permitiendo a m\u00e1s de 3,000 comercios maximizar sus ventas. En 2023, el evento registro ventas superiores a los 80 millones de dolares. El PANAMA BLACK WEEKEND impulsa no s\u00f3lo el comercio minorista, sino tambien sectores como aerol\u00edneas, restaurantes, hoteles, agencias de viajes, operadores de turismo y todo el sector productivo del pais se suma a esta iniciativa.<\/p>\n\n\n\n<p> Este evento genera un impacto positivo en la economianacional, beneficiando a diversasindustrias y fortaleciendo el crecimiento economico del pais.<\/p>\n\n\n\n<p>APACECOM ha emprendido una solida campana de promocion a nivel internacional en paises como Costa Rica, Colombia, Guatemala, Republica Dominicana, Peru, Argentina, Ecuador, entre otros. Esta campana cuenta con el respaldo y promocion de importantes aliados como la Autoridad de Turismo de Panama, PROMTUR Panama, la Camara de Turismo de Panama,Copa Airlines, APATEL, ARAP, APOTUR, APAVIT, la Camara de Comercio e Industrias de Panama, quienes estan comprometido en fortalecer el turismo en nuestro pais, impulsando iniciativas que no solo promuevan a Panama como destino atractivo para las compras, sino que tambien resalten su riqueza cultural, gastronomica y natural.<\/p>\n\n\n\n<p>Durante los tres d\u00edas de la temporada, los principales centros comerciales de Panam\u00e1 ofrecer\u00e1n descuentos excepcionales en moda, tecnolog\u00eda, electrodom\u00e9sticos, belleza, hogar, deporte, joyer\u00eda y m\u00e1s, con rebajas que van desde el 20% hasta el 70%.<\/p>\n\n\n\n<p>Los Centros Comerciales participantes a nivel nacional son: Albrook Mall, Megamall, Los Andes Mall, Westland Mall, Atrio Mall, Los Pueblos, Los Pueblos Juan D\u00edaz, Town Center Costa del Este, Balboa Boutique, Altaplaza Mall, Chiriqu\u00ed Mall, Santiago Mall, Soho City Center, Plaza Terronal.<\/p>\n\n\n\n<p>Para m\u00e1s informaci\u00f3n sobre los centros comerciales participantes, ofertas y actividades especiales, visite la p\u00e1gina oficial www.panamablackweekend.com y en nuestras redes sociales en @apacecompanama o comun\u00edquese al siguiente correo: directorejecutivo@apacecom.com.<\/p>\n","protected":false},"excerpt":{"rendered":"<p>La Asociacion Panamena de Centros Comerciales (APACECOM) anunciaron a octava edicion del PANAMA BLACK WEEKEND, un evento que, desde 2017, se ha consolidado como una de las iniciativas mas importantes para impulsar el comercio en Panama y atraer tanto a compradores nacionales e internacionales durante el mes de septiembre. Este a\u00f1o, con el objetivo de [&hellip;]<\/p>\n","protected":false},"author":1,"featured_media":16586,"comment_status":"open","ping_status":"open","sticky":false,"template":"","format":"standard","meta":[],"categories":[44],"tags":[],"_links":{"self":[{"href":"https:\/\/www.thevisitorpanama.info\/esp\/wp-json\/wp\/v2\/posts\/16584"}],"collection":[{"href":"https:\/\/www.thevisitorpanama.info\/esp\/wp-json\/wp\/v2\/posts"}],"about":[{"href":"https:\/\/www.thevisitorpanama.info\/esp\/wp-json\/wp\/v2\/types\/post"}],"author":[{"embeddable":true,"href":"https:\/\/www.thevisitorpanama.info\/esp\/wp-json\/wp\/v2\/users\/1"}],"replies":[{"embeddable":true,"href":"https:\/\/www.thevisitorpanama.info\/esp\/wp-json\/wp\/v2\/comments?post=16584"}],"version-history":[{"count":2,"href":"https:\/\/www.thevisitorpanama.info\/esp\/wp-json\/wp\/v2\/posts\/16584\/revisions"}],"predecessor-version":[{"id":16589,"href":"https:\/\/www.thevisitorpanama.info\/esp\/wp-json\/wp\/v2\/posts\/16584\/revisions\/16589"}],"wp:featuredmedia":[{"embeddable":true,"href":"https:\/\/www.thevisitorpanama.info\/esp\/wp-json\/wp\/v2\/media\/16586"}],"wp:attachment":[{"href":"https:\/\/www.thevisitorpanama.info\/esp\/wp-json\/wp\/v2\/media?parent=16584"}],"wp:term":[{"taxonomy":"category","embeddable":true,"href":"https:\/\/www.thevisitorpanama.info\/esp\/wp-json\/wp\/v2\/categories?post=16584"},{"taxonomy":"post_tag","embeddable":true,"href":"https:\/\/www.thevisitorpanama.info\/esp\/wp-json\/wp\/v2\/tags?post=16584"}],"curies":[{"name":"wp","href":"https:\/\/api.w.org\/{rel}","templated":true}]}}