{"id":16561,"date":"2024-08-30T18:21:36","date_gmt":"2024-08-30T23:21:36","guid":{"rendered":"https:\/\/www.thevisitorpanama.info\/esp\/?p=16561"},"modified":"2024-08-30T21:22:02","modified_gmt":"2024-08-31T02:22:02","slug":"opera-la-boheme-se-presentara-en-panama-el-3-y-4-de-septiembre-a-un-costo-mas-accesible","status":"publish","type":"post","link":"https:\/\/www.thevisitorpanama.info\/esp\/2024\/08\/30\/opera-la-boheme-se-presentara-en-panama-el-3-y-4-de-septiembre-a-un-costo-mas-accesible\/","title":{"rendered":"Opera &#8220;La Boheme&#8221; se Presentar\u00e1 en Panam\u00e1 el 3 y 4 de Septiembre a un Costo M\u00e1s Accesible"},"content":{"rendered":"\n<p>Reunidos en la Embajada de Libia, la Asociaci\u00f3n Diplom\u00e1tica en Panam\u00e1 (ADP) y la Fundaci\u00f3n \u00d3pera Panam\u00e1 presentaron la alianza conformada entre ambas organizaciones sin fines de lucro con el objeto de promover la cultura, especialmente, desde la infancia.<\/p>\n\n\n\n<figure class=\"wp-block-image size-full\"><img decoding=\"async\" loading=\"lazy\" width=\"950\" height=\"951\" src=\"https:\/\/www.thevisitorpanama.info\/esp\/wp-content\/uploads\/2024\/08\/Compress_20240830_211610_0437.jpg\" alt=\"\" class=\"wp-image-16565\" srcset=\"https:\/\/www.thevisitorpanama.info\/esp\/wp-content\/uploads\/2024\/08\/Compress_20240830_211610_0437.jpg 950w, https:\/\/www.thevisitorpanama.info\/esp\/wp-content\/uploads\/2024\/08\/Compress_20240830_211610_0437-150x150.jpg 150w, https:\/\/www.thevisitorpanama.info\/esp\/wp-content\/uploads\/2024\/08\/Compress_20240830_211610_0437-768x769.jpg 768w\" sizes=\"(max-width: 950px) 100vw, 950px\" \/><\/figure>\n\n\n\n<p>En este sentido, los d\u00edas 3 y 4 de septiembre pr\u00f3ximos, \u00d3pera Panam\u00e1 presentar\u00e1 \u201cLa Boheme\u201d, obra magistral de Giacomo Puccini, en el Teatro Ateneo de Ciudad del Saber y donar\u00e1 a la Asociaci\u00f3n Diplom\u00e1tica el 40% del valor de los tickets que se vendan mediante la plataforma Ticket Plus con el c\u00f3digo de descuento DIPLOMATICO2024#. Esto permitir\u00e1 trasladar un 5% del costo a beneficio del comprador y el 35% se destinar\u00e1 a la donaci\u00f3n de instrumentos para las clases de m\u00fasica de los estudiantes del Centro Educativo de Formaci\u00f3n Integral Nuestra Se\u00f1ora de la Merced, ubicado en El Chorrillo.<\/p>\n\n\n\n<figure class=\"wp-block-image size-full\"><img decoding=\"async\" loading=\"lazy\" width=\"934\" height=\"934\" src=\"https:\/\/www.thevisitorpanama.info\/esp\/wp-content\/uploads\/2024\/08\/Compress_20240830_211610_0550.jpg\" alt=\"\" class=\"wp-image-16566\" srcset=\"https:\/\/www.thevisitorpanama.info\/esp\/wp-content\/uploads\/2024\/08\/Compress_20240830_211610_0550.jpg 934w, https:\/\/www.thevisitorpanama.info\/esp\/wp-content\/uploads\/2024\/08\/Compress_20240830_211610_0550-150x150.jpg 150w, https:\/\/www.thevisitorpanama.info\/esp\/wp-content\/uploads\/2024\/08\/Compress_20240830_211610_0550-768x768.jpg 768w\" sizes=\"(max-width: 934px) 100vw, 934px\" \/><\/figure>\n\n\n\n<p>El Presidente de la ADP, H.S. Jamal Abuagila, remarc\u00f3 el trabajo sociocultural y voluntario que viene realizando la asociaci\u00f3n a lo largo de sus 30 a\u00f1os de existencia en el istmo, agradeciendo el acercamiento de la fundaci\u00f3n para proponer una acci\u00f3n conjunta y solicit\u00f3 a la comunidad que se sumen a la cruzada solidaria adquiriendo sus tickets con el c\u00f3digo de descuento.<\/p>\n\n\n\n<figure class=\"wp-block-image size-full\"><img decoding=\"async\" loading=\"lazy\" width=\"2048\" height=\"1152\" src=\"https:\/\/www.thevisitorpanama.info\/esp\/wp-content\/uploads\/2024\/08\/ADP-Alianza-FOP-Conferencia-de-Prensa2.jpeg\" alt=\"\" class=\"wp-image-16567\" srcset=\"https:\/\/www.thevisitorpanama.info\/esp\/wp-content\/uploads\/2024\/08\/ADP-Alianza-FOP-Conferencia-de-Prensa2.jpeg 2048w, https:\/\/www.thevisitorpanama.info\/esp\/wp-content\/uploads\/2024\/08\/ADP-Alianza-FOP-Conferencia-de-Prensa2-768x432.jpeg 768w, https:\/\/www.thevisitorpanama.info\/esp\/wp-content\/uploads\/2024\/08\/ADP-Alianza-FOP-Conferencia-de-Prensa2-1536x864.jpeg 1536w\" sizes=\"(max-width: 2048px) 100vw, 2048px\" \/><\/figure>\n\n\n\n<p>Por su parte, Irena Sylya -fundadora de \u00d3pera Panam\u00e1- expres\u00f3 que cre\u00f3 \u201cesta plataforma con el objetivo de establecer una compa\u00f1\u00eda de \u00f3pera que promueva los m\u00e1s altos valores art\u00edsticos y educativos en el pa\u00eds\u201d. El momento fue propicio, adem\u00e1s, para anunciar la designaci\u00f3n de Juan Pomares como Director General. El tenor paname\u00f1o es integrante de la compa\u00f1\u00eda y fue uno de los beneficiados con el programa de becas de la fundaci\u00f3n, el cual fortalece y fomenta el desarrollo de talentos art\u00edsticos locales y promueve la educaci\u00f3n art\u00edstica en Panam\u00e1. Pomares manifest\u00f3 &#8220;soy el resultado de los programas de becas y asumo el legado con gran responsabilidad\u201d.<\/p>\n","protected":false},"excerpt":{"rendered":"<p>Reunidos en la Embajada de Libia, la Asociaci\u00f3n Diplom\u00e1tica en Panam\u00e1 (ADP) y la Fundaci\u00f3n \u00d3pera Panam\u00e1 presentaron la alianza conformada entre ambas organizaciones sin fines de lucro con el objeto de promover la cultura, especialmente, desde la infancia. En este sentido, los d\u00edas 3 y 4 de septiembre pr\u00f3ximos, \u00d3pera Panam\u00e1 presentar\u00e1 \u201cLa Boheme\u201d, [&hellip;]<\/p>\n","protected":false},"author":1,"featured_media":16563,"comment_status":"open","ping_status":"open","sticky":false,"template":"","format":"standard","meta":[],"categories":[69],"tags":[],"_links":{"self":[{"href":"https:\/\/www.thevisitorpanama.info\/esp\/wp-json\/wp\/v2\/posts\/16561"}],"collection":[{"href":"https:\/\/www.thevisitorpanama.info\/esp\/wp-json\/wp\/v2\/posts"}],"about":[{"href":"https:\/\/www.thevisitorpanama.info\/esp\/wp-json\/wp\/v2\/types\/post"}],"author":[{"embeddable":true,"href":"https:\/\/www.thevisitorpanama.info\/esp\/wp-json\/wp\/v2\/users\/1"}],"replies":[{"embeddable":true,"href":"https:\/\/www.thevisitorpanama.info\/esp\/wp-json\/wp\/v2\/comments?post=16561"}],"version-history":[{"count":2,"href":"https:\/\/www.thevisitorpanama.info\/esp\/wp-json\/wp\/v2\/posts\/16561\/revisions"}],"predecessor-version":[{"id":16568,"href":"https:\/\/www.thevisitorpanama.info\/esp\/wp-json\/wp\/v2\/posts\/16561\/revisions\/16568"}],"wp:featuredmedia":[{"embeddable":true,"href":"https:\/\/www.thevisitorpanama.info\/esp\/wp-json\/wp\/v2\/media\/16563"}],"wp:attachment":[{"href":"https:\/\/www.thevisitorpanama.info\/esp\/wp-json\/wp\/v2\/media?parent=16561"}],"wp:term":[{"taxonomy":"category","embeddable":true,"href":"https:\/\/www.thevisitorpanama.info\/esp\/wp-json\/wp\/v2\/categories?post=16561"},{"taxonomy":"post_tag","embeddable":true,"href":"https:\/\/www.thevisitorpanama.info\/esp\/wp-json\/wp\/v2\/tags?post=16561"}],"curies":[{"name":"wp","href":"https:\/\/api.w.org\/{rel}","templated":true}]}}