{"id":16454,"date":"2024-08-17T22:46:33","date_gmt":"2024-08-18T03:46:33","guid":{"rendered":"https:\/\/www.thevisitorpanama.info\/esp\/?p=16454"},"modified":"2024-08-17T22:48:04","modified_gmt":"2024-08-18T03:48:04","slug":"la-parada-de-las-flores-de-tierras-altas-sera-del-13-al-17-de-septiembre","status":"publish","type":"post","link":"https:\/\/www.thevisitorpanama.info\/esp\/2024\/08\/17\/la-parada-de-las-flores-de-tierras-altas-sera-del-13-al-17-de-septiembre\/","title":{"rendered":"La Parada de las Flores de Tierras Altas ser\u00e1 del 13 al 17 de Septiembre"},"content":{"rendered":"\n<p>Este a\u00f1o regresa nuevamente uno de los eventos m\u00e1s grandes de la provincia de Chiriqu\u00ed, La Parada de Las Flores de Tierras Altas a realizarse del 13 al 17 de septiembre de 2024. Este evento busca incentivar y atraer el turismo a esta importante zona agr\u00edcola, ganadera y tur\u00edstica del pa\u00eds.<\/p>\n\n\n\n<p>La Parada de Las Flores, una vez m\u00e1s cumple su compromiso de promover el Distrito y sus bellezas, mostr\u00e1ndole al mundo lo que es capaz la gente de Tierras Altas.<\/p>\n\n\n\n<p>El desfile pasar\u00e1 por los corregimientos de Volc\u00e1n y Nueva California y los organizadores invitan a todos los moradores y visitantes a vestirse con indumentaria Ng\u00e4be. Tambi\u00e9n se tendr\u00e1 la presentaci\u00f3n de bailes por parte de conjuntos folcl\u00f3ricos de distintas partes de la regi\u00f3n resaltando las tradiciones folkl\u00f3ricas y \u00e9tnicas de Panam\u00e1.<\/p>\n\n\n\n<p><\/p>\n","protected":false},"excerpt":{"rendered":"<p>Este a\u00f1o regresa nuevamente uno de los eventos m\u00e1s grandes de la provincia de Chiriqu\u00ed, La Parada de Las Flores de Tierras Altas a realizarse del 13 al 17 de septiembre de 2024. Este evento busca incentivar y atraer el turismo a esta importante zona agr\u00edcola, ganadera y tur\u00edstica del pa\u00eds. La Parada de Las [&hellip;]<\/p>\n","protected":false},"author":1,"featured_media":16456,"comment_status":"open","ping_status":"open","sticky":false,"template":"","format":"standard","meta":[],"categories":[44],"tags":[],"_links":{"self":[{"href":"https:\/\/www.thevisitorpanama.info\/esp\/wp-json\/wp\/v2\/posts\/16454"}],"collection":[{"href":"https:\/\/www.thevisitorpanama.info\/esp\/wp-json\/wp\/v2\/posts"}],"about":[{"href":"https:\/\/www.thevisitorpanama.info\/esp\/wp-json\/wp\/v2\/types\/post"}],"author":[{"embeddable":true,"href":"https:\/\/www.thevisitorpanama.info\/esp\/wp-json\/wp\/v2\/users\/1"}],"replies":[{"embeddable":true,"href":"https:\/\/www.thevisitorpanama.info\/esp\/wp-json\/wp\/v2\/comments?post=16454"}],"version-history":[{"count":1,"href":"https:\/\/www.thevisitorpanama.info\/esp\/wp-json\/wp\/v2\/posts\/16454\/revisions"}],"predecessor-version":[{"id":16455,"href":"https:\/\/www.thevisitorpanama.info\/esp\/wp-json\/wp\/v2\/posts\/16454\/revisions\/16455"}],"wp:featuredmedia":[{"embeddable":true,"href":"https:\/\/www.thevisitorpanama.info\/esp\/wp-json\/wp\/v2\/media\/16456"}],"wp:attachment":[{"href":"https:\/\/www.thevisitorpanama.info\/esp\/wp-json\/wp\/v2\/media?parent=16454"}],"wp:term":[{"taxonomy":"category","embeddable":true,"href":"https:\/\/www.thevisitorpanama.info\/esp\/wp-json\/wp\/v2\/categories?post=16454"},{"taxonomy":"post_tag","embeddable":true,"href":"https:\/\/www.thevisitorpanama.info\/esp\/wp-json\/wp\/v2\/tags?post=16454"}],"curies":[{"name":"wp","href":"https:\/\/api.w.org\/{rel}","templated":true}]}}