{"id":16451,"date":"2024-08-16T19:50:17","date_gmt":"2024-08-17T00:50:17","guid":{"rendered":"https:\/\/www.thevisitorpanama.info\/esp\/?p=16451"},"modified":"2024-08-16T19:54:59","modified_gmt":"2024-08-17T00:54:59","slug":"empezo-el-festival-del-manito-ocueno-hasta-el-20-de-agosto","status":"publish","type":"post","link":"https:\/\/www.thevisitorpanama.info\/esp\/2024\/08\/16\/empezo-el-festival-del-manito-ocueno-hasta-el-20-de-agosto\/","title":{"rendered":"Empez\u00f3 el Festival del Manito Ocue\u00f1o hasta el 20 de Agosto"},"content":{"rendered":"\n<p>El Festival Nacional del Manito Ocue\u00f1o,\u00a0es una de las iniciativas folcl\u00f3ricas m\u00e1s importantes que se realiza en el interior del\u00a0 pa\u00eds, que muestra la vida cotidiana del\u00a0 campesino, que es honrado en este festival, un encuentro de pr\u00e1cticas simb\u00f3licas que el sincretismo ha construido dentro de nuestra identidad como naci\u00f3n.<\/p>\n\n\n\n<p>Desde jueves 15 hasta el martes 20 de agosto se celebrar\u00e1 en Oc\u00fa, provincia de Herrera, se realizar\u00e1 este evento con diversas actividades folcl\u00f3ricas, entre ellas el Matrimonio Campesino y los concursos regionales que destacan el talento de ni\u00f1os, j\u00f3venes y adultos.<\/p>\n\n\n\n<p>Conozca el calendario oficial de las actividades que se realizar\u00e1n en los pr\u00f3ximos d\u00edas.<\/p>\n\n\n\n<p>Viernes 16 de agosto<\/p>\n\n\n\n<p>9:00 a.m.: Inicio de concursos infantiles y regionales.<\/p>\n\n\n\n<p>6:30 p.m.: Inicio de homenaje a ocue\u00f1os distinguidos: Entrega de la hoja de Cop\u00e9 a la licenciada Armida Chang de Bar\u00e9.<\/p>\n\n\n\n<p>8:30 p.m.: Concurso Nacional de Acorde\u00f3n: Dagoberto &#8220;Yin&#8221; Carrizo Medrano.<\/p>\n\n\n\n<p>11:00 p.m.: Bailes t\u00edpicos<\/p>\n\n\n\n<p>S\u00e1bado 17 de agosto<\/p>\n\n\n\n<p>9:00 a.m.: Recibimiento de los novios, de los reci\u00e9n casados.<\/p>\n\n\n\n<p>10:00 a.m.: Celebraci\u00f3n de la Santa Misa y Matrimonio Campesino.<\/p>\n\n\n\n<p>12:00 m.d.: Recorrido a caballo de los reci\u00e9n casados.<\/p>\n\n\n\n<p>1:00 p.m.: Concursos Nacionales y Regionales de J\u00f3venes y Adultos.<\/p>\n\n\n\n<p>10:00 p.m.: Tradicional Duelo del Tamarindo.<\/p>\n\n\n\n<p>11:00 p.m.: Bailes t\u00edpicos<\/p>\n\n\n\n<p>Domingo 18 de agosto<\/p>\n\n\n\n<p>8:00 a.m.: Llegada de las delegaciones invitadas.<\/p>\n\n\n\n<p>9:00 a.m.: Organizaci\u00f3n del desfile.<\/p>\n\n\n\n<p>10:00 a.m.: Recibimiento del abanderado y compositor ocue\u00f1o, Alfredo Ch\u00e1vez.<\/p>\n\n\n\n<p>10:30 a.m.: Inicio del desfile folcl\u00f3rico.<\/p>\n\n\n\n<p>6:00 p.m.: Artistas invitados y bailes t\u00edpicos.<\/p>\n\n\n\n<p>Lunes 19 de agosto<\/p>\n\n\n\n<p>6:00 p.m.: Concurso Regional del Sombrero Blanco Ocue\u00f1o<\/p>\n\n\n\n<p>8:00 p.m.: Concurso Nacional del Grito.<\/p>\n\n\n\n<p>9:00 p.m.: Baile t\u00edpico<\/p>\n\n\n\n<p>Martes 20 de agosto<\/p>\n\n\n\n<p>6:00 p.m.: Eucarist\u00eda de Acci\u00f3n de Gracias.<\/p>\n","protected":false},"excerpt":{"rendered":"<p>El Festival Nacional del Manito Ocue\u00f1o,\u00a0es una de las iniciativas folcl\u00f3ricas m\u00e1s importantes que se realiza en el interior del\u00a0 pa\u00eds, que muestra la vida cotidiana del\u00a0 campesino, que es honrado en este festival, un encuentro de pr\u00e1cticas simb\u00f3licas que el sincretismo ha construido dentro de nuestra identidad como naci\u00f3n. Desde jueves 15 hasta el [&hellip;]<\/p>\n","protected":false},"author":1,"featured_media":16453,"comment_status":"open","ping_status":"open","sticky":false,"template":"","format":"standard","meta":[],"categories":[69],"tags":[],"_links":{"self":[{"href":"https:\/\/www.thevisitorpanama.info\/esp\/wp-json\/wp\/v2\/posts\/16451"}],"collection":[{"href":"https:\/\/www.thevisitorpanama.info\/esp\/wp-json\/wp\/v2\/posts"}],"about":[{"href":"https:\/\/www.thevisitorpanama.info\/esp\/wp-json\/wp\/v2\/types\/post"}],"author":[{"embeddable":true,"href":"https:\/\/www.thevisitorpanama.info\/esp\/wp-json\/wp\/v2\/users\/1"}],"replies":[{"embeddable":true,"href":"https:\/\/www.thevisitorpanama.info\/esp\/wp-json\/wp\/v2\/comments?post=16451"}],"version-history":[{"count":1,"href":"https:\/\/www.thevisitorpanama.info\/esp\/wp-json\/wp\/v2\/posts\/16451\/revisions"}],"predecessor-version":[{"id":16452,"href":"https:\/\/www.thevisitorpanama.info\/esp\/wp-json\/wp\/v2\/posts\/16451\/revisions\/16452"}],"wp:featuredmedia":[{"embeddable":true,"href":"https:\/\/www.thevisitorpanama.info\/esp\/wp-json\/wp\/v2\/media\/16453"}],"wp:attachment":[{"href":"https:\/\/www.thevisitorpanama.info\/esp\/wp-json\/wp\/v2\/media?parent=16451"}],"wp:term":[{"taxonomy":"category","embeddable":true,"href":"https:\/\/www.thevisitorpanama.info\/esp\/wp-json\/wp\/v2\/categories?post=16451"},{"taxonomy":"post_tag","embeddable":true,"href":"https:\/\/www.thevisitorpanama.info\/esp\/wp-json\/wp\/v2\/tags?post=16451"}],"curies":[{"name":"wp","href":"https:\/\/api.w.org\/{rel}","templated":true}]}}