{"id":16435,"date":"2024-08-11T20:16:37","date_gmt":"2024-08-12T01:16:37","guid":{"rendered":"https:\/\/www.thevisitorpanama.info\/esp\/?p=16435"},"modified":"2024-08-11T20:21:55","modified_gmt":"2024-08-12T01:21:55","slug":"empiezan-los-desfiles-festivales-y-actividades-para-celebrar-los-505-anos-de-panama-la-vieja","status":"publish","type":"post","link":"https:\/\/www.thevisitorpanama.info\/esp\/2024\/08\/11\/empiezan-los-desfiles-festivales-y-actividades-para-celebrar-los-505-anos-de-panama-la-vieja\/","title":{"rendered":"Empiezan los Desfiles, Festivales y Actividades para Celebrar los 505 A\u00f1os de Panam\u00e1 La Vieja"},"content":{"rendered":"\n<p>Desde este domingo hasta el pr\u00f3ximo 18 de agosto, los paname\u00f1os podr\u00e1n disfrutar de desfiles, festivales, caminatas y presentaciones art\u00edsticas en conmemoraci\u00f3n de los 505 a\u00f1os de fundaci\u00f3n de Panam\u00e1 La Vieja.<\/p>\n\n\n\n<p>La festividad, anualmente celebrada el 15 de agosto, inici\u00f3 hoy sus actividades con unacarrera &#8211; caminata, de 1 y 5 kil\u00f3metros respectivamente, desde las ruinas de Panam\u00e1 Viejo.<\/p>\n\n\n\n<p>Los asistentes tambi\u00e9n podr\u00e1n disfrutar de sesiones de zumba y undesfile de bandas independientesdesde la estatua de Morelos hasta Costa del Este.<\/p>\n\n\n\n<p>La presentaci\u00f3n de bandas como El Hogar, Alfa y Omega, San Miguel Arc\u00e1ngel, Apocalipsis, Belisario Porras, entre otras, iniciar\u00e1 a las 11:00 a.m.<\/p>\n\n\n\n<p>Dichas actividades continuar\u00e1n el jueves 15 de agosto con un desfile debandas escolares, desde el centro de visitantes de Panam\u00e1 Viejo hasta Costa de Este.<\/p>\n\n\n\n<p>Los d\u00edas17 y 18 de agostomarcar\u00e1n el cierre de las celebraciones con un festival depresentaciones folcl\u00f3ricas, stands de emprendedores y \u00e1rea gastron\u00f3mica, en la Torre de Panam\u00e1 La Vieja a partir de las 2:00 p.m.<\/p>\n\n\n\n<p>Las presentaciones musicales estar\u00e1n a cargo de Osvaldo Ayala, Orquesta La Kshamba, Ra\u00fal Aparicio, Wichy Camacho y su orquesta, Oneil, Mr. Sam, Baby Karen, entre otros.<\/p>\n\n\n\n<p>Autoridades del corregimiento de Parque Lefevre, Patronato de Panam\u00e1 Viejo y la Alcald\u00eda de Panam\u00e1, invitan a la ciudadan\u00eda a participar de todas las actividades para resaltar la historia e identidad cultural de la regi\u00f3n.<\/p>\n","protected":false},"excerpt":{"rendered":"<p>Desde este domingo hasta el pr\u00f3ximo 18 de agosto, los paname\u00f1os podr\u00e1n disfrutar de desfiles, festivales, caminatas y presentaciones art\u00edsticas en conmemoraci\u00f3n de los 505 a\u00f1os de fundaci\u00f3n de Panam\u00e1 La Vieja. La festividad, anualmente celebrada el 15 de agosto, inici\u00f3 hoy sus actividades con unacarrera &#8211; caminata, de 1 y 5 kil\u00f3metros respectivamente, desde [&hellip;]<\/p>\n","protected":false},"author":1,"featured_media":16437,"comment_status":"open","ping_status":"open","sticky":false,"template":"","format":"standard","meta":[],"categories":[44],"tags":[],"_links":{"self":[{"href":"https:\/\/www.thevisitorpanama.info\/esp\/wp-json\/wp\/v2\/posts\/16435"}],"collection":[{"href":"https:\/\/www.thevisitorpanama.info\/esp\/wp-json\/wp\/v2\/posts"}],"about":[{"href":"https:\/\/www.thevisitorpanama.info\/esp\/wp-json\/wp\/v2\/types\/post"}],"author":[{"embeddable":true,"href":"https:\/\/www.thevisitorpanama.info\/esp\/wp-json\/wp\/v2\/users\/1"}],"replies":[{"embeddable":true,"href":"https:\/\/www.thevisitorpanama.info\/esp\/wp-json\/wp\/v2\/comments?post=16435"}],"version-history":[{"count":1,"href":"https:\/\/www.thevisitorpanama.info\/esp\/wp-json\/wp\/v2\/posts\/16435\/revisions"}],"predecessor-version":[{"id":16436,"href":"https:\/\/www.thevisitorpanama.info\/esp\/wp-json\/wp\/v2\/posts\/16435\/revisions\/16436"}],"wp:featuredmedia":[{"embeddable":true,"href":"https:\/\/www.thevisitorpanama.info\/esp\/wp-json\/wp\/v2\/media\/16437"}],"wp:attachment":[{"href":"https:\/\/www.thevisitorpanama.info\/esp\/wp-json\/wp\/v2\/media?parent=16435"}],"wp:term":[{"taxonomy":"category","embeddable":true,"href":"https:\/\/www.thevisitorpanama.info\/esp\/wp-json\/wp\/v2\/categories?post=16435"},{"taxonomy":"post_tag","embeddable":true,"href":"https:\/\/www.thevisitorpanama.info\/esp\/wp-json\/wp\/v2\/tags?post=16435"}],"curies":[{"name":"wp","href":"https:\/\/api.w.org\/{rel}","templated":true}]}}