{"id":16419,"date":"2024-08-09T18:02:58","date_gmt":"2024-08-09T23:02:58","guid":{"rendered":"https:\/\/www.thevisitorpanama.info\/esp\/?p=16419"},"modified":"2024-08-09T18:22:41","modified_gmt":"2024-08-09T23:22:41","slug":"lanzan-galeria-virtual-abya-yala-en-el-dia-internacional-de-los-pueblos-indigenas","status":"publish","type":"post","link":"https:\/\/www.thevisitorpanama.info\/esp\/2024\/08\/09\/lanzan-galeria-virtual-abya-yala-en-el-dia-internacional-de-los-pueblos-indigenas\/","title":{"rendered":"Lanzan Galer\u00eda Virtual \u201cAbya Yala\u201d en el D\u00eda Internacional de los Pueblos Ind\u00edgenas."},"content":{"rendered":"\n<p>Autoridad de Turismo de Panam\u00e1 lanza galer\u00eda virtual \u201cAbya Yala\u201d en el marco del D\u00eda Internacional de los Pueblos Ind\u00edgenas.<\/p>\n\n\n\n<figure class=\"wp-block-image size-full\"><img decoding=\"async\" loading=\"lazy\" width=\"1424\" height=\"2144\" src=\"https:\/\/www.thevisitorpanama.info\/esp\/wp-content\/uploads\/2024\/08\/Compress_20240809_180328_8630.jpg\" alt=\"\" class=\"wp-image-16423\" srcset=\"https:\/\/www.thevisitorpanama.info\/esp\/wp-content\/uploads\/2024\/08\/Compress_20240809_180328_8630.jpg 1424w, https:\/\/www.thevisitorpanama.info\/esp\/wp-content\/uploads\/2024\/08\/Compress_20240809_180328_8630-768x1156.jpg 768w, https:\/\/www.thevisitorpanama.info\/esp\/wp-content\/uploads\/2024\/08\/Compress_20240809_180328_8630-1020x1536.jpg 1020w, https:\/\/www.thevisitorpanama.info\/esp\/wp-content\/uploads\/2024\/08\/Compress_20240809_180328_8630-1360x2048.jpg 1360w\" sizes=\"(max-width: 1424px) 100vw, 1424px\" \/><\/figure>\n\n\n\n<p>En el marco de la conmemoraci\u00f3n del D\u00eda Internacional de los Pueblos Ind\u00edgenas, establecido en 1994 por la Asamblea General de las Naciones Unidas, la ATP invita a recorrer virtualmente su galer\u00eda denominada \u201cAbya Yala\u201d que significa \u201cTierra nueva\u201d, un homenaje dedicado a celebrar y visibilizar la rica diversidad cultural de los pueblos ind\u00edgenas que desde tiempos inmemoriales se han encargado de la protecci\u00f3n y el cuidado de los bosques.\u00a0 Siendo esta tarea vital, ya que aproximadamente el 20% del carbono almacenado se encuentra en los bosques dentro de los territorios.\u00a0 En este d\u00eda, recordemos que los pueblos ind\u00edgenas son agentes del cambio, guardianes de los recursos naturales y portadores de visiones del mundo, conocimientos y habilidades excepcionales. Debemos proteger sus tradiciones y modos de vida, respetando sus derechos.<\/p>\n\n\n\n<figure class=\"wp-block-image size-full\"><img decoding=\"async\" loading=\"lazy\" width=\"1080\" height=\"675\" src=\"https:\/\/www.thevisitorpanama.info\/esp\/wp-content\/uploads\/2024\/08\/Compress_20240809_180327_7791.jpg\" alt=\"\" class=\"wp-image-16425\" srcset=\"https:\/\/www.thevisitorpanama.info\/esp\/wp-content\/uploads\/2024\/08\/Compress_20240809_180327_7791.jpg 1080w, https:\/\/www.thevisitorpanama.info\/esp\/wp-content\/uploads\/2024\/08\/Compress_20240809_180327_7791-768x480.jpg 768w\" sizes=\"(max-width: 1080px) 100vw, 1080px\" \/><\/figure>\n\n\n\n<p>Los pueblos ind\u00edgenas tambi\u00e9n comparten desaf\u00edos con respecto al reconocimiento y la protecci\u00f3n de sus derechos fundamentales, encontr\u00e1ndose entre las poblaciones m\u00e1s vulnerables. El turismo es una herramienta importante para la protecci\u00f3n e inclusi\u00f3n social de los pueblos ind\u00edgenas, as\u00ed como del desarrollo econ\u00f3mico de sus comunidades. En este recorrido virtual destacamos a los siete pueblos ind\u00edgenas paname\u00f1os que representan una gran diversidad cultural. Los pueblos Ng\u00e4be, Bugl\u00e9, Guna, Ember\u00e1, Wounaan, Naso y Bri-Bri son guardianes de nuestra naturaleza, protectores de nuestra biodiversidad. Al visitar sus comunidades, respetando sus costumbres, aprendemos de sus tradiciones y conectamos con ellos de manera genuina.<\/p>\n\n\n\n<figure class=\"wp-block-image size-full\"><img decoding=\"async\" loading=\"lazy\" width=\"1424\" height=\"2144\" src=\"https:\/\/www.thevisitorpanama.info\/esp\/wp-content\/uploads\/2024\/08\/Compress_20240809_180327_7552.jpg\" alt=\"\" class=\"wp-image-16426\" srcset=\"https:\/\/www.thevisitorpanama.info\/esp\/wp-content\/uploads\/2024\/08\/Compress_20240809_180327_7552.jpg 1424w, https:\/\/www.thevisitorpanama.info\/esp\/wp-content\/uploads\/2024\/08\/Compress_20240809_180327_7552-768x1156.jpg 768w, https:\/\/www.thevisitorpanama.info\/esp\/wp-content\/uploads\/2024\/08\/Compress_20240809_180327_7552-1020x1536.jpg 1020w, https:\/\/www.thevisitorpanama.info\/esp\/wp-content\/uploads\/2024\/08\/Compress_20240809_180327_7552-1360x2048.jpg 1360w\" sizes=\"(max-width: 1424px) 100vw, 1424px\" \/><\/figure>\n\n\n\n<p>Algunos destinos donde podemos hacer turismo comunitario para conectar con nuestros pueblos ind\u00edgenas son:<\/p>\n\n\n\n<p>\u2022&nbsp;&nbsp;&nbsp;&nbsp;&nbsp;&nbsp;&nbsp;&nbsp;&nbsp; La Chunga- Dari\u00e9n<br>\u2022&nbsp;&nbsp;&nbsp;&nbsp;&nbsp;&nbsp;&nbsp;&nbsp;&nbsp; San Crist\u00f3bal \u2013Bocas del Toro<br>\u2022&nbsp;&nbsp;&nbsp;&nbsp;&nbsp;&nbsp;&nbsp;&nbsp;&nbsp; Tusinopo- Chagres<br>\u2022&nbsp;&nbsp;&nbsp;&nbsp;&nbsp;&nbsp;&nbsp;&nbsp;&nbsp; Puru Blakir\u00fa- Chagres<br>\u2022&nbsp;&nbsp;&nbsp;&nbsp;&nbsp;&nbsp;&nbsp;&nbsp;&nbsp; Parar\u00e1 Pur\u00fa- Chagres<br>\u2022&nbsp;&nbsp;&nbsp;&nbsp;&nbsp;&nbsp;&nbsp;&nbsp;&nbsp; Ember\u00e1 Drua- Chagres<br>\u2022&nbsp;&nbsp;&nbsp;&nbsp;&nbsp;&nbsp;&nbsp;&nbsp;&nbsp; Ella Dr\u00faa- Chagres<br>\u2022&nbsp;&nbsp;&nbsp;&nbsp;&nbsp;&nbsp;&nbsp;&nbsp;&nbsp; Ella Puru- Chagres<br>\u2022&nbsp;&nbsp;&nbsp;&nbsp;&nbsp;&nbsp;&nbsp;&nbsp;&nbsp; Ember\u00e1 Pur\u00fa-Chagres<br>\u2022&nbsp;&nbsp;&nbsp;&nbsp;&nbsp;&nbsp;&nbsp;&nbsp;&nbsp; Playa Muerto en Dari\u00e9n<br>\u2022&nbsp;&nbsp;&nbsp;&nbsp;&nbsp;&nbsp;&nbsp;&nbsp;&nbsp; Soloy en la Comarca Ng\u00e4be-Bugl\u00e9<br>\u2022&nbsp;&nbsp;&nbsp;&nbsp;&nbsp;&nbsp;&nbsp;&nbsp;&nbsp; R\u00edo Ca\u00f1as Comarca Ng\u00e4be-Bugl\u00e9<br>\u2022&nbsp;&nbsp;&nbsp;&nbsp;&nbsp;&nbsp;&nbsp;&nbsp;&nbsp; Bonllik en Comarca Naso Tj\u00ebr Di<br>\u2022&nbsp;&nbsp;&nbsp;&nbsp;&nbsp;&nbsp;&nbsp;&nbsp;&nbsp; Oreba-Rio Oeste Arriba-Almirante<\/p>\n\n\n\n<p>La galer\u00eda estar\u00e1 disponible en l\u00ednea del 9 de agosto al 1 de septiembre, y podr\u00e1s visitarla ingresando al siguiente enlace<\/p>\n\n\n\n<p><a href=\"https:\/\/www.atp.gob.pa\/pueblos-indigenas\/\" data-type=\"URL\" data-id=\"https:\/\/www.atp.gob.pa\/pueblos-indigenas\/\">https:\/\/www.atp.gob.pa\/pueblos-indigenas\/<\/a><\/p>\n\n\n\n<p>\u00a0donde no solamente es un espacio de exposici\u00f3n, sino tambi\u00e9n como una herramienta educativa que inspire a m\u00e1s personas alrededor del mundo a conocer y respetar las culturas ind\u00edgenas.<br>\u00a1Invitamos a todos los paname\u00f1os y extranjeros a unirse a esta celebraci\u00f3n de la diversidad y a contribuir al di\u00e1logo global sobre la importancia de preservar y promover las culturas ind\u00edgenas!<\/p>\n\n\n\n<figure class=\"wp-block-image size-full\"><img decoding=\"async\" loading=\"lazy\" width=\"1250\" height=\"831\" src=\"https:\/\/www.thevisitorpanama.info\/esp\/wp-content\/uploads\/2024\/08\/Compress_20240809_180328_8063.jpg\" alt=\"\" class=\"wp-image-16429\" srcset=\"https:\/\/www.thevisitorpanama.info\/esp\/wp-content\/uploads\/2024\/08\/Compress_20240809_180328_8063.jpg 1250w, https:\/\/www.thevisitorpanama.info\/esp\/wp-content\/uploads\/2024\/08\/Compress_20240809_180328_8063-768x511.jpg 768w\" sizes=\"(max-width: 1250px) 100vw, 1250px\" \/><\/figure>\n","protected":false},"excerpt":{"rendered":"<p>Autoridad de Turismo de Panam\u00e1 lanza galer\u00eda virtual \u201cAbya Yala\u201d en el marco del D\u00eda Internacional de los Pueblos Ind\u00edgenas. En el marco de la conmemoraci\u00f3n del D\u00eda Internacional de los Pueblos Ind\u00edgenas, establecido en 1994 por la Asamblea General de las Naciones Unidas, la ATP invita a recorrer virtualmente su galer\u00eda denominada \u201cAbya Yala\u201d [&hellip;]<\/p>\n","protected":false},"author":1,"featured_media":16421,"comment_status":"open","ping_status":"open","sticky":false,"template":"","format":"standard","meta":[],"categories":[44],"tags":[],"_links":{"self":[{"href":"https:\/\/www.thevisitorpanama.info\/esp\/wp-json\/wp\/v2\/posts\/16419"}],"collection":[{"href":"https:\/\/www.thevisitorpanama.info\/esp\/wp-json\/wp\/v2\/posts"}],"about":[{"href":"https:\/\/www.thevisitorpanama.info\/esp\/wp-json\/wp\/v2\/types\/post"}],"author":[{"embeddable":true,"href":"https:\/\/www.thevisitorpanama.info\/esp\/wp-json\/wp\/v2\/users\/1"}],"replies":[{"embeddable":true,"href":"https:\/\/www.thevisitorpanama.info\/esp\/wp-json\/wp\/v2\/comments?post=16419"}],"version-history":[{"count":4,"href":"https:\/\/www.thevisitorpanama.info\/esp\/wp-json\/wp\/v2\/posts\/16419\/revisions"}],"predecessor-version":[{"id":16430,"href":"https:\/\/www.thevisitorpanama.info\/esp\/wp-json\/wp\/v2\/posts\/16419\/revisions\/16430"}],"wp:featuredmedia":[{"embeddable":true,"href":"https:\/\/www.thevisitorpanama.info\/esp\/wp-json\/wp\/v2\/media\/16421"}],"wp:attachment":[{"href":"https:\/\/www.thevisitorpanama.info\/esp\/wp-json\/wp\/v2\/media?parent=16419"}],"wp:term":[{"taxonomy":"category","embeddable":true,"href":"https:\/\/www.thevisitorpanama.info\/esp\/wp-json\/wp\/v2\/categories?post=16419"},{"taxonomy":"post_tag","embeddable":true,"href":"https:\/\/www.thevisitorpanama.info\/esp\/wp-json\/wp\/v2\/tags?post=16419"}],"curies":[{"name":"wp","href":"https:\/\/api.w.org\/{rel}","templated":true}]}}