{"id":16409,"date":"2024-08-08T18:49:38","date_gmt":"2024-08-08T23:49:38","guid":{"rendered":"https:\/\/www.thevisitorpanama.info\/esp\/?p=16409"},"modified":"2024-08-08T18:56:06","modified_gmt":"2024-08-08T23:56:06","slug":"mi-ambiente-reafirma-proteccion-de-la-herencia-natural-de-los-territorios-indigenas","status":"publish","type":"post","link":"https:\/\/www.thevisitorpanama.info\/esp\/2024\/08\/08\/mi-ambiente-reafirma-proteccion-de-la-herencia-natural-de-los-territorios-indigenas\/","title":{"rendered":"Mi Ambiente Reafirma Protecci\u00f3n de la Herencia Natural de los Territorios Ind\u00edgenas"},"content":{"rendered":"\n<p>Ma\u00f1ana viernes 9 de agosto se celebra el D\u00eda de los Pueblos Ind\u00edgenas, y MiAMBIENTE reafirma su compromiso de coadyuvar en proteger la herencia natural de sus territorios. <\/p>\n\n\n\n<p>Seg\u00fan el Censo de 2023, 698.114 personas se identificaron como pertenecientes a alg\u00fan grupo ind\u00edgena, lo que representa el 17.2% de la poblaci\u00f3n paname\u00f1a<\/p>\n\n\n\n<p>Los pueblos ind\u00edgenas son los principales guardianes de los bosques en todo el territorio nacional y gracias a su cosmovisi\u00f3n ancestral han asegurado la conservaci\u00f3n del 80 % de la biodiversidad de la flora y fauna como soluci\u00f3n frente al cambio clim\u00e1tico.<br>Seg\u00fan datos de las Naciones Unidas, a pesar de su derecho a la autonom\u00eda, los Pueblos Ind\u00edgenas enfrentan desaf\u00edos \u00fanicos; como lo es la globalizaci\u00f3n, que ha impulsado un crecimiento econ\u00f3mico y un avance tecnol\u00f3gico significativo, pero tambi\u00e9n desestabilizando la sostenibilidad ambiental y la equidad social.<\/p>\n\n\n\n<figure class=\"wp-block-image size-full\"><img decoding=\"async\" loading=\"lazy\" width=\"1600\" height=\"1066\" src=\"https:\/\/www.thevisitorpanama.info\/esp\/wp-content\/uploads\/2024\/08\/WhatsApp-Image-2024-08-08-at-3.04.50-PM-2.jpeg\" alt=\"\" class=\"wp-image-16412\" srcset=\"https:\/\/www.thevisitorpanama.info\/esp\/wp-content\/uploads\/2024\/08\/WhatsApp-Image-2024-08-08-at-3.04.50-PM-2.jpeg 1600w, https:\/\/www.thevisitorpanama.info\/esp\/wp-content\/uploads\/2024\/08\/WhatsApp-Image-2024-08-08-at-3.04.50-PM-2-768x512.jpeg 768w, https:\/\/www.thevisitorpanama.info\/esp\/wp-content\/uploads\/2024\/08\/WhatsApp-Image-2024-08-08-at-3.04.50-PM-2-1536x1023.jpeg 1536w\" sizes=\"(max-width: 1600px) 100vw, 1600px\" \/><\/figure>\n\n\n\n<p><br>El desarrollo de la agricultura, la miner\u00eda, el turismo y los recursos naturales en sus territorios est\u00e1 dando como resultado la deforestaci\u00f3n de franjas de bosques donde habitan, alterando su forma de vida y destruyendo el entorno natural que han protegido durante generaciones.<\/p>\n\n\n\n<p><br>En este sentido, la Oficina de Ambiente de los Pueblos Ind\u00edgenas del Ministerio de Ambiente (MiAMBIENTE) act\u00faa como enlace clave entre la entidad y las comunidades ind\u00edgenas, promoviendo pol\u00edticas de conservaci\u00f3n ambiental que integran los conocimientos tradicionales y aseguran el consentimiento informado de las mismas.<br>La importancia de esta oficina es servir de ente facilitador y enlace en la consideraci\u00f3n de los instrumentos internacionales y legislaci\u00f3n nacional sobre los derechos de los pueblos ind\u00edgenas, as\u00ed como tambi\u00e9n sobre la legislaci\u00f3n ambiental que hace sinergia entre los pueblos ind\u00edgenas y el gobierno nacional a fin de obtener objetivos claves de la preservaci\u00f3n del ambiente, desarrollo sostenible, cambio clim\u00e1tico y la preservaci\u00f3n de la cultura ind\u00edgena.<\/p>\n\n\n\n<figure class=\"wp-block-image size-full\"><img decoding=\"async\" loading=\"lazy\" width=\"960\" height=\"960\" src=\"https:\/\/www.thevisitorpanama.info\/esp\/wp-content\/uploads\/2024\/08\/WhatsApp-Image-2024-08-08-at-3.04.50-PM-1-1.jpeg\" alt=\"\" class=\"wp-image-16417\" srcset=\"https:\/\/www.thevisitorpanama.info\/esp\/wp-content\/uploads\/2024\/08\/WhatsApp-Image-2024-08-08-at-3.04.50-PM-1-1.jpeg 960w, https:\/\/www.thevisitorpanama.info\/esp\/wp-content\/uploads\/2024\/08\/WhatsApp-Image-2024-08-08-at-3.04.50-PM-1-1-150x150.jpeg 150w, https:\/\/www.thevisitorpanama.info\/esp\/wp-content\/uploads\/2024\/08\/WhatsApp-Image-2024-08-08-at-3.04.50-PM-1-1-768x768.jpeg 768w\" sizes=\"(max-width: 960px) 100vw, 960px\" \/><\/figure>\n\n\n\n<p><br>Es por tal raz\u00f3n, siendo oportuno la celebraci\u00f3n este 9 de agosto, del D\u00eda Internacional de los Pueblos Ind\u00edgenas , el gobierno de Panam\u00e1 a trav\u00e9s de MiAMBIENTE reitera el compromiso de lograr el cumplimiento de las metas clim\u00e1ticas y de desarrollo sostenible a fin de tener un Panam\u00e1 m\u00e1s verde y resiliente, para ello se hace necesario con pasos firme colaborar con estas comunidades, la tarea de conservar los espacios y territorios ind\u00edgenas e incluso aprender de sus costumbres y sentido de pertenencia con la madre tierra como grandes aliados para la preservaci\u00f3n de un entorno m\u00e1s saludable y garantizar la custodia de nuestros patrimonios naturales.<\/p>\n","protected":false},"excerpt":{"rendered":"<p>Ma\u00f1ana viernes 9 de agosto se celebra el D\u00eda de los Pueblos Ind\u00edgenas, y MiAMBIENTE reafirma su compromiso de coadyuvar en proteger la herencia natural de sus territorios. Seg\u00fan el Censo de 2023, 698.114 personas se identificaron como pertenecientes a alg\u00fan grupo ind\u00edgena, lo que representa el 17.2% de la poblaci\u00f3n paname\u00f1a Los pueblos ind\u00edgenas [&hellip;]<\/p>\n","protected":false},"author":1,"featured_media":16416,"comment_status":"open","ping_status":"open","sticky":false,"template":"","format":"standard","meta":[],"categories":[44],"tags":[],"_links":{"self":[{"href":"https:\/\/www.thevisitorpanama.info\/esp\/wp-json\/wp\/v2\/posts\/16409"}],"collection":[{"href":"https:\/\/www.thevisitorpanama.info\/esp\/wp-json\/wp\/v2\/posts"}],"about":[{"href":"https:\/\/www.thevisitorpanama.info\/esp\/wp-json\/wp\/v2\/types\/post"}],"author":[{"embeddable":true,"href":"https:\/\/www.thevisitorpanama.info\/esp\/wp-json\/wp\/v2\/users\/1"}],"replies":[{"embeddable":true,"href":"https:\/\/www.thevisitorpanama.info\/esp\/wp-json\/wp\/v2\/comments?post=16409"}],"version-history":[{"count":3,"href":"https:\/\/www.thevisitorpanama.info\/esp\/wp-json\/wp\/v2\/posts\/16409\/revisions"}],"predecessor-version":[{"id":16418,"href":"https:\/\/www.thevisitorpanama.info\/esp\/wp-json\/wp\/v2\/posts\/16409\/revisions\/16418"}],"wp:featuredmedia":[{"embeddable":true,"href":"https:\/\/www.thevisitorpanama.info\/esp\/wp-json\/wp\/v2\/media\/16416"}],"wp:attachment":[{"href":"https:\/\/www.thevisitorpanama.info\/esp\/wp-json\/wp\/v2\/media?parent=16409"}],"wp:term":[{"taxonomy":"category","embeddable":true,"href":"https:\/\/www.thevisitorpanama.info\/esp\/wp-json\/wp\/v2\/categories?post=16409"},{"taxonomy":"post_tag","embeddable":true,"href":"https:\/\/www.thevisitorpanama.info\/esp\/wp-json\/wp\/v2\/tags?post=16409"}],"curies":[{"name":"wp","href":"https:\/\/api.w.org\/{rel}","templated":true}]}}