{"id":16406,"date":"2024-08-07T22:32:58","date_gmt":"2024-08-08T03:32:58","guid":{"rendered":"https:\/\/www.thevisitorpanama.info\/esp\/?p=16406"},"modified":"2024-08-07T22:45:09","modified_gmt":"2024-08-08T03:45:09","slug":"panama-jazz-festival-se-realizara-del-13-al-18-de-enero-de-2025","status":"publish","type":"post","link":"https:\/\/www.thevisitorpanama.info\/esp\/2024\/08\/07\/panama-jazz-festival-se-realizara-del-13-al-18-de-enero-de-2025\/","title":{"rendered":"Panama Jazz Festival se Realizar\u00e1 del 13 al 18 de Enero de 2025"},"content":{"rendered":"\n<p>La 22\u00ba edici\u00f3n del Panama Jazz Festival, ser\u00e1 del 13 al 18 de enero 2025 y tendr\u00e1 como sede donde se impartir\u00e1n los talleres a la Ciudad del Saber, y los conciertos en el Teatro Ateneo y La Plaza. Tambi\u00e9n compartieron en rueda de prensa que la gran noche de gala se realizar\u00e1 en el Teatro Anayansi del Centro de Convenciones Atlapa y el multitudinario concierto gratuito de cierre ser\u00e1 el s\u00e1bado 18 de enero en el Cuadr\u00e1ngulo de Ciudad del Saber.<\/p>\n\n\n\n<p>El festival contar\u00e1 con reconocidos artistas quienes ya han confirmado su participaci\u00f3n en el evento como Ledisi, ganadora de Grammy y considerada una de las cantantes m\u00e1s destacadas de las \u00faltimas d\u00e9cadas y que ha participado en bandas con grandes artistas del jazz, adem\u00e1s de ser actriz y escritora.<\/p>\n\n\n\n<p>Ledisi tocar\u00e1 con la banda All Star que incluye a John Patitucci en el bajo, Terri Lyne Carrington en la bater\u00eda y el Maestro Danilo P\u00e9rez en el piano.<\/p>\n\n\n\n<p>Otras artistas internacionales que se presentar\u00e1n en el festival son: la flautista, compositora, escritora y ganadora de reconocidos premios Nicole Mitchell y la banda Princess Orelia Collective dirigida por la saxofonista Patricia Z\u00e1rate P\u00e9rez y conformada por las destacadas m\u00fasicos Nadia Washington (USA), Yvette Modest\u00edn (Panam\u00e1), Ciara Moser (Ireland) y Milagros Blades (Panam\u00e1).<\/p>\n\n\n\n<p>Los m\u00fasicos nacionales que se presentar\u00e1n incluir\u00e1n a la cantante Mayra Hurley, el pianista Samuel Barrios, el percusionista Lucas Maylin, la cantante Carolina P\u00e9rez, el saxofonista Walter Valverde, la violinista Graciela N\u00fa\u00f1ez, el bajista Danilo Andr\u00e9s P\u00e9rez, junto a artistas internacionales como Manuela S\u00e1nchez Gourbet y la banda Equinoccio H\u00e1bitat.<\/p>\n","protected":false},"excerpt":{"rendered":"<p>La 22\u00ba edici\u00f3n del Panama Jazz Festival, ser\u00e1 del 13 al 18 de enero 2025 y tendr\u00e1 como sede donde se impartir\u00e1n los talleres a la Ciudad del Saber, y los conciertos en el Teatro Ateneo y La Plaza. Tambi\u00e9n compartieron en rueda de prensa que la gran noche de gala se realizar\u00e1 en el [&hellip;]<\/p>\n","protected":false},"author":1,"featured_media":16408,"comment_status":"open","ping_status":"open","sticky":false,"template":"","format":"standard","meta":[],"categories":[44],"tags":[],"_links":{"self":[{"href":"https:\/\/www.thevisitorpanama.info\/esp\/wp-json\/wp\/v2\/posts\/16406"}],"collection":[{"href":"https:\/\/www.thevisitorpanama.info\/esp\/wp-json\/wp\/v2\/posts"}],"about":[{"href":"https:\/\/www.thevisitorpanama.info\/esp\/wp-json\/wp\/v2\/types\/post"}],"author":[{"embeddable":true,"href":"https:\/\/www.thevisitorpanama.info\/esp\/wp-json\/wp\/v2\/users\/1"}],"replies":[{"embeddable":true,"href":"https:\/\/www.thevisitorpanama.info\/esp\/wp-json\/wp\/v2\/comments?post=16406"}],"version-history":[{"count":1,"href":"https:\/\/www.thevisitorpanama.info\/esp\/wp-json\/wp\/v2\/posts\/16406\/revisions"}],"predecessor-version":[{"id":16407,"href":"https:\/\/www.thevisitorpanama.info\/esp\/wp-json\/wp\/v2\/posts\/16406\/revisions\/16407"}],"wp:featuredmedia":[{"embeddable":true,"href":"https:\/\/www.thevisitorpanama.info\/esp\/wp-json\/wp\/v2\/media\/16408"}],"wp:attachment":[{"href":"https:\/\/www.thevisitorpanama.info\/esp\/wp-json\/wp\/v2\/media?parent=16406"}],"wp:term":[{"taxonomy":"category","embeddable":true,"href":"https:\/\/www.thevisitorpanama.info\/esp\/wp-json\/wp\/v2\/categories?post=16406"},{"taxonomy":"post_tag","embeddable":true,"href":"https:\/\/www.thevisitorpanama.info\/esp\/wp-json\/wp\/v2\/tags?post=16406"}],"curies":[{"name":"wp","href":"https:\/\/api.w.org\/{rel}","templated":true}]}}