{"id":16361,"date":"2024-07-26T19:57:36","date_gmt":"2024-07-27T00:57:36","guid":{"rendered":"https:\/\/www.thevisitorpanama.info\/esp\/?p=16361"},"modified":"2024-07-26T19:57:56","modified_gmt":"2024-07-27T00:57:56","slug":"camara-nacional-de-turismo-de-panama-anuncia-lanzamiento-de-eventos-2024","status":"publish","type":"post","link":"https:\/\/www.thevisitorpanama.info\/esp\/2024\/07\/26\/camara-nacional-de-turismo-de-panama-anuncia-lanzamiento-de-eventos-2024\/","title":{"rendered":"C\u00e1mara Nacional de Turismo de Panam\u00e1 Anuncia Lanzamiento de Eventos 2024"},"content":{"rendered":"\n<p>La C\u00e1mara Nacional de Turismo de Panam\u00e1 inform\u00f3 este viernes, 26 de julio, sobre las actividades programadas para atraer a los turistas en el \u00faltimo semestre del a\u00f1o.<\/p>\n\n\n\n<p>La temporada iniciar\u00e1 en agosto con el cuarto concurso de polleras 2024, que se realizar\u00e1 el 10 de agosto en el centro comercial Albrook Mall.<\/p>\n\n\n\n<p>\u201cTenemos m\u00e1s de 100 participantes, tuvimos que ponerles l\u00edmite a las inscripciones, lo cual es positivo al ver que hay un gran entusiasmo en el pa\u00eds en participar. Habr\u00e1 cinco categor\u00edas: pollera de lujo, marcada, zurcida, sombreada, montuna y regional\u201d, dijo Nadkyi Duque, representante de la Asociaci\u00f3n de Centros Comerciales.<\/p>\n\n\n\n<p>El siguiente evento ser\u00e1 el Panam\u00e1 Black Week, que se desarrollar\u00e1 el 13, 14 y 15 de septiembre. \u201cTenemos confirmaci\u00f3n de vuelos ch\u00e1rter de Colombia y Ecuador para venir de compras. Esta es la s\u00e9ptima temporada en un mes cuyos n\u00fameros eran muy bajos y lo hemos convertido en la m\u00e1s alta de venta de todos los productos\u201d, afirm\u00f3 Duque, qui\u00e9n es la tesorera de la C\u00e1mara de Turismo.<\/p>\n\n\n\n<figure class=\"wp-block-image size-full\"><img decoding=\"async\" loading=\"lazy\" width=\"1448\" height=\"1086\" src=\"https:\/\/www.thevisitorpanama.info\/esp\/wp-content\/uploads\/2024\/07\/IMG-20240726-WA0006.jpg\" alt=\"\" class=\"wp-image-16363\" srcset=\"https:\/\/www.thevisitorpanama.info\/esp\/wp-content\/uploads\/2024\/07\/IMG-20240726-WA0006.jpg 1448w, https:\/\/www.thevisitorpanama.info\/esp\/wp-content\/uploads\/2024\/07\/IMG-20240726-WA0006-768x576.jpg 768w, https:\/\/www.thevisitorpanama.info\/esp\/wp-content\/uploads\/2024\/07\/IMG-20240726-WA0006-80x60.jpg 80w, https:\/\/www.thevisitorpanama.info\/esp\/wp-content\/uploads\/2024\/07\/IMG-20240726-WA0006-100x75.jpg 100w, https:\/\/www.thevisitorpanama.info\/esp\/wp-content\/uploads\/2024\/07\/IMG-20240726-WA0006-180x135.jpg 180w, https:\/\/www.thevisitorpanama.info\/esp\/wp-content\/uploads\/2024\/07\/IMG-20240726-WA0006-238x178.jpg 238w\" sizes=\"(max-width: 1448px) 100vw, 1448px\" \/><\/figure>\n\n\n\n<p>Para el mes de septiembre tambi\u00e9n tienen programado el Panam\u00e1 Travel Mart, celebrado en la ciudad de David, Chiriqu\u00ed, en el que se esperan transacciones comerciales, ruedas de negocios y la reuni\u00f3n de los principales proveedores del servicio tur\u00edstico del pa\u00eds.<\/p>\n\n\n\n<p>Adem\u00e1s, contar\u00e1 con la participaci\u00f3n de m\u00e1s de 40 compradores internacionales de Am\u00e9rica y Europa. Los organizadores han programado actividades como tour a compradores y sesiones de networking.<\/p>\n\n\n\n<p>\u201cTenemos 45 mesas para vendedores paname\u00f1os para intercambios comerciales con mayoristas de Canad\u00e1 Europa, M\u00e9xico, Estados Unidos, Colombia, Brasil y Argentina. Arranca el 25 de septiembre y antes de eso tenemos \u2018pre-tour\u2019 que se van a desarrollar en toda la provincia de Chiriqu\u00ed y parte de Bocas del Toro, para que el impacto econ\u00f3mico del turismo, no solamente alrededor de la ciudad y las playas, sino que se pueda mover en todo el pa\u00eds, empujando la creaci\u00f3n de nuevos productos\u201d, manifest\u00f3 Ernesto Orillac, expresidente de la C\u00e1mara de Turismo.<\/p>\n\n\n\n<figure class=\"wp-block-image size-full\"><img decoding=\"async\" loading=\"lazy\" width=\"1086\" height=\"1448\" src=\"https:\/\/www.thevisitorpanama.info\/esp\/wp-content\/uploads\/2024\/07\/IMG-20240726-WA0005.jpg\" alt=\"\" class=\"wp-image-16364\" srcset=\"https:\/\/www.thevisitorpanama.info\/esp\/wp-content\/uploads\/2024\/07\/IMG-20240726-WA0005.jpg 1086w, https:\/\/www.thevisitorpanama.info\/esp\/wp-content\/uploads\/2024\/07\/IMG-20240726-WA0005-768x1024.jpg 768w\" sizes=\"(max-width: 1086px) 100vw, 1086px\" \/><\/figure>\n\n\n\n<p>Los d\u00edas 26 y 27 de septiembre se iniciar\u00e1 la Convenci\u00f3n Nacional de Turismo (Conatur), que por primera vez tiene como sede la provincia de Chiriqu\u00ed. Se realizar\u00e1 en Federal Mall y reunir\u00e1 a los m\u00e1s destacados l\u00edderes de la industria del turismo en Panam\u00e1, representando al sector p\u00fablico, privado y acad\u00e9mico para un intercambio de ideas y experiencia en materia de turismo.<\/p>\n\n\n\n<p>La m\u00e1s gran de convenci\u00f3n de turismo a nivel nacional contar\u00e1 con conferencias, ruedas de negocios, talleres y exposici\u00f3n comercial. Y tienen planeada la participaci\u00f3n de conferencistas internacionales de alto nivel, de Colombia, Espa\u00f1a y Costa Rica.<\/p>\n\n\n\n<p>Dentro del marco de Conatur, y de manera simult\u00e1nea, el d\u00eda 27 de septiembre se llevar\u00e1 a cabo la segunda Cumbre Nacional de Turismo, la cual re\u00fane en una sola mesa a los actores de la industria con el prop\u00f3sito de aportar y discutir estrategias para el desarrollo y la promoci\u00f3n del turismo en Panam\u00e1.<\/p>\n\n\n\n<figure class=\"wp-block-image size-full\"><img decoding=\"async\" loading=\"lazy\" width=\"1086\" height=\"1448\" src=\"https:\/\/www.thevisitorpanama.info\/esp\/wp-content\/uploads\/2024\/07\/IMG-20240726-WA0008.jpg\" alt=\"\" class=\"wp-image-16365\" srcset=\"https:\/\/www.thevisitorpanama.info\/esp\/wp-content\/uploads\/2024\/07\/IMG-20240726-WA0008.jpg 1086w, https:\/\/www.thevisitorpanama.info\/esp\/wp-content\/uploads\/2024\/07\/IMG-20240726-WA0008-768x1024.jpg 768w\" sizes=\"(max-width: 1086px) 100vw, 1086px\" \/><\/figure>\n\n\n\n<p>\u201cLos presidentes de asociaciones y de las c\u00e1maras debidamente constituidas podr\u00e1n presentar cuales son los deseos, necesidades y aportes que tiene esta regi\u00f3n\u201d, expres\u00f3 Luis Ricardo Mart\u00ednez, vicepresidente de Camtur.<\/p>\n\n\n\n<p>Este a\u00f1o se contar\u00e1 con el administrador del Canal de Panam\u00e1 Ricaurte V\u00e1squez, quien tendr\u00e1 una ponencia en esta actividad; al igual que el ministro de Ambiente Juan Carlos Navarro.<\/p>\n\n\n\n<p>Para octubre destacaron la cumbre mundial de turismo de aventura \u201cAdventure Travel World Summit\u201d, que ser\u00e1 del 7 al 10 de octubre, en el Panam\u00e1 Convention Center con m\u00e1s de 800 operadores tur\u00edsticos, representantes de destinos, escritores de viajes de aventura y l\u00edderes de opini\u00f3n de todo el mundo, quienes se reunir\u00e1n en nuestro pa\u00eds para explorar tendencias del turismo de aventura.<\/p>\n\n\n\n<p>\u201cLa cumbre mundial es un evento internacional global como la olimpiada del turismo de aventura y naturaleza. Tambi\u00e9n expoturismo, turismo comunitario, sostenible, de naturaleza, de experiencia y a veces de lujo. Es una cumbre muy potente y ser\u00e1 la primera vez en la historia de Adventure Travel Trade Association (ATTA), en 20 a\u00f1os, que vamos hacer un evento en Centroam\u00e9rica\u201d, detall\u00f3 Gabriela Stowell, vicepresidenta de ATTA.<\/p>\n","protected":false},"excerpt":{"rendered":"<p>La C\u00e1mara Nacional de Turismo de Panam\u00e1 inform\u00f3 este viernes, 26 de julio, sobre las actividades programadas para atraer a los turistas en el \u00faltimo semestre del a\u00f1o. La temporada iniciar\u00e1 en agosto con el cuarto concurso de polleras 2024, que se realizar\u00e1 el 10 de agosto en el centro comercial Albrook Mall. \u201cTenemos m\u00e1s [&hellip;]<\/p>\n","protected":false},"author":1,"featured_media":16362,"comment_status":"open","ping_status":"open","sticky":false,"template":"","format":"standard","meta":[],"categories":[44],"tags":[],"_links":{"self":[{"href":"https:\/\/www.thevisitorpanama.info\/esp\/wp-json\/wp\/v2\/posts\/16361"}],"collection":[{"href":"https:\/\/www.thevisitorpanama.info\/esp\/wp-json\/wp\/v2\/posts"}],"about":[{"href":"https:\/\/www.thevisitorpanama.info\/esp\/wp-json\/wp\/v2\/types\/post"}],"author":[{"embeddable":true,"href":"https:\/\/www.thevisitorpanama.info\/esp\/wp-json\/wp\/v2\/users\/1"}],"replies":[{"embeddable":true,"href":"https:\/\/www.thevisitorpanama.info\/esp\/wp-json\/wp\/v2\/comments?post=16361"}],"version-history":[{"count":1,"href":"https:\/\/www.thevisitorpanama.info\/esp\/wp-json\/wp\/v2\/posts\/16361\/revisions"}],"predecessor-version":[{"id":16366,"href":"https:\/\/www.thevisitorpanama.info\/esp\/wp-json\/wp\/v2\/posts\/16361\/revisions\/16366"}],"wp:featuredmedia":[{"embeddable":true,"href":"https:\/\/www.thevisitorpanama.info\/esp\/wp-json\/wp\/v2\/media\/16362"}],"wp:attachment":[{"href":"https:\/\/www.thevisitorpanama.info\/esp\/wp-json\/wp\/v2\/media?parent=16361"}],"wp:term":[{"taxonomy":"category","embeddable":true,"href":"https:\/\/www.thevisitorpanama.info\/esp\/wp-json\/wp\/v2\/categories?post=16361"},{"taxonomy":"post_tag","embeddable":true,"href":"https:\/\/www.thevisitorpanama.info\/esp\/wp-json\/wp\/v2\/tags?post=16361"}],"curies":[{"name":"wp","href":"https:\/\/api.w.org\/{rel}","templated":true}]}}