{"id":16181,"date":"2024-07-04T17:54:54","date_gmt":"2024-07-04T22:54:54","guid":{"rendered":"https:\/\/www.thevisitorpanama.info\/esp\/?p=16181"},"modified":"2024-07-04T17:55:14","modified_gmt":"2024-07-04T22:55:14","slug":"la-feria-internacional-del-libro-de-panama-se-realizara-del-13-al-18-de-agosto-y-tendra-de-pais-inivtado-a-espana","status":"publish","type":"post","link":"https:\/\/www.thevisitorpanama.info\/esp\/2024\/07\/04\/la-feria-internacional-del-libro-de-panama-se-realizara-del-13-al-18-de-agosto-y-tendra-de-pais-inivtado-a-espana\/","title":{"rendered":"La Feria Internacional del Libro de Panam\u00e1 se Realizar\u00e1 del 13 al 18 de Agosto y Tendr\u00e1 de Pa\u00eds Inivtado a Espa\u00f1a"},"content":{"rendered":"\n<p>La Feria Internacional-del-Libro de Panam\u00e1 regresa este a\u00f1o para su vig\u00e9sima edici\u00f3n, consolid\u00e1ndose como el evento cultural m\u00e1s importante del pa\u00eds. Con fecha programada del 13 al 18 de agosto, la feria se llevar\u00e1 a cabo en el Centro de Convenciones Atlapa, con Espa\u00f1a como pa\u00eds invitado de honor, bajo el lema \u201cEl lenguaje que nos abraza\u201d.<\/p>\n\n\n\n<p>Este evento es una cita obligada para los amantes de la literatura y promete una experiencia enriquecedora con la participaci\u00f3n de escritores de renombre internacional, autores locales, y una gran variedad de editoriales. Entre los escritores internacionales confirmados para la feria se encuentran Aiden Thomas, Rodrigo Narv\u00e1ez, Yesenia Then, y Nacarid Portal.<\/p>\n\n\n\n<p>La feria abarca diferentes g\u00e9neros y segmentos, desde literatura infantil hasta poes\u00eda contempor\u00e1nea, con \u00e1reas dedicadas a cada grupo de edad y preferencias literarias. Entre las secciones destacadas se encuentran el &#8220;Aprendizaje al despegue&#8221;, enfocado en actividades para estudiantes; &#8220;Rinc\u00f3n Z&#8221;, destinado a ni\u00f1os de 3 a 12 a\u00f1os; y &#8220;Parking del c\u00f3mic&#8221;, dise\u00f1ado para j\u00f3venes de 13 a 25 a\u00f1os.<\/p>\n\n\n\n<p>En esta edici\u00f3n tambi\u00e9n habr\u00e1 una gran cantidad de actividades culturales y recreativas, incluyendo presentaciones de m\u00fasica, teatro y danza en el &#8220;Rinc\u00f3n cultural&#8221;, as\u00ed como la presentaci\u00f3n de escritores emergentes en el espacio &#8220;Nuevas voces&#8221;. El proceso de selecci\u00f3n para este \u00faltimo ser\u00e1 a trav\u00e9s de una convocatoria abierta y un jurado especializado.<\/p>\n\n\n\n<p>Adem\u00e1s, la feria explorar\u00e1 temas de relevancia social y cultural, con debates y conferencias que abordar\u00e1n cuestiones como los derechos humanos, la diversidad de g\u00e9nero, la educaci\u00f3n intercultural, la cultura afrodescendiente, y el cambio clim\u00e1tico. En el aspecto literario, se debatir\u00e1 sobre la inteligencia artificial y su papel en la preservaci\u00f3n del patrimonio literario.<\/p>\n\n\n\n<p>La Feria Internacional del Libro de Panam\u00e1 2024 ofrece una oportunidad \u00fanica para sumergirse en el mundo de la literatura, conectarse con autores y participar en debates sobre temas cruciales para la sociedad. Se espera una gran asistencia y el ambiente vibrante de siempre en esta celebraci\u00f3n literaria, donde la pasi\u00f3n por las palabras y la cultura se unen para crear una experiencia inolvidable.<\/p>\n","protected":false},"excerpt":{"rendered":"<p>La Feria Internacional-del-Libro de Panam\u00e1 regresa este a\u00f1o para su vig\u00e9sima edici\u00f3n, consolid\u00e1ndose como el evento cultural m\u00e1s importante del pa\u00eds. Con fecha programada del 13 al 18 de agosto, la feria se llevar\u00e1 a cabo en el Centro de Convenciones Atlapa, con Espa\u00f1a como pa\u00eds invitado de honor, bajo el lema \u201cEl lenguaje que [&hellip;]<\/p>\n","protected":false},"author":1,"featured_media":16182,"comment_status":"open","ping_status":"open","sticky":false,"template":"","format":"standard","meta":[],"categories":[44],"tags":[],"_links":{"self":[{"href":"https:\/\/www.thevisitorpanama.info\/esp\/wp-json\/wp\/v2\/posts\/16181"}],"collection":[{"href":"https:\/\/www.thevisitorpanama.info\/esp\/wp-json\/wp\/v2\/posts"}],"about":[{"href":"https:\/\/www.thevisitorpanama.info\/esp\/wp-json\/wp\/v2\/types\/post"}],"author":[{"embeddable":true,"href":"https:\/\/www.thevisitorpanama.info\/esp\/wp-json\/wp\/v2\/users\/1"}],"replies":[{"embeddable":true,"href":"https:\/\/www.thevisitorpanama.info\/esp\/wp-json\/wp\/v2\/comments?post=16181"}],"version-history":[{"count":1,"href":"https:\/\/www.thevisitorpanama.info\/esp\/wp-json\/wp\/v2\/posts\/16181\/revisions"}],"predecessor-version":[{"id":16183,"href":"https:\/\/www.thevisitorpanama.info\/esp\/wp-json\/wp\/v2\/posts\/16181\/revisions\/16183"}],"wp:featuredmedia":[{"embeddable":true,"href":"https:\/\/www.thevisitorpanama.info\/esp\/wp-json\/wp\/v2\/media\/16182"}],"wp:attachment":[{"href":"https:\/\/www.thevisitorpanama.info\/esp\/wp-json\/wp\/v2\/media?parent=16181"}],"wp:term":[{"taxonomy":"category","embeddable":true,"href":"https:\/\/www.thevisitorpanama.info\/esp\/wp-json\/wp\/v2\/categories?post=16181"},{"taxonomy":"post_tag","embeddable":true,"href":"https:\/\/www.thevisitorpanama.info\/esp\/wp-json\/wp\/v2\/tags?post=16181"}],"curies":[{"name":"wp","href":"https:\/\/api.w.org\/{rel}","templated":true}]}}