{"id":16177,"date":"2024-07-03T11:18:01","date_gmt":"2024-07-03T16:18:01","guid":{"rendered":"https:\/\/www.thevisitorpanama.info\/esp\/?p=16177"},"modified":"2024-07-03T20:59:18","modified_gmt":"2024-07-04T01:59:18","slug":"festival-alfredo-de-saint-malo-tendra-12-dias-de-conciertos-y-actividades-en-panama-y-chiriqui","status":"publish","type":"post","link":"https:\/\/www.thevisitorpanama.info\/esp\/2024\/07\/03\/festival-alfredo-de-saint-malo-tendra-12-dias-de-conciertos-y-actividades-en-panama-y-chiriqui\/","title":{"rendered":"Festival &#8216;Alfredo De Saint Malo&#8217; Tendr\u00e1 12 D\u00edas de Conciertos y Talleres en Panam\u00e1 y Chiriqu\u00ed"},"content":{"rendered":"\n<p>Este gran intercambio cultural y art\u00edstico se realizar\u00e1 del 17 al 28 de julio.<\/p>\n\n\n\n<p>Todo est\u00e1 listo para la edici\u00f3n 2024 del Festival Internacional de M\u00fasica Acad\u00e9mica Alfredo De Saint Malo (ASMF), organizado por la Fundaci\u00f3n Sinfon\u00eda Concertante de Panam\u00e1 (FUNSINCOPA).<\/p>\n\n\n\n<p>Este gran intercambio cultural y art\u00edstico, que busca reunir e impactar alrededor de500 artistas, ni\u00f1os, j\u00f3venes, m\u00fasicos nacionales e internacionales, durante 12 d\u00edas de conciertos. <\/p>\n\n\n\n<p>La sede acad\u00e9mica ser\u00e1 la Ciudad de las Artes, con conciertos tambi\u00e9n en sitios como la Biblioteca Nacional, la Biblioteca de Boquete, el Teatro Balboa, el Teatro Nacional y el Parlamento Latinoamericano y del Caribe.<\/p>\n\n\n\n<p>En esta ocasi\u00f3n, se presentar\u00e1n unos 30 conciertos de gala y did\u00e1cticos en la ciudad capital y en la provincia de Chiriqu\u00ed. <\/p>\n\n\n\n<p>Contar\u00e1n con la participaci\u00f3n de aproximadamente 40 artistas extranjeros, junto a la prestigiosa Camerata M\u00fasica Eterna de Cuba, bajo la direcci\u00f3n del Maestro Guido L\u00f3pez-Gavil\u00e1n. <\/p>\n\n\n\n<p>Este a\u00f1o el compositor en residencia invitado es el maestro Ricardo Risco, compositor, director de orquesta y pedagogo que est\u00e1 celebrando sus 40 a\u00f1os de labor creativa.<\/p>\n\n\n\n<p>Para esta XVIII edici\u00f3n del festival estrenar\u00e1n un documental que honra la vida y legado del Maestro Alfredo De Saint Malo, el destacado violinista paname\u00f1o que llev\u00f3 el nombre de nuestro pa\u00eds a lo m\u00e1s alto y cuyo nombre honra este Festival. Su carrera excepcional incluy\u00f3 actuaciones en importantes teatros de Europa y Estados Unidos, tocando en violines Guarnieri y Stradivarius, exclusivos de m\u00fasicos de \u00e9lite.<\/p>\n\n\n\n<p>Durante el Festival, se ofrecer\u00e1n clases magistrales, conferencias y seminarios para enriquecer la experiencia educativa de los participantes y aficionados.<\/p>\n\n\n\n<p>Desde violinistas hasta pianistas, trompetistas, saxofonistas, trombonistas, flautistas, chelistas y fagotistas, maestros de todos los instrumentos se unir\u00e1n para enriquecer el escenario musical y educativo que ofrece Panam\u00e1.<\/p>\n\n\n\n<p>La participaci\u00f3n de artistas nacionales y extranjeros posiciona a Panam\u00e1 como un destacado centro internacional de m\u00fasica acad\u00e9mica.<\/p>\n\n\n\n<p>Durante los 12 d\u00edas del ASMF 2024 se desarrollar\u00e1n intensivos ensayos de orquesta, interactuando estrechamente con la comunidad musical local y el p\u00fablico, logrando intercambios para desarrollo profesional de nuestros m\u00fasicos e impactando positivamente el turismo cultural y la econom\u00eda de Panam\u00e1.<\/p>\n\n\n\n<p>Se ofrecer\u00e1n m\u00e1s de 200 horas de clases maestras, talleres y ensayos de m\u00fasica y se conformar\u00e1 una gran orquesta encargada de dar el concierto de cierre, dirigida por el maestro Camilo Telles y la solista Rachel Barton Pine.<\/p>\n\n\n\n<p>Entradas<\/p>\n\n\n\n<p>Con el fin de fomentar la cultura musical y dar a conocer el valioso talento del pa\u00eds y la integraci\u00f3n art\u00edstica internacional, la venta de boletos para los conciertos estar\u00e1 disponibles en Ticketplus y Tustiquetes. Los precios oscilan entre $15 hasta $30 dependiendo del concierto y la ubicaci\u00f3n.<\/p>\n","protected":false},"excerpt":{"rendered":"<p>Este gran intercambio cultural y art\u00edstico se realizar\u00e1 del 17 al 28 de julio. Todo est\u00e1 listo para la edici\u00f3n 2024 del Festival Internacional de M\u00fasica Acad\u00e9mica Alfredo De Saint Malo (ASMF), organizado por la Fundaci\u00f3n Sinfon\u00eda Concertante de Panam\u00e1 (FUNSINCOPA). Este gran intercambio cultural y art\u00edstico, que busca reunir e impactar alrededor de500 artistas, [&hellip;]<\/p>\n","protected":false},"author":1,"featured_media":16179,"comment_status":"open","ping_status":"open","sticky":false,"template":"","format":"standard","meta":[],"categories":[69],"tags":[],"_links":{"self":[{"href":"https:\/\/www.thevisitorpanama.info\/esp\/wp-json\/wp\/v2\/posts\/16177"}],"collection":[{"href":"https:\/\/www.thevisitorpanama.info\/esp\/wp-json\/wp\/v2\/posts"}],"about":[{"href":"https:\/\/www.thevisitorpanama.info\/esp\/wp-json\/wp\/v2\/types\/post"}],"author":[{"embeddable":true,"href":"https:\/\/www.thevisitorpanama.info\/esp\/wp-json\/wp\/v2\/users\/1"}],"replies":[{"embeddable":true,"href":"https:\/\/www.thevisitorpanama.info\/esp\/wp-json\/wp\/v2\/comments?post=16177"}],"version-history":[{"count":2,"href":"https:\/\/www.thevisitorpanama.info\/esp\/wp-json\/wp\/v2\/posts\/16177\/revisions"}],"predecessor-version":[{"id":16180,"href":"https:\/\/www.thevisitorpanama.info\/esp\/wp-json\/wp\/v2\/posts\/16177\/revisions\/16180"}],"wp:featuredmedia":[{"embeddable":true,"href":"https:\/\/www.thevisitorpanama.info\/esp\/wp-json\/wp\/v2\/media\/16179"}],"wp:attachment":[{"href":"https:\/\/www.thevisitorpanama.info\/esp\/wp-json\/wp\/v2\/media?parent=16177"}],"wp:term":[{"taxonomy":"category","embeddable":true,"href":"https:\/\/www.thevisitorpanama.info\/esp\/wp-json\/wp\/v2\/categories?post=16177"},{"taxonomy":"post_tag","embeddable":true,"href":"https:\/\/www.thevisitorpanama.info\/esp\/wp-json\/wp\/v2\/tags?post=16177"}],"curies":[{"name":"wp","href":"https:\/\/api.w.org\/{rel}","templated":true}]}}