{"id":16122,"date":"2024-06-18T13:44:57","date_gmt":"2024-06-18T18:44:57","guid":{"rendered":"https:\/\/www.thevisitorpanama.info\/esp\/?p=16122"},"modified":"2024-06-18T13:49:07","modified_gmt":"2024-06-18T18:49:07","slug":"camara-de-turismo-gastronomico-firma-acuerdo-de-integracion-con-camtur","status":"publish","type":"post","link":"https:\/\/www.thevisitorpanama.info\/esp\/2024\/06\/18\/camara-de-turismo-gastronomico-firma-acuerdo-de-integracion-con-camtur\/","title":{"rendered":"C\u00e1mara de Turismo Gastron\u00f3mico Firma Acuerdo de Integraci\u00f3n con CAMTUR"},"content":{"rendered":"\n<p>Con el objetivo de integrar a los gremios del turismo a nivel nacional y a entidades p\u00fablicas y privadas, la C\u00e1mara Nacional de Turismo firma un acuerdo de intenci\u00f3n con la C\u00e1mara de Turismo Gastron\u00f3mico con el fin de consolidar esfuerzos para el beneficio del turismo gastron\u00f3mico y cultural, en nuestro pa\u00eds.<\/p>\n\n\n\n<figure class=\"wp-block-image size-full\"><img decoding=\"async\" loading=\"lazy\" width=\"1448\" height=\"1086\" src=\"https:\/\/www.thevisitorpanama.info\/esp\/wp-content\/uploads\/2024\/06\/IMG-20240618-WA0018.jpg\" alt=\"\" class=\"wp-image-16125\" srcset=\"https:\/\/www.thevisitorpanama.info\/esp\/wp-content\/uploads\/2024\/06\/IMG-20240618-WA0018.jpg 1448w, https:\/\/www.thevisitorpanama.info\/esp\/wp-content\/uploads\/2024\/06\/IMG-20240618-WA0018-768x576.jpg 768w, https:\/\/www.thevisitorpanama.info\/esp\/wp-content\/uploads\/2024\/06\/IMG-20240618-WA0018-80x60.jpg 80w, https:\/\/www.thevisitorpanama.info\/esp\/wp-content\/uploads\/2024\/06\/IMG-20240618-WA0018-100x75.jpg 100w, https:\/\/www.thevisitorpanama.info\/esp\/wp-content\/uploads\/2024\/06\/IMG-20240618-WA0018-180x135.jpg 180w, https:\/\/www.thevisitorpanama.info\/esp\/wp-content\/uploads\/2024\/06\/IMG-20240618-WA0018-238x178.jpg 238w\" sizes=\"(max-width: 1448px) 100vw, 1448px\" \/><\/figure>\n\n\n\n<p><br>Este convenio, que ser\u00e1 firmado por la Sra. Ximena Vallarino Lewis por parte de la C\u00e1mara de Turismo Gastron\u00f3mico y por CAMTUR el Sr. Luis Ricardo Mart\u00ednez, Vicepresidente de la Junta Directiva; busca asegurar la representaci\u00f3n y visibilidad de todos los sectores del turismo y en este caso el gastron\u00f3mico.<\/p>\n\n\n\n<figure class=\"wp-block-image size-full\"><img decoding=\"async\" loading=\"lazy\" width=\"1402\" height=\"1052\" src=\"https:\/\/www.thevisitorpanama.info\/esp\/wp-content\/uploads\/2024\/06\/Compress_20240618_134630_0692.jpg\" alt=\"\" class=\"wp-image-16127\" srcset=\"https:\/\/www.thevisitorpanama.info\/esp\/wp-content\/uploads\/2024\/06\/Compress_20240618_134630_0692.jpg 1402w, https:\/\/www.thevisitorpanama.info\/esp\/wp-content\/uploads\/2024\/06\/Compress_20240618_134630_0692-768x576.jpg 768w, https:\/\/www.thevisitorpanama.info\/esp\/wp-content\/uploads\/2024\/06\/Compress_20240618_134630_0692-80x60.jpg 80w, https:\/\/www.thevisitorpanama.info\/esp\/wp-content\/uploads\/2024\/06\/Compress_20240618_134630_0692-100x75.jpg 100w, https:\/\/www.thevisitorpanama.info\/esp\/wp-content\/uploads\/2024\/06\/Compress_20240618_134630_0692-180x135.jpg 180w, https:\/\/www.thevisitorpanama.info\/esp\/wp-content\/uploads\/2024\/06\/Compress_20240618_134630_0692-238x178.jpg 238w\" sizes=\"(max-width: 1402px) 100vw, 1402px\" \/><\/figure>\n\n\n\n<p><br>El turismo gastron\u00f3mico enfatiza en que no solo se trata de disfrutar de la comida local, sino de sumergirse en la rica cultura culinaria de Panam\u00e1 a trav\u00e9s de eventos, tours agr\u00edcolas y la integraci\u00f3n con las comunidades locales.<\/p>\n\n\n\n<figure class=\"wp-block-image size-full\"><img decoding=\"async\" loading=\"lazy\" width=\"1448\" height=\"1086\" src=\"https:\/\/www.thevisitorpanama.info\/esp\/wp-content\/uploads\/2024\/06\/IMG-20240618-WA0013.jpg\" alt=\"\" class=\"wp-image-16128\" srcset=\"https:\/\/www.thevisitorpanama.info\/esp\/wp-content\/uploads\/2024\/06\/IMG-20240618-WA0013.jpg 1448w, https:\/\/www.thevisitorpanama.info\/esp\/wp-content\/uploads\/2024\/06\/IMG-20240618-WA0013-768x576.jpg 768w, https:\/\/www.thevisitorpanama.info\/esp\/wp-content\/uploads\/2024\/06\/IMG-20240618-WA0013-80x60.jpg 80w, https:\/\/www.thevisitorpanama.info\/esp\/wp-content\/uploads\/2024\/06\/IMG-20240618-WA0013-100x75.jpg 100w, https:\/\/www.thevisitorpanama.info\/esp\/wp-content\/uploads\/2024\/06\/IMG-20240618-WA0013-180x135.jpg 180w, https:\/\/www.thevisitorpanama.info\/esp\/wp-content\/uploads\/2024\/06\/IMG-20240618-WA0013-238x178.jpg 238w\" sizes=\"(max-width: 1448px) 100vw, 1448px\" \/><\/figure>\n\n\n\n<p><br>La nueva C\u00e1mara de Turismo Gastron\u00f3mico fomentar\u00e1 un intercambio constante de conocimientos y pr\u00e1cticas para un impacto sostenible en el tiempo entre lideres comunitarios y empresas. @Turigastropa como se puede ubicar en Instagram, est\u00e1 desarrollando un plan estrat\u00e9gico participativo, para establecer objetivos a corto y largo plazo, promoviendo el patrimonio culinario de Panam\u00e1, apoyando a los negocios locales, para la atracci\u00f3n de turistas gastron\u00f3micos, organizando eventos educativos y colaborativos.<\/p>\n\n\n\n<figure class=\"wp-block-image size-full is-resized\"><img decoding=\"async\" loading=\"lazy\" src=\"https:\/\/www.thevisitorpanama.info\/esp\/wp-content\/uploads\/2024\/06\/IMG-20240618-WA0012.jpg\" alt=\"\" class=\"wp-image-16129\" width=\"516\" height=\"399\"\/><\/figure>\n","protected":false},"excerpt":{"rendered":"<p>Con el objetivo de integrar a los gremios del turismo a nivel nacional y a entidades p\u00fablicas y privadas, la C\u00e1mara Nacional de Turismo firma un acuerdo de intenci\u00f3n con la C\u00e1mara de Turismo Gastron\u00f3mico con el fin de consolidar esfuerzos para el beneficio del turismo gastron\u00f3mico y cultural, en nuestro pa\u00eds. Este convenio, que [&hellip;]<\/p>\n","protected":false},"author":1,"featured_media":16124,"comment_status":"open","ping_status":"open","sticky":false,"template":"","format":"standard","meta":[],"categories":[44],"tags":[],"_links":{"self":[{"href":"https:\/\/www.thevisitorpanama.info\/esp\/wp-json\/wp\/v2\/posts\/16122"}],"collection":[{"href":"https:\/\/www.thevisitorpanama.info\/esp\/wp-json\/wp\/v2\/posts"}],"about":[{"href":"https:\/\/www.thevisitorpanama.info\/esp\/wp-json\/wp\/v2\/types\/post"}],"author":[{"embeddable":true,"href":"https:\/\/www.thevisitorpanama.info\/esp\/wp-json\/wp\/v2\/users\/1"}],"replies":[{"embeddable":true,"href":"https:\/\/www.thevisitorpanama.info\/esp\/wp-json\/wp\/v2\/comments?post=16122"}],"version-history":[{"count":2,"href":"https:\/\/www.thevisitorpanama.info\/esp\/wp-json\/wp\/v2\/posts\/16122\/revisions"}],"predecessor-version":[{"id":16130,"href":"https:\/\/www.thevisitorpanama.info\/esp\/wp-json\/wp\/v2\/posts\/16122\/revisions\/16130"}],"wp:featuredmedia":[{"embeddable":true,"href":"https:\/\/www.thevisitorpanama.info\/esp\/wp-json\/wp\/v2\/media\/16124"}],"wp:attachment":[{"href":"https:\/\/www.thevisitorpanama.info\/esp\/wp-json\/wp\/v2\/media?parent=16122"}],"wp:term":[{"taxonomy":"category","embeddable":true,"href":"https:\/\/www.thevisitorpanama.info\/esp\/wp-json\/wp\/v2\/categories?post=16122"},{"taxonomy":"post_tag","embeddable":true,"href":"https:\/\/www.thevisitorpanama.info\/esp\/wp-json\/wp\/v2\/tags?post=16122"}],"curies":[{"name":"wp","href":"https:\/\/api.w.org\/{rel}","templated":true}]}}