{"id":15947,"date":"2024-05-21T20:28:13","date_gmt":"2024-05-22T01:28:13","guid":{"rendered":"https:\/\/www.thevisitorpanama.info\/esp\/?p=15947"},"modified":"2024-05-21T20:35:02","modified_gmt":"2024-05-22T01:35:02","slug":"realizan-evento-para-entregar-reconocimientos-a-embajadores-y-consules-de-paises-personas-que-apoyaron-sabores-solidarios-2024","status":"publish","type":"post","link":"https:\/\/www.thevisitorpanama.info\/esp\/2024\/05\/21\/realizan-evento-para-entregar-reconocimientos-a-embajadores-y-consules-de-paises-personas-que-apoyaron-sabores-solidarios-2024\/","title":{"rendered":"Entregan Reconocimientos a Embajadores y C\u00f3nsules de Pa\u00edses que Apoyaron el Evento Sabores Solidarios 2024"},"content":{"rendered":"\n<p>En el Hotel Intercontinental Miramar, la Asociaci\u00f3n Diplom\u00e1tica en Panam\u00e1 (ADP) celebr\u00f3 su Asamblea General de mayo el pasado viernes, ante la presencia de sus socios y representantes de las embajadas participantes de Sabores Solidarios 2024.<\/p>\n\n\n\n<figure class=\"wp-block-image size-full\"><img decoding=\"async\" loading=\"lazy\" width=\"2016\" height=\"1512\" src=\"https:\/\/www.thevisitorpanama.info\/esp\/wp-content\/uploads\/2024\/05\/Compress_20240521_203106_6014.jpg\" alt=\"\" class=\"wp-image-15953\" srcset=\"https:\/\/www.thevisitorpanama.info\/esp\/wp-content\/uploads\/2024\/05\/Compress_20240521_203106_6014.jpg 2016w, https:\/\/www.thevisitorpanama.info\/esp\/wp-content\/uploads\/2024\/05\/Compress_20240521_203106_6014-768x576.jpg 768w, https:\/\/www.thevisitorpanama.info\/esp\/wp-content\/uploads\/2024\/05\/Compress_20240521_203106_6014-1536x1152.jpg 1536w, https:\/\/www.thevisitorpanama.info\/esp\/wp-content\/uploads\/2024\/05\/Compress_20240521_203106_6014-80x60.jpg 80w, https:\/\/www.thevisitorpanama.info\/esp\/wp-content\/uploads\/2024\/05\/Compress_20240521_203106_6014-100x75.jpg 100w, https:\/\/www.thevisitorpanama.info\/esp\/wp-content\/uploads\/2024\/05\/Compress_20240521_203106_6014-180x135.jpg 180w, https:\/\/www.thevisitorpanama.info\/esp\/wp-content\/uploads\/2024\/05\/Compress_20240521_203106_6014-238x178.jpg 238w\" sizes=\"(max-width: 2016px) 100vw, 2016px\" \/><\/figure>\n\n\n\n<p>El festival internacional de gastronom\u00eda y cultura cont\u00f3 con el apoyo de 20 pa\u00edses -incluyendo Panam\u00e1- que ofrecieron sus comidas y bebidas tradicionales, a la vez que, presentaron a sus artistas colmando la jornada de luz, color, danzas t\u00edpicas y conciertos. Todos unidos en una misi\u00f3n, recaudar fondos para continuar financiando el Programa \u201cLuz para la Educaci\u00f3n\u201d.<\/p>\n\n\n\n<figure class=\"wp-block-image size-full is-resized\"><img decoding=\"async\" loading=\"lazy\" src=\"https:\/\/www.thevisitorpanama.info\/esp\/wp-content\/uploads\/2024\/05\/Compress_20240521_203105_5056.jpg\" alt=\"\" class=\"wp-image-15955\" width=\"300\" height=\"291\"\/><\/figure>\n\n\n\n<p>Por todo el trabajo solidario llevado a cabo y por las donaciones efectuadas por las embajadas, se celebr\u00f3 un reconocimiento para embajadores, c\u00f3nsules y otros representantes de Argentina, Brasil, Chile, Colombia, Costa Rica, Cuba, Egipto, El Salvador, Guatemala, Honduras, Indonesia, Italia, Marruecos, M\u00e9xico, Paraguay, Per\u00fa, Rep\u00fablica Dominicana, Uruguay, Venezuela.<\/p>\n\n\n\n<figure class=\"wp-block-image size-full\"><img decoding=\"async\" loading=\"lazy\" width=\"947\" height=\"1640\" src=\"https:\/\/www.thevisitorpanama.info\/esp\/wp-content\/uploads\/2024\/05\/Compress_20240521_203105_5219.jpg\" alt=\"\" class=\"wp-image-15957\" srcset=\"https:\/\/www.thevisitorpanama.info\/esp\/wp-content\/uploads\/2024\/05\/Compress_20240521_203105_5219.jpg 947w, https:\/\/www.thevisitorpanama.info\/esp\/wp-content\/uploads\/2024\/05\/Compress_20240521_203105_5219-768x1330.jpg 768w, https:\/\/www.thevisitorpanama.info\/esp\/wp-content\/uploads\/2024\/05\/Compress_20240521_203105_5219-887x1536.jpg 887w\" sizes=\"(max-width: 947px) 100vw, 947px\" \/><\/figure>\n\n\n\n<p>Otro reconocimiento fue entregado a las autoridades de Bi Bank S.A. por su reciente donaci\u00f3n a la ADP para afianzar el mismo programa con el que la ADP dona paneles solares a escuelas paname\u00f1as localizadas en \u00e1reas rurales de dif\u00edcil acceso y que no cuentan con servicio de electricidad. Asimismo, el encuentro fue propicio para despedir a la H.S. Patricia Ruiz de Vergara, al culminar la misi\u00f3n diplom\u00e1tica de su esposo en la Embajada de Per\u00fa en Panam\u00e1.<\/p>\n\n\n\n<figure class=\"wp-block-image size-full\"><img decoding=\"async\" loading=\"lazy\" width=\"1262\" height=\"1089\" src=\"https:\/\/www.thevisitorpanama.info\/esp\/wp-content\/uploads\/2024\/05\/Compress_20240521_203105_5375.jpg\" alt=\"\" class=\"wp-image-15958\" srcset=\"https:\/\/www.thevisitorpanama.info\/esp\/wp-content\/uploads\/2024\/05\/Compress_20240521_203105_5375.jpg 1262w, https:\/\/www.thevisitorpanama.info\/esp\/wp-content\/uploads\/2024\/05\/Compress_20240521_203105_5375-768x663.jpg 768w\" sizes=\"(max-width: 1262px) 100vw, 1262px\" \/><\/figure>\n\n\n\n<p>Finalizando la asamblea, miembros de la Junta Directiva expusieron los excelentes resultados del evento internacional y presentaron los pr\u00f3ximos proyectos que se desarrollar\u00e1n entre julio y agosto.<\/p>\n\n\n\n<figure class=\"wp-block-image size-full\"><img decoding=\"async\" loading=\"lazy\" width=\"1344\" height=\"756\" src=\"https:\/\/www.thevisitorpanama.info\/esp\/wp-content\/uploads\/2024\/05\/Compress_20240521_203105_5676.jpg\" alt=\"\" class=\"wp-image-15959\" srcset=\"https:\/\/www.thevisitorpanama.info\/esp\/wp-content\/uploads\/2024\/05\/Compress_20240521_203105_5676.jpg 1344w, https:\/\/www.thevisitorpanama.info\/esp\/wp-content\/uploads\/2024\/05\/Compress_20240521_203105_5676-768x432.jpg 768w\" sizes=\"(max-width: 1344px) 100vw, 1344px\" \/><\/figure>\n","protected":false},"excerpt":{"rendered":"<p>En el Hotel Intercontinental Miramar, la Asociaci\u00f3n Diplom\u00e1tica en Panam\u00e1 (ADP) celebr\u00f3 su Asamblea General de mayo el pasado viernes, ante la presencia de sus socios y representantes de las embajadas participantes de Sabores Solidarios 2024. El festival internacional de gastronom\u00eda y cultura cont\u00f3 con el apoyo de 20 pa\u00edses -incluyendo Panam\u00e1- que ofrecieron sus [&hellip;]<\/p>\n","protected":false},"author":1,"featured_media":15951,"comment_status":"open","ping_status":"open","sticky":false,"template":"","format":"standard","meta":[],"categories":[44],"tags":[],"_links":{"self":[{"href":"https:\/\/www.thevisitorpanama.info\/esp\/wp-json\/wp\/v2\/posts\/15947"}],"collection":[{"href":"https:\/\/www.thevisitorpanama.info\/esp\/wp-json\/wp\/v2\/posts"}],"about":[{"href":"https:\/\/www.thevisitorpanama.info\/esp\/wp-json\/wp\/v2\/types\/post"}],"author":[{"embeddable":true,"href":"https:\/\/www.thevisitorpanama.info\/esp\/wp-json\/wp\/v2\/users\/1"}],"replies":[{"embeddable":true,"href":"https:\/\/www.thevisitorpanama.info\/esp\/wp-json\/wp\/v2\/comments?post=15947"}],"version-history":[{"count":4,"href":"https:\/\/www.thevisitorpanama.info\/esp\/wp-json\/wp\/v2\/posts\/15947\/revisions"}],"predecessor-version":[{"id":15960,"href":"https:\/\/www.thevisitorpanama.info\/esp\/wp-json\/wp\/v2\/posts\/15947\/revisions\/15960"}],"wp:featuredmedia":[{"embeddable":true,"href":"https:\/\/www.thevisitorpanama.info\/esp\/wp-json\/wp\/v2\/media\/15951"}],"wp:attachment":[{"href":"https:\/\/www.thevisitorpanama.info\/esp\/wp-json\/wp\/v2\/media?parent=15947"}],"wp:term":[{"taxonomy":"category","embeddable":true,"href":"https:\/\/www.thevisitorpanama.info\/esp\/wp-json\/wp\/v2\/categories?post=15947"},{"taxonomy":"post_tag","embeddable":true,"href":"https:\/\/www.thevisitorpanama.info\/esp\/wp-json\/wp\/v2\/tags?post=15947"}],"curies":[{"name":"wp","href":"https:\/\/api.w.org\/{rel}","templated":true}]}}